{"id":588649,"date":"2025-12-09T13:46:17","date_gmt":"2025-12-09T13:46:17","guid":{"rendered":"https:\/\/www.europesays.com\/fr\/588649\/"},"modified":"2025-12-09T13:46:17","modified_gmt":"2025-12-09T13:46:17","slug":"lyon-un-enseignant-tente-de-mettre-fin-a-ses-jours-a-luniversite-la-police-intervient","status":"publish","type":"post","link":"https:\/\/www.europesays.com\/fr\/588649\/","title":{"rendered":"Lyon. Un enseignant tente de mettre fin \u00e0 ses jours \u00e0 l&rsquo;universit\u00e9, la police intervient"},"content":{"rendered":"<p>                    Par<br \/>\n        <strong><br \/>\n            <a href=\"https:\/\/actu.fr\/auteur\/anthony-soudani\" title=\"Consulter tous les articles de Anthony Soudani\" target=\"_blank\" rel=\"noopener\">Anthony Soudani<\/a><br \/>\n                    <\/strong><\/p>\n<p>        Publi\u00e9 le<\/p>\n<p>            9 d\u00e9c. 2025 \u00e0 14h15        <\/p>\n<p><strong>INFO ACTU LYON. <\/strong>Un enseignant vacataire a \u00e9t\u00e9 sauv\u00e9 in extremis par la <a href=\"https:\/\/actu.fr\/auvergne-rhone-alpes\/lyon_69123\/lyon-les-papys-dealers-reprennent-du-service-la-police-les-cueillent-a-leur-retour-d-espagne_63550208.html\" target=\"_blank\" rel=\"noopener\">police<\/a> alors qu\u2019il tentait de mettre fin \u00e0 ses jours au sein de l\u2019universit\u00e9 Lyon 3 dans le 7e arrondissement, lundi 8 d\u00e9cembre, vers 21h.<\/p>\n<p>    <a href=\"https:\/\/www.google.com\/maps\/embed?pb=!1m18!1m12!1m3!1d5568.2411344659085!2d4.827141093579092!3d45.748728799999995!2m3!1f0!2f0!3f0!3m2!1i1024!2i768!4f13.1!3m3!1m2!1s0x47f4ea48bb82a929%3A0x84b495ef64f28484!2sIUT%20Lyon%203!5e0!3m2!1sfr!2sfr!4v1765277513540!5m2!1sfr!2sfr\" title=\"Ouvrie le lien\" target=\"_blank\" rel=\"noopener\">Cliquez ici pour visualiser le contenu<\/a><\/p>\n<p>Retrouv\u00e9 \u00ab\u00a0somnolent\u00a0\u00bb en salle des professeurs<\/p>\n<p class=\" wall-content\">D\u2019apr\u00e8s nos informations, la police a \u00e9t\u00e9 alert\u00e9e dans la soir\u00e9e.<\/p>\n<p class=\" wall-content\">Les agents se sont rendus sur place pour rechercher l\u2019enseignant. La victime a \u00e9t\u00e9 retrouv\u00e9e par un policier dans <strong>la salle des professeurs du b\u00e2timent de l\u2019IUT<\/strong>, rue Pasteur. L\u2019enseignant se trouvait dans un \u00e9tat \u00ab\u00a0somnolent\u00a0\u00bb \u00e0 la suite d\u2019une absorption m\u00e9dicamenteuse.<\/p>\n<p>Ses jours ne sont pas en danger<\/p>\n<p class=\" wall-content\">Les sapeurs-pompiers du Rh\u00f4ne sont rapidement venus pour le transporter sans pronostic vital engag\u00e9 vers l\u2019h\u00f4pital Saint-Luc Saint-Joseph de <a href=\"https:\/\/actu.fr\/lyon\/\" target=\"_blank\" rel=\"noopener\">Lyon<\/a>. Ses jours ne sont pas en danger.\u00a0<\/p>\n<p class=\" wall-content\">Sollicit\u00e9e par actu Lyon, l\u2019universit\u00e9 Lyon 3 confirme l\u2019intervention de la police pour un \u00ab\u00a0enseignant vacataire en d\u00e9tresse\u00a0\u00bb et sa prise en charge par les secours.<\/p>\n<p>Si vous \u00eates en d\u00e9tresse et\/ou avez des pens\u00e9es suicidaires, si vous voulez aider une personne en souffrance, vous pouvez contacter le num\u00e9ro national de pr\u00e9vention du suicide, le 3114, accessible 24h\/24 et 7j\/7, gratuitement, en France enti\u00e8re.<br \/>Un professionnel du soin, sp\u00e9cifiquement form\u00e9 \u00e0 la pr\u00e9vention du suicide, sera \u00e0 votre \u00e9coute.<\/p>\n<p class=\" wall-content\">Personnalisez votre actualit\u00e9 en ajoutant vos villes et m\u00e9dias en favori avec <a href=\"https:\/\/moncompte.actu.fr\" title=\"D\u00e9couvez Mon Actu\" rel=\"nofollow noopener\" data-trk=\"{&quot;cta&quot;:{&quot;action&quot;:&quot;https:\\\/\\\/moncompte.actu.fr&quot;,&quot;category&quot;:&quot;mon compte&quot;,&quot;from&quot;:&quot;article footer&quot;,&quot;name&quot;:&quot;Mon actu&quot;,&quot;type&quot;:&quot;cta&quot;}}\" target=\"_blank\">Mon Actu<\/a>.<\/p>\n","protected":false},"excerpt":{"rendered":"Par Anthony Soudani Publi\u00e9 le 9 d\u00e9c. 2025 \u00e0 14h15 INFO ACTU LYON. Un enseignant vacataire a \u00e9t\u00e9&hellip;\n","protected":false},"author":2,"featured_media":588650,"comment_status":"","ping_status":"","sticky":false,"template":"","format":"standard","meta":{"footnotes":""},"categories":[1889],"tags":[1111,11,2430,1777,674,118,1011,27,2428,12,1072,1311,25],"class_list":{"0":"post-588649","1":"post","2":"type-post","3":"status-publish","4":"format-standard","5":"has-post-thumbnail","7":"category-lyon","8":"tag-actu","9":"tag-actualites","10":"tag-auvergne-rhone-alpes","11":"tag-eu","12":"tag-europe","13":"tag-faits-divers","14":"tag-fr","15":"tag-france","16":"tag-lyon","17":"tag-news","18":"tag-police","19":"tag-pompiers","20":"tag-republique-francaise"},"share_on_mastodon":{"url":"https:\/\/pubeurope.com\/@fr\/115689919850010430","error":""},"_links":{"self":[{"href":"https:\/\/www.europesays.com\/fr\/wp-json\/wp\/v2\/posts\/588649","targetHints":{"allow":["GET"]}}],"collection":[{"href":"https:\/\/www.europesays.com\/fr\/wp-json\/wp\/v2\/posts"}],"about":[{"href":"https:\/\/www.europesays.com\/fr\/wp-json\/wp\/v2\/types\/post"}],"author":[{"embeddable":true,"href":"https:\/\/www.europesays.com\/fr\/wp-json\/wp\/v2\/users\/2"}],"replies":[{"embeddable":true,"href":"https:\/\/www.europesays.com\/fr\/wp-json\/wp\/v2\/comments?post=588649"}],"version-history":[{"count":0,"href":"https:\/\/www.europesays.com\/fr\/wp-json\/wp\/v2\/posts\/588649\/revisions"}],"wp:featuredmedia":[{"embeddable":true,"href":"https:\/\/www.europesays.com\/fr\/wp-json\/wp\/v2\/media\/588650"}],"wp:attachment":[{"href":"https:\/\/www.europesays.com\/fr\/wp-json\/wp\/v2\/media?parent=588649"}],"wp:term":[{"taxonomy":"category","embeddable":true,"href":"https:\/\/www.europesays.com\/fr\/wp-json\/wp\/v2\/categories?post=588649"},{"taxonomy":"post_tag","embeddable":true,"href":"https:\/\/www.europesays.com\/fr\/wp-json\/wp\/v2\/tags?post=588649"}],"curies":[{"name":"wp","href":"https:\/\/api.w.org\/{rel}","templated":true}]}}