{"id":588655,"date":"2025-12-09T13:50:18","date_gmt":"2025-12-09T13:50:18","guid":{"rendered":"https:\/\/www.europesays.com\/fr\/588655\/"},"modified":"2025-12-09T13:50:18","modified_gmt":"2025-12-09T13:50:18","slug":"a-paris-le-periscolaire-en-train-de-craquer-alertent-personnels-et-parents","status":"publish","type":"post","link":"https:\/\/www.europesays.com\/fr\/588655\/","title":{"rendered":"A Paris, le p\u00e9riscolaire \u00ab\u00a0en train de craquer\u00a0\u00bb, alertent personnels et parents"},"content":{"rendered":"<p class=\"mb-4 text-lg md:leading-8 break-words\">\u00ab\u00a0C&rsquo;est en train de craquer\u00a0\u00bb: \u00e0 Paris, agents du p\u00e9riscolaire et parents d&rsquo;\u00e9l\u00e8ves d\u00e9crivent un service public d\u00e9grad\u00e9 et expriment leur col\u00e8re sur fond de suspicions d&rsquo;agressions sexuelles dans plusieurs \u00e9coles maternelles.<\/p>\n<p class=\"mb-4 text-lg md:leading-8 break-words\">\u00ab\u00a0Les personnels sont \u00e9puis\u00e9s, on arrive au bout d&rsquo;un syst\u00e8me et il va falloir que \u00e7a change\u00a0\u00bb, l\u00e2che Alexandre Herzog, d\u00e9l\u00e9gu\u00e9 CGT aux affaires scolaires, lors d&rsquo;une assembl\u00e9e g\u00e9n\u00e9rale qui a r\u00e9uni lundi parents d&rsquo;\u00e9l\u00e8ves et personnels.<\/p>\n<p class=\"mb-4 text-lg md:leading-8 break-words\">Apr\u00e8s deux semaines de gr\u00e8ve en novembre pour d\u00e9fendre leurs conditions de travail, les agents parisiens jugent insuffisantes les r\u00e9ponses apport\u00e9es par la Ville et se mobiliseront de nouveau le 16 d\u00e9cembre, date du prochain Conseil de Paris.<\/p>\n<p class=\"mb-4 text-lg md:leading-8 break-words\">Confront\u00e9e depuis plusieurs mois \u00e0 une s\u00e9rie de signalements pour agressions sexuelles, en particulier dans les XIe et XIIe arrondissements, la Ville a annonc\u00e9 mi-novembre un plan de lutte contre les violences sexuelles et sexistes.<\/p>\n<p class=\"mb-4 text-lg md:leading-8 break-words\">\u00ab\u00a0Il a malheureusement fallu cette catastrophe pour que les parents d&rsquo;\u00e9l\u00e8ves se posent la question de l&rsquo;accueil de leurs enfants, car si beaucoup veulent savoir ce qui se passe dans la classe, tr\u00e8s peu s&rsquo;int\u00e9ressent au temps p\u00e9riscolaire\u00a0\u00bb, remarque Loup Loubet, parent d&rsquo;\u00e9l\u00e8ve \u00e0 l&rsquo;\u00e9cole \u00e9l\u00e9mentaire Keller.<\/p>\n<p class=\"mb-4 text-lg md:leading-8 break-words\">Les r\u00e9ponses apport\u00e9es n&rsquo;ont fait qu&rsquo;accro\u00eetre la col\u00e8re des agents. \u00ab\u00a0En principe, il y a une pr\u00e9somption d&rsquo;innocence, mais l\u00e0 on est dans la suspicion g\u00e9n\u00e9ralis\u00e9e\u00a0\u00bb, d\u00e9nonce Marouan Tayibi, d\u00e9l\u00e9gu\u00e9 syndical CFDT, qui s&rsquo;oppose \u00e0 ce que des agents \u00ab\u00a0innocent\u00e9s ne puissent plus retravailler aupr\u00e8s d&rsquo;enfants\u00a0\u00bb.<\/p>\n<p class=\"mb-4 text-lg md:leading-8 break-words\">\u00ab\u00a0\u00c7a va cr\u00e9er une psychose, tout le monde pourra accuser tout le monde de tout et on va encore plus manquer de coll\u00e8gues\u00a0\u00bb, rench\u00e9rit Alexandre Herzog, \u00e9galement directeur de p\u00e9riscolaire.<\/p>\n<p class=\"mb-4 text-lg md:leading-8 break-words\">Les syndicats critiquent aussi la volont\u00e9 de la Ville de supprimer 100 postes de titulaires, notamment des animateurs et Asem (agents sp\u00e9cialis\u00e9s des \u00e9coles maternelles) \u00e0 la rentr\u00e9e 2026, dans un contexte de sous-effectif chronique.<\/p>\n<p class=\"mb-4 text-lg md:leading-8 break-words\">\u00ab\u00a0D&rsquo;un c\u00f4t\u00e9, le premier adjoint (Patrick Bloche, ndlr) est contre les fermetures de classes par l&rsquo;Education nationale mais il est pour la suppression d&rsquo;agents quand cela concerne la Ville\u00a0\u00bb, pointe Nicolas L\u00e9ger, du Supap-FSU.<\/p>\n<p class=\"mb-4 text-lg md:leading-8 break-words\">&#8211; Pr\u00e9carisation &#8211;<\/p>\n<p class=\"mb-4 text-lg md:leading-8 break-words\">Plus globalement, agents comme parents s&rsquo;alarment de la pr\u00e9carisation des m\u00e9tiers d&rsquo;animation.<\/p>\n<p class=\"mb-4 text-lg md:leading-8 break-words\">\u00ab\u00a0Beaucoup de parents estiment que ce qui permet \u00e0 ces agressions sexuelles de se produire c&rsquo;est la pr\u00e9carisation du secteur, la baisse du taux d&rsquo;encadrement des enfants, et le recours massif \u00e0 des vacataires qui sautent d&rsquo;un \u00e9tablissement \u00e0 un autre\u00a0\u00bb, t\u00e9moigne Lucie, parent d&rsquo;\u00e9l\u00e8ve dans le XIe arrondissement.<\/p>\n<p class=\"mb-4 text-lg md:leading-8 break-words\">Les mesures annonc\u00e9es ne lui semblent pas non plus \u00ab\u00a0questionner le syst\u00e8me dans sa globalit\u00e9\u00a0\u00bb, \u00e0 savoir \u00ab\u00a0les carri\u00e8res, la formation, le recrutement\u00a0\u00bb.<\/p>\n<p class=\"mb-4 text-lg md:leading-8 break-words\">Le malaise des agents s&rsquo;est pourtant aggrav\u00e9 depuis le Covid. \u00ab\u00a0Certaines Asem s&rsquo;effondrent en larmes dans notre bureau en nous disant qu&rsquo;elles souffrent, qu&rsquo;elles ont mal aux genoux, aux \u00e9paules\u00a0\u00bb, confie Marouan Tayibi.<\/p>\n<p class=\"mb-4 text-lg md:leading-8 break-words\">Les souffrances sont aussi psychologiques, avec des \u00ab\u00a0responsables \u00e9ducatifs ville\u00a0\u00bb (REV) qui voient les missions administratives s&#8217;empiler.<\/p>\n<p class=\"mb-4 text-lg md:leading-8 break-words\">Avec une \u00e9crasante majorit\u00e9 de vacataires -8.500- au statut pr\u00e9caire, contre 2.500 animateurs titulaires et 1.000 contractuels, beaucoup ont du mal \u00e0 boucler les fins de mois.<\/p>\n<p class=\"mb-4 text-lg md:leading-8 break-words\">\u00ab\u00a0Certains animateurs suivent m\u00eame le cours du prix de l&rsquo;oeuf en se demandant comment ils vont finir le mois\u00a0\u00bb, poursuit M. Tayibi, rappelant qu&rsquo;un animateur touche \u00ab\u00a0environ 200 \u00e0 300 euros s&rsquo;il surveille uniquement la cantine, 500 \u00e0 600 s&rsquo;ils assurent les TAP (temps d&rsquo;activit\u00e9s p\u00e9riscolaires), environ 1.000 euros pour un vacataire \u00e0 temps complet et 1.700 pour les titulaires\u00a0\u00bb.<\/p>\n<p class=\"mb-4 text-lg md:leading-8 break-words\">Au final, beaucoup se tournent vers d&rsquo;autres m\u00e9tiers, comme la restauration ou chauffeur Uber.<\/p>\n<p class=\"mb-4 text-lg md:leading-8 break-words\">C&rsquo;est dans ce contexte qu&rsquo;interviennent des \u00ab\u00a0violences \u00e9ducatives ordinaires\u00a0\u00bb, observe Alexandre Herzog. \u00ab\u00a0\u00c7a craque, c&rsquo;est le coll\u00e8gue \u00e0 bout qui hurle sur les enfants parce qu&rsquo;il est seul avec 30 gamins\u00a0\u00bb, observe-t-il.<\/p>\n<p class=\"mb-4 text-lg md:leading-8 break-words\">\u00ab\u00a0Dans ce chaos, c&rsquo;est du pain b\u00e9nit pour celui ou celle qui a de mauvaises intentions. Tu peux t&rsquo;\u00e9clipser parce que dans l&rsquo;\u00e9quipe, il manque la moiti\u00e9 des agents\u00a0\u00bb, ajoute-t-il.<\/p>\n<p class=\"mb-4 text-lg md:leading-8 break-words\">Les syndicats et l&rsquo;association de parents d&rsquo;\u00e9l\u00e8ves FCPE ont pr\u00e9vu de porter des revendications communes aupr\u00e8s de la Ville et esp\u00e8rent obtenir des r\u00e9ponses concr\u00e8tes rapidement.<\/p>\n<p class=\"mb-4 text-lg md:leading-8 break-words\">hdu\/bfa\/as<\/p>\n","protected":false},"excerpt":{"rendered":"\u00ab\u00a0C&rsquo;est en train de craquer\u00a0\u00bb: \u00e0 Paris, agents du p\u00e9riscolaire et parents d&rsquo;\u00e9l\u00e8ves d\u00e9crivent un service public d\u00e9grad\u00e9&hellip;\n","protected":false},"author":2,"featured_media":588656,"comment_status":"","ping_status":"","sticky":false,"template":"","format":"standard","meta":{"footnotes":""},"categories":[1888],"tags":[1111,1928,11,1927,1401,70206,29937,2617,1777,674,1011,27,1913,12,1926,70204,626,1925,70205,25,1738],"class_list":{"0":"post-588655","1":"post","2":"type-post","3":"status-publish","4":"format-standard","5":"has-post-thumbnail","7":"category-paris","8":"tag-actu","9":"tag-actu-paris","10":"tag-actualites","11":"tag-actualites-paris","12":"tag-agressions-sexuelles","13":"tag-alexandre-herzog","14":"tag-conditions-de-travail","15":"tag-conseil-de-paris","16":"tag-eu","17":"tag-europe","18":"tag-fr","19":"tag-france","20":"tag-la-ville","21":"tag-news","22":"tag-news-paris","23":"tag-parents-d39eleves","24":"tag-paris","25":"tag-paris-news","26":"tag-reponses-apportees","27":"tag-republique-francaise","28":"tag-tout-le-monde"},"share_on_mastodon":{"url":"https:\/\/pubeurope.com\/@fr\/115689936514616403","error":""},"_links":{"self":[{"href":"https:\/\/www.europesays.com\/fr\/wp-json\/wp\/v2\/posts\/588655","targetHints":{"allow":["GET"]}}],"collection":[{"href":"https:\/\/www.europesays.com\/fr\/wp-json\/wp\/v2\/posts"}],"about":[{"href":"https:\/\/www.europesays.com\/fr\/wp-json\/wp\/v2\/types\/post"}],"author":[{"embeddable":true,"href":"https:\/\/www.europesays.com\/fr\/wp-json\/wp\/v2\/users\/2"}],"replies":[{"embeddable":true,"href":"https:\/\/www.europesays.com\/fr\/wp-json\/wp\/v2\/comments?post=588655"}],"version-history":[{"count":0,"href":"https:\/\/www.europesays.com\/fr\/wp-json\/wp\/v2\/posts\/588655\/revisions"}],"wp:featuredmedia":[{"embeddable":true,"href":"https:\/\/www.europesays.com\/fr\/wp-json\/wp\/v2\/media\/588656"}],"wp:attachment":[{"href":"https:\/\/www.europesays.com\/fr\/wp-json\/wp\/v2\/media?parent=588655"}],"wp:term":[{"taxonomy":"category","embeddable":true,"href":"https:\/\/www.europesays.com\/fr\/wp-json\/wp\/v2\/categories?post=588655"},{"taxonomy":"post_tag","embeddable":true,"href":"https:\/\/www.europesays.com\/fr\/wp-json\/wp\/v2\/tags?post=588655"}],"curies":[{"name":"wp","href":"https:\/\/api.w.org\/{rel}","templated":true}]}}