{"id":588659,"date":"2025-12-09T13:52:17","date_gmt":"2025-12-09T13:52:17","guid":{"rendered":"https:\/\/www.europesays.com\/fr\/588659\/"},"modified":"2025-12-09T13:52:17","modified_gmt":"2025-12-09T13:52:17","slug":"la-philharmonie-de-paris-lance-un-demosthon-pour-soutenir-lachat-dinstruments-destines-aux-enfants-defavorises","status":"publish","type":"post","link":"https:\/\/www.europesays.com\/fr\/588659\/","title":{"rendered":"La Philharmonie de Paris lance un \u00abD\u00e9mosthon\u00bb pour soutenir l\u2019achat d\u2019instruments destin\u00e9s aux enfants d\u00e9favoris\u00e9s"},"content":{"rendered":"<p>\n    <strong>MUSIQUE &#8211;<\/strong> La Philharmonie de Paris organise sur son site et sa cha\u00eene YouTube, ce 10\u00a0d\u00e9cembre, un grand \u00ab\u00a0live\u00a0\u00bb pour inciter les m\u00e9lomanes \u00e0 participer \u00e0 la campagne \u00ab\u00a0Donnons pour D\u00e9mos\u00a0\u00bb.<\/p>\n<p class=\"fig-paragraph\">Six cent cinquante mille euros\u00a0! C\u2019est la somme record r\u00e9colt\u00e9e il y a un an pour la 10e\u00a0\u00e9dition de \u00ab\u00a0Donnons pour D\u00e9mos\u00a0\u00bb. Une performance rendue possible par la mobilisation de pr\u00e8s de 2500\u00a0donateurs individuels. Et que la\u00a0<a href=\"https:\/\/www.lefigaro.fr\/musique\/philharmonie-de-paris-ombres-et-lumieres-d-une-spectaculaire-reussite-20200112\" data-fig-type=\"Article\" data-gtm-custom-categorie=\"navigation\" data-gtm-custom-action=\"crossclick\" data-gtm-custom-label=\"Contextuel\" data-gtm-event=\"customEventSPE\" data-fig-domain=\"LEFIGARO\" target=\"_blank\" rel=\"noopener\">Philharmonie de Paris<\/a>\u00a0esp\u00e8re renouveler pour la 11e\u00a0\u00e9dition de la collecte dont elle est \u00e0 l\u2019origine, et dont le but est de financer l\u2019achat des instruments qui reviennent aux quelque 5000\u00a0enfants, membres de l\u2019un des 47\u00a0orchestres\u00a0<a href=\"https:\/\/www.lefigaro.fr\/musique\/2016\/06\/03\/03006-20160603ARTFIG00089-concert-de-demos-des-orchestres-a-succes.php\" data-fig-type=\"Article\" data-gtm-custom-categorie=\"navigation\" data-gtm-custom-action=\"crossclick\" data-gtm-custom-label=\"Contextuel\" data-gtm-event=\"customEventSPE\" data-fig-domain=\"LEFIGARO\" target=\"_blank\" rel=\"noopener\">D\u00e9mos<\/a>\u00a0en France.<\/p>\n<p class=\"fig-paragraph\">Lanc\u00e9 en 2010 et coordonn\u00e9 par la Philharmonie, ce vaste programme d\u2019initiation \u00e0 la musique et de d\u00e9mocratisation culturelle par la pratique de l\u2019orchestre s\u2019adresse aux enfants de 7 \u00e0 12\u00a0ans vivant dans des quartiers ou des territoires d\u00e9favoris\u00e9s ou \u00e9loign\u00e9s de toute offre de pratique musicale. Depuis sa cr\u00e9ation, il a touch\u00e9 plus de 13\u00a0000\u00a0enfants, leur permettant de b\u00e9n\u00e9ficier pendant trois ans d\u2019une formation musicale compl\u00e8te et gratuite, et d\u2019un instrument qu\u2019ils peuvent conserver apr\u00e8s s\u2019ils poursuivent\u2026<\/p>\n<p class=\"fig-premium-paywall__infos\">\n        Cet article est r\u00e9serv\u00e9 aux abonn\u00e9s.        Il vous reste 63% \u00e0 d\u00e9couvrir.\n    <\/p>\n<p>                <img  data- alt=\"Le Figaro\" class=\"fig-img--complete fig-img\"\/><\/p>\n<p class=\"fig-premium-paywall__title\">Vente Flash<\/p>\n<p class=\"fig-premium-paywall__subtitle\">-50% sur l&rsquo;abonnement num\u00e9rique<\/p>\n<p class=\"fig-premium-paywall__connect\">\n                D\u00e9j\u00e0 abonn\u00e9\u00a0?                <a class=\"fig-premium-paywall__connect-link\" href=\"https:\/\/connect.lefigaro.fr\/login?client=horizon_web&amp;type=main&amp;redirect_uri=https%3A%2F%2Fwww.lefigaro.fr%2Fmusique%2Fla-philharmonie-de-paris-lance-un-demosthon-pour-soutenir-l-achat-d-instruments-destines-aux-enfants-defavorises-20251209\" data-js-gtm=\"{&quot;customCategorie&quot;: &quot;conversion&quot;, &quot;customAction&quot;: &quot;before_Landing_Connexion_paywall_auto&quot;, &quot;customLabel&quot;: &quot;bGVmaWdhcm8uZnJfXzFmMGQ0ODVkLTY2ZWMtNmVmNC1hZDhiLTE5Y2ZmODlhMzE0NF9fQXJ0aWNsZQ==_La Philharmonie de Paris lance un \u00abD\u00e9mosthon\u00bb pour soutenir l\u2019achat d\u2019instruments destin\u00e9s aux enfants d\u00e9favoris\u00e9s_517&quot;, &quot;customIDSPE&quot;: &quot;bGVmaWdhcm8uZnJfXzFmMGQ0ODVkLTY2ZWMtNmVmNC1hZDhiLTE5Y2ZmODlhMzE0NF9fQXJ0aWNsZQ==&quot;, &quot;event&quot;: &quot;customEventSPE&quot;}\" target=\"_blank\" rel=\"noopener\"><br \/>\n                    Connectez-vous<br \/>\n                <\/a>\n            <\/p>\n","protected":false},"excerpt":{"rendered":"MUSIQUE &#8211; La Philharmonie de Paris organise sur son site et sa cha\u00eene YouTube, ce 10\u00a0d\u00e9cembre, un grand&hellip;\n","protected":false},"author":2,"featured_media":588660,"comment_status":"","ping_status":"","sticky":false,"template":"","format":"standard","meta":{"footnotes":""},"categories":[1888],"tags":[11,1777,674,1011,27,873,12,626,11724,25],"class_list":{"0":"post-588659","1":"post","2":"type-post","3":"status-publish","4":"format-standard","5":"has-post-thumbnail","7":"category-paris","8":"tag-actualites","9":"tag-eu","10":"tag-europe","11":"tag-fr","12":"tag-france","13":"tag-musique","14":"tag-news","15":"tag-paris","16":"tag-philharmonie-de-paris","17":"tag-republique-francaise"},"share_on_mastodon":{"url":"https:\/\/pubeurope.com\/@fr\/115689943514636813","error":""},"_links":{"self":[{"href":"https:\/\/www.europesays.com\/fr\/wp-json\/wp\/v2\/posts\/588659","targetHints":{"allow":["GET"]}}],"collection":[{"href":"https:\/\/www.europesays.com\/fr\/wp-json\/wp\/v2\/posts"}],"about":[{"href":"https:\/\/www.europesays.com\/fr\/wp-json\/wp\/v2\/types\/post"}],"author":[{"embeddable":true,"href":"https:\/\/www.europesays.com\/fr\/wp-json\/wp\/v2\/users\/2"}],"replies":[{"embeddable":true,"href":"https:\/\/www.europesays.com\/fr\/wp-json\/wp\/v2\/comments?post=588659"}],"version-history":[{"count":0,"href":"https:\/\/www.europesays.com\/fr\/wp-json\/wp\/v2\/posts\/588659\/revisions"}],"wp:featuredmedia":[{"embeddable":true,"href":"https:\/\/www.europesays.com\/fr\/wp-json\/wp\/v2\/media\/588660"}],"wp:attachment":[{"href":"https:\/\/www.europesays.com\/fr\/wp-json\/wp\/v2\/media?parent=588659"}],"wp:term":[{"taxonomy":"category","embeddable":true,"href":"https:\/\/www.europesays.com\/fr\/wp-json\/wp\/v2\/categories?post=588659"},{"taxonomy":"post_tag","embeddable":true,"href":"https:\/\/www.europesays.com\/fr\/wp-json\/wp\/v2\/tags?post=588659"}],"curies":[{"name":"wp","href":"https:\/\/api.w.org\/{rel}","templated":true}]}}