{"id":588661,"date":"2025-12-09T13:53:16","date_gmt":"2025-12-09T13:53:16","guid":{"rendered":"https:\/\/www.europesays.com\/fr\/588661\/"},"modified":"2025-12-09T13:53:16","modified_gmt":"2025-12-09T13:53:16","slug":"un-avion-de-transport-militaire-secrase-a-environ-200-km-de-moscou-le-sort-de-lequipage-inconnu","status":"publish","type":"post","link":"https:\/\/www.europesays.com\/fr\/588661\/","title":{"rendered":"un avion de transport militaire s&rsquo;\u00e9crase \u00e0 environ 200 km de Moscou, le sort de l&rsquo;\u00e9quipage inconnu"},"content":{"rendered":"\n<p class=\"c-chapo \">\n  Un An-22 de l&rsquo;arm\u00e9e russe s&rsquo;est \u00e9cras\u00e9 dans la r\u00e9gion d&rsquo;Ivanovo, en Russie. L&rsquo;appareil, dont on ignore le nombre exact de passagers est tomb\u00e9 dans une zone inhabit\u00e9e.\n<\/p>\n<p>      lire plus tard<\/p>\n<p id=\"dialog__title\" class=\"dialog__title\">Pour sauvegarder cet article, connectez-vous ou cr\u00e9ez un compte franceinfo<\/p>\n<p class=\"dialog__description\">Sans paiement. Sans abonnement.<\/p>\n<p>        Fermer la fen\u00eatre d\u2019activation des notifications France Info<\/p>\n<p>      cr\u00e9er votre compte<\/p>\n<p>      se connecter<\/p>\n<p>        Fermer la fen\u00eatre de pr\u00e9sentation<\/p>\n<p>    <img loading=\"lazy\" decoding=\"async\" class=\"signature__image lazyload\" width=\"100\" height=\"100\" data- alt=\"\" src=\"https:\/\/www.europesays.com\/fr\/wp-content\/uploads\/2025\/05\/64a68815cd1a7_placeholder-36b69ec8.png\"\/><\/p>\n<p>    Publi\u00e9 le 09\/12\/2025 14:07<\/p>\n<p>      Mis \u00e0 jour le 09\/12\/2025 14:08<\/p>\n<p>        Temps de lecture : 1min<\/p>\n<p>    <img decoding=\"async\"  alt=\"L'avion militaire russe qui s'est crash\u00e9 le 9 d\u00e9cembre 2025 est, comme sur cette photo prise \u00e0 Leipzig en juillet 2016, un An-22. (JAN WOITAS \/ DPA)\" width=\"432\" height=\"243\" src=\"https:\/\/www.europesays.com\/fr\/wp-content\/uploads\/2025\/12\/043-dpa-pa-160722-99-779145-dpai-69381b8c63c69476764124.jpg\" fetchpriority=\"high\"\/><\/p>\n<p>      L&rsquo;avion militaire russe qui s&rsquo;est crash\u00e9 le 9 d\u00e9cembre 2025 est, comme sur cette photo prise \u00e0 Leipzig en juillet 2016, un An-22. (JAN WOITAS \/ DPA)<\/p>\n<p>Il s&rsquo;agissait d&rsquo;un vol d&rsquo;essai. Un avion de transport militaire An-22 s&rsquo;est \u00e9cras\u00e9 ce mardi 9 d\u00e9cembre dans la r\u00e9gion d&rsquo;Ivanovo, \u00e0 environ 200\u00a0km au nord-est de Moscou, a annonc\u00e9 <a href=\"https:\/\/www.franceinfo.fr\/monde\/europe\/manifestations-en-ukraine\/guerre-en-ukraine-la-russie-cessera-les-hostilites-si-l-armee-ukrainienne-se-retire-des-territoires-que-moscou-revendique-assure-vladimir-poutine_7644650.html\" target=\"_blank\" rel=\"noopener\" data-tooltip-url=\"https:\/\/www.franceinfo.fr\/monde\/europe\/manifestations-en-ukraine\/guerre-en-ukraine-la-russie-cessera-les-hostilites-si-l-armee-ukrainienne-se-retire-des-territoires-que-moscou-revendique-assure-vladimir-poutine_7644650.html\">le minist\u00e8re russe de la D\u00e9fense<\/a>. Les autorit\u00e9s ont indiqu\u00e9 n&rsquo;avoir, pour l&rsquo;heure, pas d&rsquo;informations sur le sort de l&rsquo;\u00e9quipage.<\/p>\n<p>\u00ab\u00a0Lors d&rsquo;un vol d&rsquo;essai, apr\u00e8s des travaux de r\u00e9paration, un avion de transport militaire An-22 s&rsquo;est \u00e9cras\u00e9, l&rsquo;appareil est tomb\u00e9 dans une zone inhabit\u00e9e\u00a0\u00bb, a indiqu\u00e9 le minist\u00e8re aux agences de presse russes TASS et Ria Novosti.<\/p>\n<p>Selon le minist\u00e8re, une \u00e9quipe de secours se rend sur le site de la catastrophe pour d\u00e9terminer s&rsquo;il y a des survivants. Pour l&rsquo;heure, les autorit\u00e9s russes n&rsquo;ont pas affirm\u00e9 si l&rsquo;incident pouvait \u00eatre li\u00e9 au <a href=\"https:\/\/www.franceinfo.fr\/monde\/europe\/manifestations-en-ukraine\/ukraine-il-faut-continuer-avec-le-partenaire-americain-mais-aussi-compter-sur-nos-propres-forces-plaide-le-porte-parole-du-quai-d-orsay_7666504.html\" target=\"_blank\" rel=\"noopener\" data-tooltip-url=\"https:\/\/www.franceinfo.fr\/monde\/europe\/manifestations-en-ukraine\/ukraine-il-faut-continuer-avec-le-partenaire-americain-mais-aussi-compter-sur-nos-propres-forces-plaide-le-porte-parole-du-quai-d-orsay_7666504.html\">conflit arm\u00e9 en cours contre l&rsquo;Ukraine.<\/a><\/p>\n","protected":false},"excerpt":{"rendered":"Un An-22 de l&rsquo;arm\u00e9e russe s&rsquo;est \u00e9cras\u00e9 dans la r\u00e9gion d&rsquo;Ivanovo, en Russie. L&rsquo;appareil, dont on ignore le&hellip;\n","protected":false},"author":2,"featured_media":588662,"comment_status":"","ping_status":"","sticky":false,"template":"","format":"standard","meta":{"footnotes":""},"categories":[1591],"tags":[11,1887,12,1885,1886,132],"class_list":{"0":"post-588661","1":"post","2":"type-post","3":"status-publish","4":"format-standard","5":"has-post-thumbnail","7":"category-russie","8":"tag-actualites","9":"tag-federation-de-russie","10":"tag-news","11":"tag-russia","12":"tag-russian-federation","13":"tag-russie"},"share_on_mastodon":{"url":"https:\/\/pubeurope.com\/@fr\/115689948845240857","error":""},"_links":{"self":[{"href":"https:\/\/www.europesays.com\/fr\/wp-json\/wp\/v2\/posts\/588661","targetHints":{"allow":["GET"]}}],"collection":[{"href":"https:\/\/www.europesays.com\/fr\/wp-json\/wp\/v2\/posts"}],"about":[{"href":"https:\/\/www.europesays.com\/fr\/wp-json\/wp\/v2\/types\/post"}],"author":[{"embeddable":true,"href":"https:\/\/www.europesays.com\/fr\/wp-json\/wp\/v2\/users\/2"}],"replies":[{"embeddable":true,"href":"https:\/\/www.europesays.com\/fr\/wp-json\/wp\/v2\/comments?post=588661"}],"version-history":[{"count":0,"href":"https:\/\/www.europesays.com\/fr\/wp-json\/wp\/v2\/posts\/588661\/revisions"}],"wp:featuredmedia":[{"embeddable":true,"href":"https:\/\/www.europesays.com\/fr\/wp-json\/wp\/v2\/media\/588662"}],"wp:attachment":[{"href":"https:\/\/www.europesays.com\/fr\/wp-json\/wp\/v2\/media?parent=588661"}],"wp:term":[{"taxonomy":"category","embeddable":true,"href":"https:\/\/www.europesays.com\/fr\/wp-json\/wp\/v2\/categories?post=588661"},{"taxonomy":"post_tag","embeddable":true,"href":"https:\/\/www.europesays.com\/fr\/wp-json\/wp\/v2\/tags?post=588661"}],"curies":[{"name":"wp","href":"https:\/\/api.w.org\/{rel}","templated":true}]}}