{"id":588681,"date":"2025-12-09T14:04:13","date_gmt":"2025-12-09T14:04:13","guid":{"rendered":"https:\/\/www.europesays.com\/fr\/588681\/"},"modified":"2025-12-09T14:04:13","modified_gmt":"2025-12-09T14:04:13","slug":"oihan-guillamoundeguy-gagner-sur-le-tour-a-21-ans-cest-mon-reve","status":"publish","type":"post","link":"https:\/\/www.europesays.com\/fr\/588681\/","title":{"rendered":"Oihan Guillamoundeguy : \u00ab Gagner sur le Tour \u00e0 21 ans, c\u2019est mon r\u00eave \u00bb"},"content":{"rendered":"<p>\t\t\t\t\t\t<img width=\"770\" height=\"555\" src=\"https:\/\/www.europesays.com\/fr\/wp-content\/uploads\/2025\/12\/oihan-guillamoundeguy-challenge-tour-dp-world-tour-770x555.jpg\" class=\"img-responsive wp-post-image\" alt=\"Oihan Guillamoundeguy Photo by Zhe Ji\/Getty Images\" decoding=\"async\" fetchpriority=\"high\"  \/>\t\t\t\t\t\t\t<\/p>\n<p>\n\t\t\t\t\t\t\t\tAvec son fr\u00e8re, Lilian, qui assurera de nouveau le r\u00f4le de caddie sur le DP World Tour\t\t\t\t\t\t\t<\/p>\n<p>\t\t\t\t\t\t Partager cet article <\/p>\n<p class=\"screen-reader-text juiz_sps_maybe_hidden_text\">Partager la publication \u00ab\u00a0Oihan Guillamoundeguy : \u00ab Gagner sur le Tour \u00e0 21 ans, c\u2019est mon r\u00eave \u00bb\u00a0\u00bb<\/p>\n<p><strong>Cinqui\u00e8me de la Road to Mallorca 2025, Oihan Guillamoundeguy ouvre du c\u00f4t\u00e9 de Johannesburg ce jeudi 11 d\u00e9cembre un nouveau chapitre de sa jeune carri\u00e8re professionnelle d\u00e9but\u00e9e en d\u00e9cembre 2022 alors qu\u2019il n\u2019\u00e9tait \u00e2g\u00e9 que de 18 ans. La t\u00eate bien sur les \u00e9paules, le Landais se veut \u00eatre ambitieux, sans pour autant br\u00fbler les \u00e9tapes.<\/strong><\/p>\n<p><strong>Propos recueillis par Lionel VELLA<\/strong><\/p>\n<p><strong>GOLF PLANETE\u00a0: Dans quel \u00e9tat d\u2019esprit \u00eates-vous alors que vous d\u00e9couvrez cette semaine en tant que joueur promu de l\u2019HotelPlanner Tour (ex-Challenge Tour) le plus haut niveau golfique\u00a0\u00e0 l\u2019Alfred Dunhill Championship ?<\/strong><\/p>\n<p><strong>Oihan GUILLAMOUNDEGUY\u00a0:<\/strong> Je me sens plut\u00f4t bien. J\u2019ai fait une bonne semaine d\u2019entra\u00eenement il y a quelques jours \u00e0 Duba\u00ef en compagnie de <strong>F\u00e9lix Mory<\/strong> (Ndlr, lui aussi promu sur le DP World Tour). On s\u2019est bien entra\u00een\u00e9s. J\u2019ai vu aussi Alex (<strong>Levy<\/strong>), qui habite l\u00e0-bas. J\u2019ai bien travaill\u00e9 sur les points o\u00f9 je sentais que je pouvais m\u2019am\u00e9liorer. Bref, j\u2019ai vraiment h\u00e2te\u00a0!<\/p>\n<p><strong>G.P.\u00a0: Justement, dans quel secteur de jeu vous sentez que vous pouvez \u00eatre encore perfectible\u00a0?<\/strong><\/p>\n<p><strong>O.G.\u00a0:<\/strong> Rob (Ndlr, <strong>Robin Cocq<\/strong>, son coach performance) m\u2019avait fait un petit bilan de statistiques \u00e0 la fin de l\u2019ann\u00e9e. Entre 90 et 120 m\u00e8tres, au wedging, je pense que j\u2019ai encore des coups \u00e0 gagner. Au-del\u00e0 de \u00e7a, c\u2019est d\u2019\u00eatre aussi un peu meilleur dans tous les compartiments du jeu.<\/p>\n<p><strong>G.P.\u00a0: Qu\u2019avez-vous fait apr\u00e8s la finale de la Road to Mallorca\u00a0? Vous \u00eates-vous accord\u00e9 du temps loin du golf\u00a0?<\/strong><\/p>\n<p><strong>O.G.\u00a0:<\/strong> Je suis rentr\u00e9 tout de suite \u00e0 la maison, en passant du temps avec ma famille. Revoir mes amis, \u00e7a m\u2019a fait \u00e9norm\u00e9ment de bien. J\u2019ai vraiment pu me reposer, j\u2019ai fait \u00e9galement beaucoup de sports. Pendant deux semaines, je n\u2019ai pas du tout touch\u00e9 les clubs. Et j\u2019ai ensuite repris tranquillement \u00e0 Hossegor (40) o\u00f9 on peut b\u00e9n\u00e9ficier d\u2019une m\u00e9t\u00e9o parfaite. J\u2019ai pu aussi faire un peu de moto\u2026 Non, c\u2019\u00e9tait cool\u00a0!<\/p>\n<p><strong>G.P.\u00a0: Pour cette premi\u00e8re saison sur le Tour europ\u00e9en, quel objectif vous \u00eates-vous fix\u00e9\u00a0?<\/strong><\/p>\n<p><strong>O.G.\u00a0:<\/strong> Ce n\u2019est pas forc\u00e9ment des objectifs de r\u00e9sultats. J\u2019essaie de penser le moins possible aux r\u00e9sultats justement. Apr\u00e8s, ceux-ci sont simples\u00a0: continuer \u00e0 bien bosser, faire le job, bien me comporter sur le parcours et s\u2019am\u00e9liorer de jour en jour. Et on verra \u00e0 la fin de la saison.<\/p>\n<blockquote><p>&#13;<br \/>\nJe ne cherche pas \u00e0 imiter Martin (Couvra). C\u2019est mon meilleur pote sur le Tour mais c\u2019est \u00e9vident qu\u2019il a r\u00e9alis\u00e9 une saison extraordinaire. Je me concentre sur moi-m\u00eame et je vais essayer de donner le maximum chaque semaine.&#13;<br \/>\n&#13;<br \/>\nOihan Guillamoundeguy<\/p><\/blockquote>\n<p><strong>G.P.\u00a0: Apr\u00e8s le Dunhill Championship et Maurice, quel sera votre programme pour 2026\u00a0?<\/strong><\/p>\n<p><strong>O.G.\u00a0:<\/strong> Je vais tout jouer. Je rentre \u00e0 la maison apr\u00e8s Maurice (Ndlr, <strong>AfrAsia Bank Mauritius Open<\/strong>, du 18 au 21 d\u00e9cembre) pour les f\u00eates, et passer un peu de temps avec ma famille. Ensuite, je pense que je reprendrai \u00e0 Bahre\u00efn (29 janvier-1er f\u00e9vrier) car \u00e0 mon avis je ne vais pas entrer dans le champ du <strong>Hero Duba\u00ef Desert Classic<\/strong> (22-25 janvier). J\u2019irai certainement m\u2019entra\u00eener \u00e0 Duba\u00ef un peu avant. Donc, ce sera Bahre\u00efn, Qatar puis le Kenya, les deux tournois en Afrique du Sud, la Chine et l\u2019Inde\u2026 De nouveau la Chine et la Turquie ensuite\u2026 Je vais jouer tout \u00e7a. Le calendrier est plut\u00f4t bien fait cette ann\u00e9e car il n\u2019y a pas plus de trois tournois \u00e0 la suite, donc c\u2019est plut\u00f4t cool.<\/p>\n<p><strong>G.P.\u00a0: Et le v\u0153u d\u2019imiter Martin Couvra qui, tr\u00e8s vite, s\u2019est impos\u00e9 sur le DP World Tour d\u00e8s sa premi\u00e8re saison au mois de mai dernier\u2026 Vous y pensez\u00a0?<\/strong><\/p>\n<p><strong>O.G.\u00a0:<\/strong> Je ne cherche pas \u00e0 imiter Martin. C\u2019est mon meilleur pote sur le Tour mais c\u2019est \u00e9vident qu\u2019il a r\u00e9alis\u00e9 une saison extraordinaire. Je le r\u00e9p\u00e8te, je me concentre sur moi-m\u00eame et je vais essayer de donner le maximum chaque semaine. J\u2019esp\u00e8re gagner, forc\u00e9ment, mais j\u2019ai surtout envie de bien faire. Et pas imiter qui que ce soit.<\/p>\n<blockquote><p>&#13;<br \/>\nSi je peux gagner t\u00f4t dans l\u2019ann\u00e9e, je ne m\u2019en priverai pas.&#13;<br \/>\n&#13;<br \/>\nOihan Guillamoundeguy<\/p><\/blockquote>\n<p><strong>G.P.\u00a0: Kristoffer Reitan \u00e9tait encore sur l\u2019HotelPlanner Tour en 2024 et il va \u00e9voluer en 2026 sur le PGA Tour. C\u2019est le genre d\u2019exemple \u00e0 suivre selon vous\u00a0?<\/strong><\/p>\n<p><strong>O.G.\u00a0:<\/strong> J\u2019y pense oui et non. Ce sont des gar\u00e7ons qui font des choses exceptionnelles. Et ils accomplissent des trucs incroyables. Une fois qu\u2019on a dit \u00e7a, je n\u2019ai pas envie de br\u00fbler les \u00e9tapes. A moi d\u2019\u00eatre s\u00e9rieux chaque semaine, et on verra o\u00f9 tout cela nous m\u00e8ne. Mais c\u2019est vrai que si je peux gagner t\u00f4t dans l\u2019ann\u00e9e, je ne m\u2019en priverai pas.<\/p>\n<p><strong>G.P.\u00a0: Concernant votre staff technique, avez-vous modifi\u00e9 quelque chose en vue de ce passage sur le DP World Tour\u00a0?<\/strong><\/p>\n<p><strong>O.G. :<\/strong> Non. Rien n\u2019a chang\u00e9. Mon fr\u00e8re, Lilian, sera sur le sac. On fait une belle \u00e9quipe tous les deux. Il est tr\u00e8s \u00e0 l\u2019\u00e9coute, il essaie de se nourrir au max de tout \u00e7a. Ren\u00e9 (<strong>Darrieumerlou<\/strong>, son coach technique) est l\u00e0 aussi. Robin (Cocq) et <strong>Thibaut Lely<\/strong> (son pr\u00e9parateur physique) sont toujours avec moi \u00e9galement !\u00a0<\/p>\n<p><strong>G.P.\u00a0: Alors que votre jeune carri\u00e8re professionnelle prend un virage important, quel est votre r\u00eave le plus fou\u00a0?<\/strong><\/p>\n<p><strong>O.G.\u00a0:<\/strong> Des r\u00eaves, j\u2019en ai beaucoup. Gagner pour ma premi\u00e8re saison, ce serait \u00e9norme. Rendre fi\u00e8re ma famille, rendre fiers tous ceux qui m\u2019entourent\u2026 Gagner sur le Tour \u00e0 21 ans, oui, c\u2019est mon r\u00eave.<\/p>\n<p>Photo : Zhe Ji \/ Getty Images<\/p>\n","protected":false},"excerpt":{"rendered":"Avec son fr\u00e8re, Lilian, qui assurera de nouveau le r\u00f4le de caddie sur le DP World Tour Partager&hellip;\n","protected":false},"author":2,"featured_media":588682,"comment_status":"","ping_status":"","sticky":false,"template":"","format":"standard","meta":{"footnotes":""},"categories":[1418],"tags":[1011,27,1472,60],"class_list":{"0":"post-588681","1":"post","2":"type-post","3":"status-publish","4":"format-standard","5":"has-post-thumbnail","7":"category-golf","8":"tag-fr","9":"tag-france","10":"tag-golf","11":"tag-sports"},"share_on_mastodon":{"url":"https:\/\/pubeurope.com\/@fr\/115689991513004833","error":""},"_links":{"self":[{"href":"https:\/\/www.europesays.com\/fr\/wp-json\/wp\/v2\/posts\/588681","targetHints":{"allow":["GET"]}}],"collection":[{"href":"https:\/\/www.europesays.com\/fr\/wp-json\/wp\/v2\/posts"}],"about":[{"href":"https:\/\/www.europesays.com\/fr\/wp-json\/wp\/v2\/types\/post"}],"author":[{"embeddable":true,"href":"https:\/\/www.europesays.com\/fr\/wp-json\/wp\/v2\/users\/2"}],"replies":[{"embeddable":true,"href":"https:\/\/www.europesays.com\/fr\/wp-json\/wp\/v2\/comments?post=588681"}],"version-history":[{"count":0,"href":"https:\/\/www.europesays.com\/fr\/wp-json\/wp\/v2\/posts\/588681\/revisions"}],"wp:featuredmedia":[{"embeddable":true,"href":"https:\/\/www.europesays.com\/fr\/wp-json\/wp\/v2\/media\/588682"}],"wp:attachment":[{"href":"https:\/\/www.europesays.com\/fr\/wp-json\/wp\/v2\/media?parent=588681"}],"wp:term":[{"taxonomy":"category","embeddable":true,"href":"https:\/\/www.europesays.com\/fr\/wp-json\/wp\/v2\/categories?post=588681"},{"taxonomy":"post_tag","embeddable":true,"href":"https:\/\/www.europesays.com\/fr\/wp-json\/wp\/v2\/tags?post=588681"}],"curies":[{"name":"wp","href":"https:\/\/api.w.org\/{rel}","templated":true}]}}