{"id":588695,"date":"2025-12-09T14:17:14","date_gmt":"2025-12-09T14:17:14","guid":{"rendered":"https:\/\/www.europesays.com\/fr\/588695\/"},"modified":"2025-12-09T14:17:14","modified_gmt":"2025-12-09T14:17:14","slug":"je-ne-suis-plus-habitue-a-parler","status":"publish","type":"post","link":"https:\/\/www.europesays.com\/fr\/588695\/","title":{"rendered":"je ne suis plus habitu\u00e9 \u00e0 parler"},"content":{"rendered":"<p><strong>Retour dans la lumi\u00e8re<\/strong>. En pleine construction d&rsquo;une cabane en pleine nature, <a href=\"https:\/\/www.journaldesfemmes.fr\/people\/personnalites\/2717503-vianney-vie-privee-femme-enfants-chansons-age-33-ans\/\" title=\"Vianney Bureau\" target=\"_blank\" rel=\"noopener\">Vianney<\/a> a d\u00e9cid\u00e9 de faire une pause dans sa carri\u00e8re de chanteur mais, ce 7 d\u00e9cembre, il a accept\u00e9 de rejoindre Lara Fabian sur la sc\u00e8ne de l&rsquo;Accor Arena \u00e0 Paris. \u00ab\u00a0Je ne suis plus habitu\u00e9 \u00e0 parler. Tu m&rsquo;as sorti d&rsquo;une cabane et pour la plus belle raison du monde\u00a0\u00bb, a expliqu\u00e9 le chanteur de 34 ans \u00e0\u00a0 sa cons\u0153ur dont il est tr\u00e8s proche.<\/p>\n","protected":false},"excerpt":{"rendered":"Retour dans la lumi\u00e8re. En pleine construction d&rsquo;une cabane en pleine nature, Vianney a d\u00e9cid\u00e9 de faire une&hellip;\n","protected":false},"author":2,"featured_media":588696,"comment_status":"","ping_status":"","sticky":false,"template":"","format":"standard","meta":{"footnotes":""},"categories":[1355],"tags":[70209,51761,58,59,52292,1011,27,51766,1031,1361,873,8475],"class_list":{"0":"post-588695","1":"post","2":"type-post","3":"status-publish","4":"format-standard","5":"has-post-thumbnail","7":"category-musique","8":"tag-cms-journaldesfemmes-3249994","9":"tag-controller-content","10":"tag-divertissement","11":"tag-entertainment","12":"tag-format-reportage","13":"tag-fr","14":"tag-france","15":"tag-les-histoires-du-jdf","16":"tag-magazine","17":"tag-music","18":"tag-musique","19":"tag-vianney"},"share_on_mastodon":{"url":"https:\/\/pubeurope.com\/@fr\/115690041927897028","error":""},"_links":{"self":[{"href":"https:\/\/www.europesays.com\/fr\/wp-json\/wp\/v2\/posts\/588695","targetHints":{"allow":["GET"]}}],"collection":[{"href":"https:\/\/www.europesays.com\/fr\/wp-json\/wp\/v2\/posts"}],"about":[{"href":"https:\/\/www.europesays.com\/fr\/wp-json\/wp\/v2\/types\/post"}],"author":[{"embeddable":true,"href":"https:\/\/www.europesays.com\/fr\/wp-json\/wp\/v2\/users\/2"}],"replies":[{"embeddable":true,"href":"https:\/\/www.europesays.com\/fr\/wp-json\/wp\/v2\/comments?post=588695"}],"version-history":[{"count":0,"href":"https:\/\/www.europesays.com\/fr\/wp-json\/wp\/v2\/posts\/588695\/revisions"}],"wp:featuredmedia":[{"embeddable":true,"href":"https:\/\/www.europesays.com\/fr\/wp-json\/wp\/v2\/media\/588696"}],"wp:attachment":[{"href":"https:\/\/www.europesays.com\/fr\/wp-json\/wp\/v2\/media?parent=588695"}],"wp:term":[{"taxonomy":"category","embeddable":true,"href":"https:\/\/www.europesays.com\/fr\/wp-json\/wp\/v2\/categories?post=588695"},{"taxonomy":"post_tag","embeddable":true,"href":"https:\/\/www.europesays.com\/fr\/wp-json\/wp\/v2\/tags?post=588695"}],"curies":[{"name":"wp","href":"https:\/\/api.w.org\/{rel}","templated":true}]}}