{"id":588699,"date":"2025-12-09T14:19:20","date_gmt":"2025-12-09T14:19:20","guid":{"rendered":"https:\/\/www.europesays.com\/fr\/588699\/"},"modified":"2025-12-09T14:19:20","modified_gmt":"2025-12-09T14:19:20","slug":"dermatologie-lacces-aux-soins-na-jamais-ete-aussi-complique","status":"publish","type":"post","link":"https:\/\/www.europesays.com\/fr\/588699\/","title":{"rendered":"Dermatologie : l&rsquo;acc\u00e8s aux soins n&rsquo;a jamais \u00e9t\u00e9 aussi compliqu\u00e9"},"content":{"rendered":"<p>             <a href=\"https:\/\/ma-sante.news\/wp-content\/uploads\/2025\/12\/Penurie-de-dermatos-dermatologie-dermatologue-un-risque-pour-le-depistage-des-cancers-de-la-peau-Ma-Sante.jpg\" data-caption=\"Le m\u00e9lanome repr\u00e9sente l\u2019un des cancers de la peau les plus graves en raison de son fort potentiel m\u00e9tastatique. \u00a9 Freepik\" target=\"_blank\" rel=\"noopener\"><img loading=\"lazy\" decoding=\"async\" width=\"696\" height=\"465\" class=\"entry-thumb td-modal-image ewww_webp_lazy_load\" src=\"data:image\/svg+xml,%3Csvg%20xmlns=\" http:=\"\" data-lazy- data-lazy- alt=\"Une femme qui a r\u00e9ussi \u00e0 obtenir un rendez-vous chez un dermatologue pour suivre son grain de beaut\u00e9, malgr\u00e9 la p\u00e9nurie de dermatologues en France.\" title=\"Pe\u0301nurie de dermatos dermatologie dermatologue un risque pour le de\u0301pistage des cancers de la peau Ma Sante\u0301\" data-lazy-src=\"https:\/\/www.europesays.com\/fr\/wp-content\/uploads\/2025\/12\/Penurie-de-dermatos-dermatologie-dermatologue-un-risque-pour-le-depistage-des-cancers-de-la-peau-Ma-.jpeg\" data-lazy-src-webp=\"https:\/\/www.europesays.com\/fr\/wp-content\/uploads\/2025\/12\/Penurie-de-dermatos-dermatologie-dermatologue-un-risque-pour-le-depistage-des-cancers-de-la-peau-Ma-.jpeg.webp\" data-lazy-srcset-webp=\"https:\/\/www.europesays.com\/fr\/wp-content\/uploads\/2025\/12\/Penurie-de-dermatos-dermatologie-dermatologue-un-risque-pour-le-depistage-des-cancers-de-la-peau-Ma-.jpeg.webp 696w, https:\/\/ma-sante.news\/wp-content\/uploads\/2025\/12\/Penurie-de-dermatos-dermatologie-dermatologue-un-risque-pour-le-depistage-des-cancers-de-la-peau-Ma-Sante-300x200.jpg.webp 300w, https:\/\/ma-sante.news\/wp-content\/uploads\/2025\/12\/Penurie-de-dermatos-dermatologie-dermatologue-un-risque-pour-le-depistage-des-cancers-de-la-peau-Ma-Sante-768x513.jpg.webp 768w, https:\/\/ma-sante.news\/wp-content\/uploads\/2025\/12\/Penurie-de-dermatos-dermatologie-dermatologue-un-risque-pour-le-depistage-des-cancers-de-la-peau-Ma-Sante-629x420.jpg.webp 629w, https:\/\/ma-sante.news\/wp-content\/uploads\/2025\/12\/Penurie-de-dermatos-dermatologie-dermatologue-un-risque-pour-le-depistage-des-cancers-de-la-peau-Ma-Sante.jpg.webp 800w\"\/><\/a>Le m\u00e9lanome repr\u00e9sente l\u2019un des cancers de la peau les plus graves en raison de son fort potentiel m\u00e9tastatique. \u00a9 Freepik                                    \t\t\t             <a class=\"gofollow\" data-track=\"MjgsMCw2MA==\" href=\"https:\/\/ma-sante.news\/inscrivez-vous-a-notre-newsletter\/\" target=\"_blank\" rel=\"noopener\"><img loading=\"lazy\" decoding=\"async\" width=\"1068\" height=\"131\" src=\"data:image\/svg+xml,%3Csvg%20xmlns=\" http:=\"\" data-lazy-src=\"https:\/\/www.europesays.com\/fr\/wp-content\/uploads\/2025\/03\/banniere-newsletter.png\"\/><\/a> <\/p>\n<p><a href=\"https:\/\/www.sfdermato.org\/upload\/presse\/250422122156_etats-generaux-de-la-dermatologie-cp-propositions-vdef1.pdf?utm_source=chatgpt.com\" target=\"_blank\" rel=\"noopener\"> <\/a>Avec moins de 3 000 praticiens pour pr\u00e8s de 67 millions d\u2019habitants, l\u2019acc\u00e8s aux soins sp\u00e9cialis\u00e9s pour la peau est devenu un v\u00e9ritable parcours du combattant. <\/p>\n<p>Dermatologues en nombre insuffisant, disparit\u00e9s territoriales, d\u00e9lais interminables\u2026 Autant de facteurs qui s\u00e9rieusement fragilisent <a href=\"https:\/\/ma-sante.news\/cancer-de-la-peau-une-semaine-pour-se-faire-depister\/\" target=\"_blank\" rel=\"noopener\">la d\u00e9tection pr\u00e9coce des cancers cutan\u00e9s <\/a>et le suivi<a href=\"https:\/\/ma-sante.news\/eczema-zona-urticaire-psoriasis-cest-quoi-la-difference\/\" target=\"_blank\" rel=\"noopener\"> des maladies dermatologiques<\/a>.<\/p>\n<p>        Maladie de peau : la dermatologie en mode survie\u00a0    <strong>Un d\u00e9sert de dermatos<\/strong>    <\/p>\n<p>La France compte environ 2 880 dermatologues en exercice en 2024, soit une densit\u00e9 d\u2019environ 3,3 \u00e0 3,6 dermatologues pour 100 000 habitants. Loin des besoins r\u00e9els. Lors d\u2019un \u00e9tat des lieux pr\u00e9sent\u00e9 au printemps 2025, les instances de la profession avaient rappel\u00e9s que plusieurs d\u00e9partements n\u2019ont aujourd\u2019hui aucun dermatologue install\u00e9.<\/p>\n<p>Cette p\u00e9nurie s\u2019explique notamment par un vieillissement marqu\u00e9 de la profession. Presque 30-40 % des praticiens ont plus de 55-60 ans et partiront \u00e0 la retraite dans les prochaines ann\u00e9es. En 2007, on comptait autour de 3 542 dermatologues en activit\u00e9. La discipline a perdu entre 15 et 20 % de ses effectifs en moins de deux d\u00e9cennies.<\/p>\n<p>Le probl\u00e8me ne se limite pas au nombre, mais \u00e0 la r\u00e9partition g\u00e9ographique. Les dermatologues s\u2019installent surtout en zones urbaines, dans des cabinets bien \u00e9quip\u00e9s. Les zones rurales, les d\u00e9partements peu denses, sont laiss\u00e9s pour compte.<\/p>\n<p>        <strong>Quand prendre rendez-vous rel\u00e8ve de l\u2019exploit<\/strong>    <\/p>\n<p>Quand on a la chance d\u2019habiter dans une zone \u201cpourvue\u201d, les d\u00e9lais restent longs. En 2023, 73 % des Fran\u00e7ais d\u00e9claraient juger l\u2019acc\u00e8s \u00e0 un dermatologue \u00ab difficile \u00bb. Le temps d\u2019attente moyen pour une simple consultation a plus que doubl\u00e9 en dix-quinze ans. Nous sommes pass\u00e9 de 41 jours en 2012 \u00e0 environ 104 jours en 2023.<\/p>\n<p>Et pour beaucoup, le rendez-vous ne vient jamais. D\u2019apr\u00e8s certaines enqu\u00eates, pr\u00e8s de la moiti\u00e9 des patients renoncent \u00e0 consulter un dermatologue \u00e0 cause des d\u00e9lais, de l\u2019\u00e9loignement ou du refus de nouveaux patients.<\/p>\n<p>Pour ceux qui persistent, l\u2019attente peut s\u2019\u00e9tirer \u00e0 6, 9 mois, voire plus. Un d\u00e9lai dramatique quand il s\u2019agit de surveiller<a href=\"https:\/\/ma-sante.news\/dermato-quels-sont-les-grains-de-beaute-dangereux\/\" target=\"_blank\" rel=\"noopener\"> un grain de beaut\u00e9 suspect<\/a>, <a href=\"https:\/\/ma-sante.news\/grain-de-beaute-arrache-est-ce-que-cest-dangereux\/\" target=\"_blank\" rel=\"noopener\">une l\u00e9sion<\/a> ou une pouss\u00e9e dermatologique.\u00a0<\/p>\n<p>        <strong>Le d\u00e9s\u00e9quilibre entre l\u2019offre et la demande<\/strong>    <\/p>\n<p>Si la p\u00e9nurie s\u2019aggrave, ce n\u2019est pas par hasard. Plusieurs facteurs structurels expliquent cette situation :<\/p>\n<ul class=\"wp-block-list\">\n<li>Une formation qui ne suffit plus \u00e0 maintenir les effectifs : depuis plusieurs ann\u00e9es, le nombre d\u2019internes choisissant la dermatologie n\u2019\u00e9quilibre plus les d\u00e9parts en retraite. R\u00e9sultat, les sp\u00e9cialistes se rar\u00e9fient progressivement.<\/li>\n<li>Une implantation tr\u00e8s urbaine : l\u2019essentiel des jeunes dermatologues s\u2019installe dans les grandes villes, plus attractives en termes de qualit\u00e9 de vie et de conditions de travail, laissant nombre de territoires ruraux sans solution locale.<\/li>\n<li>Une demande en pleine expansion : <a href=\"https:\/\/ma-sante.news\/moins-de-bebes-plus-de-deces-la-france-face-a-un-tournant-demographique-historique\/\" target=\"_blank\" rel=\"noopener\">le vieillissement de la population<\/a>, <a href=\"https:\/\/ma-sante.news\/melanome-nous-observons-une-augmentation-des-cancers-de-la-peau\/\" target=\"_blank\" rel=\"noopener\">la hausse des cancers cutan\u00e9s<\/a>, l\u2019explosion des maladies inflammatoires de la peau et <a href=\"https:\/\/ma-sante.news\/quels-sont-les-effets-invisibles-du-soleil-sur-la-peau\/\" target=\"_blank\" rel=\"noopener\">une exposition solaire plus importante<\/a> augmentent fortement le volume de consultations.<\/li>\n<li>Une discipline parfois r\u00e9duite \u00e0 tort \u00e0 l\u2019esth\u00e9tique : le grand public imagine encore souvent lasers et injection comme le c\u0153ur du m\u00e9tier, alors que l\u2019essentiel concerne le m\u00e9dical :<a href=\"https:\/\/ma-sante.news\/melanome-pourquoi-la-prevention-du-cancer-de-la-peau-devient-urgente-en-france\/\" target=\"_blank\" rel=\"noopener\"> d\u00e9pistage des m\u00e9lanomes<\/a>, prise en charge des dermatoses chroniques, suivi des l\u00e9sions suspectes.<\/li>\n<\/ul>\n<p>Au final, la situation tient en une formule simple : moins de dermatologues, davantage de patients, et des professionnels concentr\u00e9s dans les villes. Une combinaison qui met le syst\u00e8me sous pression et les patients en attente.<\/p>\n<p>        Patients et soignants : des in\u00e9galit\u00e9s d\u2019acc\u00e8s criantes    <strong>P\u00e9nurie de dermatos : les cons\u00e9quences pour la sant\u00e9 des Fran\u00e7ais<\/strong>    <\/p>\n<p>Lorsque les rendez-vous se font rares, c\u2019est l\u2019ensemble de la pr\u00e9vention qui s\u2019enraye. Or, en dermatologie, le temps est souvent d\u00e9terminant. <a href=\"https:\/\/ma-sante.news\/melanome-et-cancers-de-la-peau-les-conseils-dune-dermatologue\/\" target=\"_blank\" rel=\"noopener\">Un m\u00e9lanome d\u00e9tect\u00e9 t\u00f4t se traite efficacement<\/a>, d\u00e9tect\u00e9 tardivement il peut devenir redoutable. M\u00eame r\u00e9alit\u00e9 pour <a href=\"https:\/\/ma-sante.news\/psoriasis-peut-on-vraiment-esperer-un-traitement-definitif\/\" target=\"_blank\" rel=\"noopener\">le psoriasis<\/a>, <a href=\"https:\/\/ma-sante.news\/leczema-comment-sen-debarrasser\/\" target=\"_blank\" rel=\"noopener\">l\u2019ecz\u00e9ma<\/a> ou les dermatoses chroniques, qui n\u00e9cessitent un suivi r\u00e9gulier pour \u00e9viter les pouss\u00e9es s\u00e9v\u00e8res.<\/p>\n<p>Faute de cr\u00e9neaux disponibles, certains patients se d\u00e9couragent. Ils reportent, attendent, renoncent. Une l\u00e9sion qui aurait d\u00fb \u00eatre contr\u00f4l\u00e9e, patiente des mois, parfois des ann\u00e9es. Avec \u00e0 la cl\u00e9 des complications, une prise en charge plus lourde ou simplement une qualit\u00e9 de vie alt\u00e9r\u00e9e : d\u00e9mangeaisons persistantes, douleurs, cicatrices visibles.<\/p>\n<p>\u00c0 cela s\u2019ajoute une in\u00e9galit\u00e9 criante. Selon que l\u2019on habite en centre-ville ou en zone rurale, l\u2019acc\u00e8s \u00e0 un sp\u00e9cialiste peut varier du tout au rien. Un rendez-vous \u00e0 deux semaines pour certains, six mois pour d\u2019autres.<\/p>\n<p>        <strong>Dermatologie : les alertes de la profession<\/strong>    <\/p>\n<p>Depuis 2024\u20132025, les soci\u00e9t\u00e9s savantes et syndicats de dermatologues multiplient les prises de parole : la p\u00e9nurie n\u2019est plus un accident, c\u2019est une crise install\u00e9e et structurelle, affirment-ils. La Soci\u00e9t\u00e9 Fran\u00e7aise de Dermatologie appelle d\u2019ailleurs l\u2019\u00c9tat \u00e0 agir rapidement pour \u00e9viter une d\u00e9gradation durable du syst\u00e8me de soins.<\/p>\n<p>Former davantage d\u2019internes, faciliter l\u2019installation dans les zones rurales, renforcer le travail en r\u00e9seau entre g\u00e9n\u00e9ralistes, pharmaciens et sp\u00e9cialistes, et organiser des \u00e9quipes de soins coordonn\u00e9es pour absorber une partie des consultations.<\/p>\n<p>Mais toutes les r\u00e9ponses ne font pas consensus. Certains professionnels s\u2019inqui\u00e8tent de voir<a href=\"https:\/\/ma-sante.news\/medecine-esthetique-les-5-grandes-tendances-qui-vont-tout-changer-en-2025\/\" target=\"_blank\" rel=\"noopener\"> la m\u00e9decine esth\u00e9tique <\/a>pr\u00e9sent\u00e9e comme une alternative au soin, ou de l\u2019essor de plateformes commerciales peu encadr\u00e9es, au risque d\u2019une d\u00e9rive consum\u00e9riste \u00e9loign\u00e9e des enjeux m\u00e9dicaux r\u00e9els.<\/p>\n<p>        Comment agir en attendant que la situation s\u2019am\u00e9liore ?    <\/p>\n<p>Face \u00e0 la p\u00e9nurie, les patients ne sont pas totalement d\u00e9munis. En attendant un rendez-vous, l\u2019auto-surveillance reste une arme pr\u00e9cieuse :\u00a0<\/p>\n<ul class=\"wp-block-list\">\n<li>observer r\u00e9guli\u00e8rement ses grains de beaut\u00e9,\u00a0<\/li>\n<li>rep\u00e9rer un changement de forme, de couleur,\u00a0<\/li>\n<li>une l\u00e9sion qui persiste.\u00a0<\/li>\n<\/ul>\n<p>La campagne nationale YES, I CAN, lanc\u00e9e en 2025 par la Soci\u00e9t\u00e9 Fran\u00e7aise de Dermatologie, encourage justement ce r\u00e9flexe de vigilance et l\u2019examen de la peau \u00e0 domicile.<\/p>\n<p>Dans les zones o\u00f9 aucun dermatologue n\u2019est disponible, le m\u00e9decin g\u00e9n\u00e9raliste peut constituer un premier point d\u2019appui, tout comme certains pharmaciens form\u00e9s qui orientent si n\u00e9cessaire vers une prise en charge sp\u00e9cialis\u00e9e.<\/p>\n<blockquote class=\"wp-block-quote is-layout-flow wp-block-quote-is-layout-flow\">\n<p><strong>\u00c0 SAVOIR\u00a0<\/strong><\/p>\n<p>En 2023, le m\u00e9lanome cutan\u00e9, la forme la plus grave de cancer de la peau, a repr\u00e9sent\u00e9 17 922 nouveaux cas en France, dont 9 109 \u00e9taient des hommes et 8 813 des femmes.<\/p>\n<\/blockquote>\n<p>  <a class=\"gofollow\" data-track=\"MTIsMCw2MA==\" href=\"https:\/\/ma-sante.news\/annonceurs\/\" target=\"_blank\" rel=\"noopener\"><img loading=\"lazy\" decoding=\"async\" width=\"2560\" height=\"2133\" src=\"data:image\/svg+xml,%3Csvg%20xmlns=\" http:=\"\" data-lazy-src=\"https:\/\/www.europesays.com\/fr\/wp-content\/uploads\/2025\/03\/pub-annonceurs-4-scaled.jpg\"\/><\/a>    <img loading=\"lazy\" decoding=\"async\" width=\"755\" height=\"495\" src=\"data:image\/svg+xml,%3Csvg%20xmlns=\" http:=\"\" data-lazy-src=\"https:\/\/www.europesays.com\/fr\/wp-content\/uploads\/2025\/03\/Image1.jpg\" data-lazy-src-webp=\"https:\/\/www.europesays.com\/fr\/wp-content\/uploads\/2025\/03\/Image1.jpg.webp\" class=\"ewww_webp_lazy_load\"\/>Inscrivez-vous \u00e0 notre newsletter <br \/>Ma Sant\u00e9                      <\/p>\n","protected":false},"excerpt":{"rendered":"Le m\u00e9lanome repr\u00e9sente l\u2019un des cancers de la peau les plus graves en raison de son fort potentiel&hellip;\n","protected":false},"author":2,"featured_media":588700,"comment_status":"","ping_status":"","sticky":false,"template":"","format":"standard","meta":{"footnotes":""},"categories":[10],"tags":[23494,1011,27,72,28147,71],"class_list":{"0":"post-588699","1":"post","2":"type-post","3":"status-publish","4":"format-standard","5":"has-post-thumbnail","7":"category-sante","8":"tag-cancer-de-la-peau","9":"tag-fr","10":"tag-france","11":"tag-health","12":"tag-mu00e9lanome","13":"tag-sante"},"share_on_mastodon":{"url":"https:\/\/pubeurope.com\/@fr\/115690049739715838","error":""},"_links":{"self":[{"href":"https:\/\/www.europesays.com\/fr\/wp-json\/wp\/v2\/posts\/588699","targetHints":{"allow":["GET"]}}],"collection":[{"href":"https:\/\/www.europesays.com\/fr\/wp-json\/wp\/v2\/posts"}],"about":[{"href":"https:\/\/www.europesays.com\/fr\/wp-json\/wp\/v2\/types\/post"}],"author":[{"embeddable":true,"href":"https:\/\/www.europesays.com\/fr\/wp-json\/wp\/v2\/users\/2"}],"replies":[{"embeddable":true,"href":"https:\/\/www.europesays.com\/fr\/wp-json\/wp\/v2\/comments?post=588699"}],"version-history":[{"count":0,"href":"https:\/\/www.europesays.com\/fr\/wp-json\/wp\/v2\/posts\/588699\/revisions"}],"wp:featuredmedia":[{"embeddable":true,"href":"https:\/\/www.europesays.com\/fr\/wp-json\/wp\/v2\/media\/588700"}],"wp:attachment":[{"href":"https:\/\/www.europesays.com\/fr\/wp-json\/wp\/v2\/media?parent=588699"}],"wp:term":[{"taxonomy":"category","embeddable":true,"href":"https:\/\/www.europesays.com\/fr\/wp-json\/wp\/v2\/categories?post=588699"},{"taxonomy":"post_tag","embeddable":true,"href":"https:\/\/www.europesays.com\/fr\/wp-json\/wp\/v2\/tags?post=588699"}],"curies":[{"name":"wp","href":"https:\/\/api.w.org\/{rel}","templated":true}]}}