{"id":588703,"date":"2025-12-09T14:21:12","date_gmt":"2025-12-09T14:21:12","guid":{"rendered":"https:\/\/www.europesays.com\/fr\/588703\/"},"modified":"2025-12-09T14:21:12","modified_gmt":"2025-12-09T14:21:12","slug":"brigitte-macron-et-ary-abittan-soyons-toutes-des-sales-connes-liberation","status":"publish","type":"post","link":"https:\/\/www.europesays.com\/fr\/588703\/","title":{"rendered":"Brigitte Macron et Ary Abittan : soyons toutes des \u00absales connes\u00bb &#8211; Lib\u00e9ration"},"content":{"rendered":"<ol>\n<li><a href=\"https:\/\/news.google.com\/rss\/articles\/CBMi5AFBVV95cUxQSlRTMGMzR2FPZmVzMjc3NFA3VE1oeWFLaXRjR0MwQ1kwcXlXc2ZrQ3pmcEZZMkpNTjFGU2RONUlCQng1OWY5eVZ4RzdDdjRFRHBZVU1JT25YWVNJRmlCenFtWWZDVWZfeEN2aEZLSVhGZnlqVXVnVktyaldPQlMwS3Bhd3Y3Ymt3R3hvaVVkNlVfRXJkZ01hMU9jYjlydng0UFFKejNYTG0tYjRPQnVYemJwT1lWcFl5anZGb2pUZlNTU1NmeTZpX3B5YmZLY3NHdDh6RV9SQ3dnRTRhYVV4a0ljMUU?oc=5\" target=\"_blank\" rel=\"noopener\">Brigitte Macron et Ary Abittan : soyons toutes des \u00absales connes\u00bb<\/a>&nbsp;&nbsp;Lib\u00e9ration<\/li>\n<li><a href=\"https:\/\/news.google.com\/rss\/articles\/CBMijgJBVV95cUxNZ2FCbGlmM3pnU3pzbTJZN1JEREtTbXE3LW1LUGhEdTJBaVZ2a3VmeGdXTEFTcDZ4ZWdNaktVZWJoWHdkYlFvRXhEbG02cmRXXzJ2UVBNdThERk5NdFlYb1hqREdBTG0zR2NITkxldVNvT2xQLS0xbDJKWTQ2Z19zM1dqQ0ZtbVdzZ3RZczFSR1FmTkFZX0ZkdTFIMGxjV0VaTFA4S1ZlaEM0ajE3bnIySlk3QU9MU1BwVWdMeWFzNkg2LTlmeDRUa0dsVng2Q2pHalYtM0RrNmFXOUR0dVVMMnQ0NDNua1NBOFFvYk5vaWxiUHZfUEdqU2hSQkRaMjh3U3RYM0ZESWtfRUpZcFE?oc=5\" target=\"_blank\" rel=\"noopener\">Brigitte Macron qualifie de \u00ab sales connes \u00bb des militantes de #NousToutes ayant interrompu un spectacle d\u2019Ary Abittan<\/a>&nbsp;&nbsp;Le Monde.fr<\/li>\n<li><a href=\"https:\/\/news.google.com\/rss\/articles\/CBMi-AFBVV95cUxPeGdiTldEcFg2OUJoMzN0U3VZaXVBbjA2Yzg3dE5IUktzNnZlbkFTZDlaYmdseXVPV1Yzb29aV0huMi1GX0tuTDExZmdDb0NNTXJfRmpReEluYy1uU1RGdER6MlJUandLZi1sRlV3MkJxdWFYTzB4UW1kQk9hS3VORkd1WlVsY19PcTdFLVdpTjNIcXpWbjF1U3VwcU9pVDhKeFJIYW02RUNrWVloY2hLb1JSSGVXSG8zVklvOHEyOHZtcUJ2MHhGMjd0V1RXRkE0NkxRVjZwZmFUZ3NONXQzUFZqQTN2RkcxRzVBRVpKQm1EWjl2UWt3bA?oc=5\" target=\"_blank\" rel=\"noopener\">\u00ab\u00a0Sales connes\u00a0\u00bb : apr\u00e8s les propos de Brigitte Macron, Fran\u00e7ois Hollande appelle sur RTL \u00e0 ne pas c\u00e9der \u00e0 \u00ab\u00a0une escalade verbale\u00a0\u00bb<\/a>&nbsp;&nbsp;RTL.fr<\/li>\n<li><a href=\"https:\/\/news.google.com\/rss\/articles\/CBMiggJBVV95cUxQeDR4d0RCczFXN2JNcVBjd3I2b3VIVVJaUDFIaU9Pdlgwc0Q3YWFlaWdHRFU2TS01eWNXZm9zU2Y1Qk95cWF5a2tabzZpaEdiWDFnWDVHVXplQ1o4aXhXMDlTRENtUzhlQkRFRTd0aGNRZi16YUpXc2syZl85bFYwbExEcDZmTGd0Rmw3NDU3WXVfc0pWZjE5SWZMMDJmdTFXdnVQak5MOEtrd1BLWjAzZ2NlVXptUkk1OUNUcDFRZVNybERQT3RrZHVwZ0UxMmpDRG1Kb2F3SGFrWlFWSjlZV1lPcDZ3aGxWajdwZkZtQVFoc1ZKYkRrVkZUX2piNjlwTFE?oc=5\" target=\"_blank\" rel=\"noopener\">\u00ab Moi aussi je suis une sale conne \u00bb : l\u2019insulte de Brigitte Macron reprise par des militantes f\u00e9ministes<\/a>&nbsp;&nbsp;Sud Ouest<\/li>\n<li><a href=\"https:\/\/news.google.com\/rss\/articles\/CBMi6gFBVV95cUxNZEc3NDBaLUVvZExRbzRvUS1TSjZzaXQwZXpCd0JhNE9mc2hGYjNJa1U2SG9sb280LU9aajk0VzVaRzEzdjlPUmU1N3QyUXJFdmwybHVaMVZxNzcyWHVwU29xeEZ5SlRsRy16aS1rNVVtM3N5c2VHN2ZwTjRPYXJiZ2Jkc043X1FPVnFldF82a01UZTRPVUFGME1VczRuVU5PX0M3Ykg5V3AwVk9RR0t6cGRJMDczTHltQ3lDb0FYbTNfNlpDdTQ5X091N19IaGRQYmlmZG1XRWkxY1IwR3BlYTlFdE8xbF9kSUE?oc=5\" target=\"_blank\" rel=\"noopener\">\u00abUn probl\u00e8me de vulgarit\u00e9\u00bb : Fran\u00e7ois Hollande critique les propos de Brigitte Macron sur les militantes f\u00e9ministes<\/a>&nbsp;&nbsp;Le Figaro<\/li>\n<\/ol>\n","protected":false},"excerpt":{"rendered":"Brigitte Macron et Ary Abittan : soyons toutes des \u00absales connes\u00bb&nbsp;&nbsp;Lib\u00e9ration Brigitte Macron qualifie de \u00ab sales connes&hellip;\n","protected":false},"author":2,"featured_media":588704,"comment_status":"","ping_status":"","sticky":false,"template":"","format":"standard","meta":{"footnotes":""},"categories":[8],"tags":[986,58,59,6757,1011,27,6758,797,799],"class_list":{"0":"post-588703","1":"post","2":"type-post","3":"status-publish","4":"format-standard","5":"has-post-thumbnail","7":"category-divertissement","8":"tag-brigitte-macron","9":"tag-divertissement","10":"tag-entertainment","11":"tag-feminisme","12":"tag-fr","13":"tag-france","14":"tag-me-too","15":"tag-violences-faites-aux-femmes","16":"tag-violences-sexuelles"},"share_on_mastodon":{"url":"https:\/\/pubeurope.com\/@fr\/115690057653336846","error":""},"_links":{"self":[{"href":"https:\/\/www.europesays.com\/fr\/wp-json\/wp\/v2\/posts\/588703","targetHints":{"allow":["GET"]}}],"collection":[{"href":"https:\/\/www.europesays.com\/fr\/wp-json\/wp\/v2\/posts"}],"about":[{"href":"https:\/\/www.europesays.com\/fr\/wp-json\/wp\/v2\/types\/post"}],"author":[{"embeddable":true,"href":"https:\/\/www.europesays.com\/fr\/wp-json\/wp\/v2\/users\/2"}],"replies":[{"embeddable":true,"href":"https:\/\/www.europesays.com\/fr\/wp-json\/wp\/v2\/comments?post=588703"}],"version-history":[{"count":0,"href":"https:\/\/www.europesays.com\/fr\/wp-json\/wp\/v2\/posts\/588703\/revisions"}],"wp:featuredmedia":[{"embeddable":true,"href":"https:\/\/www.europesays.com\/fr\/wp-json\/wp\/v2\/media\/588704"}],"wp:attachment":[{"href":"https:\/\/www.europesays.com\/fr\/wp-json\/wp\/v2\/media?parent=588703"}],"wp:term":[{"taxonomy":"category","embeddable":true,"href":"https:\/\/www.europesays.com\/fr\/wp-json\/wp\/v2\/categories?post=588703"},{"taxonomy":"post_tag","embeddable":true,"href":"https:\/\/www.europesays.com\/fr\/wp-json\/wp\/v2\/tags?post=588703"}],"curies":[{"name":"wp","href":"https:\/\/api.w.org\/{rel}","templated":true}]}}