{"id":588710,"date":"2025-12-09T14:25:16","date_gmt":"2025-12-09T14:25:16","guid":{"rendered":"https:\/\/www.europesays.com\/fr\/588710\/"},"modified":"2025-12-09T14:25:16","modified_gmt":"2025-12-09T14:25:16","slug":"entre-edouard-philippe-et-sebastien-lecornu-une-amitie-a-lepreuve-des-ambitions","status":"publish","type":"post","link":"https:\/\/www.europesays.com\/fr\/588710\/","title":{"rendered":"entre \u00c9douard Philippe et S\u00e9bastien Lecornu, une amiti\u00e9 \u00e0 l\u2019\u00e9preuve des ambitions"},"content":{"rendered":"<p>\n    <strong>R\u00c9CIT<\/strong> &#8211; L\u2019ex-premier ministre et son lointain successeur, deux compagnons de route pass\u00e9s de l\u2019UMP \u00e0 la macronie, ont laiss\u00e9 appara\u00eetre leurs d\u00e9saccords sur la suspension de la r\u00e9forme des retraites. Mais ils imaginent se retrouver pour la campagne pr\u00e9sidentielle.<\/p>\n<p class=\"fig-paragraph\">La soir\u00e9e a commenc\u00e9.\u00a0<a href=\"https:\/\/www.lefigaro.fr\/tag\/edouard-philippe\" target=\"_blank\" rel=\"sponsored noopener\" data-gtm-custom-categorie=\"navigation\" data-gtm-custom-action=\"crossclick\" data-gtm-custom-label=\"Contextuel\" data-gtm-event=\"customEventSPE\">\u00c9douard Philippe<\/a>\u00a0et G\u00e9rald Darmanin trinquent, mais S\u00e9bastien Lecornu n\u2019est pas l\u00e0. Ce vendredi 28 novembre, le candidat d\u2019Horizons \u00e0 l\u2019\u00e9lection pr\u00e9sidentielle f\u00eate ses 55 ans dans son appartement parisien, mais le premier ministre a d\u00fb filer dans sa ville de Vernon (Eure), comme presque tous les week-ends. Son \u00abami\u00bb ne lui en tient pas rigueur\u00a0: lui-m\u00eame a s\u00e9ch\u00e9 son anniversaire surprise, sept ans plus t\u00f4t, quand il dirigeait le gouvernement.<\/p>\n<p class=\"fig-paragraph\">L\u2019exercice du pouvoir s\u2019est intercal\u00e9 entre \u00c9douard Philippe et S\u00e9bastien Lecornu. Ces derniers jours, les deux Normands venus de la droite, amis depuis une quinzaine d\u2019ann\u00e9es, ont laiss\u00e9 appara\u00eetre des d\u00e9saccords au grand jour. Le maire du Havre a demand\u00e9 \u00e0 ses 34 d\u00e9put\u00e9s de s\u2019abstenir ce mardi,\u00a0<a href=\"http:\/\/www.lefigaro.fr\/politique\/trois-mois-apres-sa-nomination-l-epreuve-de-verite-pour-sebastien-lecornu-20251208\" data-fig-type=\"Article\" data-gtm-custom-categorie=\"navigation\" data-gtm-custom-action=\"crossclick\" data-gtm-custom-label=\"Contextuel\" data-gtm-event=\"customEventSPE\" data-fig-domain=\"LEFIGARO\" target=\"_blank\" rel=\"noopener\">lors du vote du budget de la S\u00e9curit\u00e9 sociale<\/a>, qui pr\u00e9voit de suspendre la derni\u00e8re r\u00e9forme des retraites.<\/p>\n<p class=\"fig-paragraph\">\u00abJe ne suis pas partisan du chaos, je ne propose pas de voter contre. Je n\u2019ai jamais voulu que le gouvernement de S\u00e9bastien\u2026<\/p>\n<p class=\"fig-premium-paywall__infos\">\n        Cet article est r\u00e9serv\u00e9 aux abonn\u00e9s.        Il vous reste 87% \u00e0 d\u00e9couvrir.\n    <\/p>\n<p>                <img  data- alt=\"Le Figaro\" class=\"fig-img--complete fig-img\"\/><\/p>\n<p class=\"fig-premium-paywall__title\">Vente Flash<\/p>\n<p class=\"fig-premium-paywall__subtitle\">-50% sur l&rsquo;abonnement num\u00e9rique<\/p>\n<p class=\"fig-premium-paywall__connect\">\n                D\u00e9j\u00e0 abonn\u00e9\u00a0?                <a class=\"fig-premium-paywall__connect-link\" href=\"https:\/\/connect.lefigaro.fr\/login?client=horizon_web&amp;type=main&amp;redirect_uri=https%3A%2F%2Fwww.lefigaro.fr%2Fpolitique%2Fc-est-pas-un-drame-entre-edouard-philippe-et-sebastien-lecornu-une-amitie-a-l-epreuve-des-ambitions-20251209\" data-js-gtm=\"{&quot;customCategorie&quot;: &quot;conversion&quot;, &quot;customAction&quot;: &quot;before_Landing_Connexion_paywall_auto&quot;, &quot;customLabel&quot;: &quot;bGVmaWdhcm8uZnJfXzFmMGQ0ZjE4LWY1YmQtNmMzNC1hYjFmLTZmOGJhZGVmMjI0YV9fQXJ0aWNsZQ==_\u00abC\u2019est pas un drame\u00bb\u00a0: entre \u00c9douard Philippe et S\u00e9bastien Lecornu, une amiti\u00e9 \u00e0 l\u2019\u00e9preuve des ambitions_122&quot;, &quot;customIDSPE&quot;: &quot;bGVmaWdhcm8uZnJfXzFmMGQ0ZjE4LWY1YmQtNmMzNC1hYjFmLTZmOGJhZGVmMjI0YV9fQXJ0aWNsZQ==&quot;, &quot;event&quot;: &quot;customEventSPE&quot;}\" target=\"_blank\" rel=\"noopener\"><br \/>\n                    Connectez-vous<br \/>\n                <\/a>\n            <\/p>\n","protected":false},"excerpt":{"rendered":"R\u00c9CIT &#8211; L\u2019ex-premier ministre et son lointain successeur, deux compagnons de route pass\u00e9s de l\u2019UMP \u00e0 la macronie,&hellip;\n","protected":false},"author":2,"featured_media":588711,"comment_status":"","ping_status":"","sticky":false,"template":"","format":"standard","meta":{"footnotes":""},"categories":[4],"tags":[11,1003,3080,1011,27,12,25,11067],"class_list":{"0":"post-588710","1":"post","2":"type-post","3":"status-publish","4":"format-standard","5":"has-post-thumbnail","7":"category-france","8":"tag-actualites","9":"tag-budget","10":"tag-edouard-philippe","11":"tag-fr","12":"tag-france","13":"tag-news","14":"tag-republique-francaise","15":"tag-sebastien-lecornu"},"share_on_mastodon":{"url":"","error":""},"_links":{"self":[{"href":"https:\/\/www.europesays.com\/fr\/wp-json\/wp\/v2\/posts\/588710","targetHints":{"allow":["GET"]}}],"collection":[{"href":"https:\/\/www.europesays.com\/fr\/wp-json\/wp\/v2\/posts"}],"about":[{"href":"https:\/\/www.europesays.com\/fr\/wp-json\/wp\/v2\/types\/post"}],"author":[{"embeddable":true,"href":"https:\/\/www.europesays.com\/fr\/wp-json\/wp\/v2\/users\/2"}],"replies":[{"embeddable":true,"href":"https:\/\/www.europesays.com\/fr\/wp-json\/wp\/v2\/comments?post=588710"}],"version-history":[{"count":0,"href":"https:\/\/www.europesays.com\/fr\/wp-json\/wp\/v2\/posts\/588710\/revisions"}],"wp:featuredmedia":[{"embeddable":true,"href":"https:\/\/www.europesays.com\/fr\/wp-json\/wp\/v2\/media\/588711"}],"wp:attachment":[{"href":"https:\/\/www.europesays.com\/fr\/wp-json\/wp\/v2\/media?parent=588710"}],"wp:term":[{"taxonomy":"category","embeddable":true,"href":"https:\/\/www.europesays.com\/fr\/wp-json\/wp\/v2\/categories?post=588710"},{"taxonomy":"post_tag","embeddable":true,"href":"https:\/\/www.europesays.com\/fr\/wp-json\/wp\/v2\/tags?post=588710"}],"curies":[{"name":"wp","href":"https:\/\/api.w.org\/{rel}","templated":true}]}}