{"id":588716,"date":"2025-12-09T14:28:17","date_gmt":"2025-12-09T14:28:17","guid":{"rendered":"https:\/\/www.europesays.com\/fr\/588716\/"},"modified":"2025-12-09T14:28:17","modified_gmt":"2025-12-09T14:28:17","slug":"jean-pierre-berger-finalement-candidat-a-la-mairie-de-saint-etienne","status":"publish","type":"post","link":"https:\/\/www.europesays.com\/fr\/588716\/","title":{"rendered":"Jean-Pierre Berger finalement candidat \u00e0 la mairie de Saint-Etienne"},"content":{"rendered":"<p><img loading=\"lazy\" decoding=\"async\" alt=\"\u00a9 Pierre Grasset \/ L'Essor - Jean-Pierre Berger sera le candidat de la majorit\u00e9 st\u00e9phanoise pour succ\u00e9der \u00e0 Ga\u00ebl Perdriau.\" data-zoom-src=\"https:\/\/www.europesays.com\/fr\/wp-content\/uploads\/2025\/12\/initial-jean-pierre-berger-saint-etienne-mairie.jpg\" data-zoomable=\"\" height=\"702\" src=\"https:\/\/www.europesays.com\/fr\/wp-content\/uploads\/2025\/12\/initial-jean-pierre-berger-saint-etienne-mairie.jpg\" width=\"1248\"\/>  <\/p>\n<p class=\"article-desc\">\u00a9 Pierre Grasset \/ L&rsquo;Essor &#8211; Jean-Pierre Berger sera le candidat de la majorit\u00e9 st\u00e9phanoise pour succ\u00e9der \u00e0 Ga\u00ebl Perdriau. <\/p>\n<p>Dans un \u00e9ni\u00e8me rebondissement, <strong>la majorit\u00e9 municipale<\/strong> annonce que finalement <strong>Jean-Pierre Berger<\/strong>, premier adjoint \u00e0 la Ville de Saint-\u00c9tienne sera le candidat de la majorit\u00e9 pour <strong>succ\u00e9der \u00e0 Ga\u00ebl Perdriau <\/strong>et terminer le mandat jusqu&rsquo;aux prochaines\u00a0\u00e9lections municipales de mars 2026.\u00a0 <\/p>\n<p>Alors que le conseil de majorit\u00e9 qui se d\u00e9roulait lundi 1er d\u00e9cembre, quelques heures apr\u00e8s <a href=\"https:\/\/mesinfos.fr\/42000-saint-etienne\/chantage-a-la-mairie-de-saint-etienne-gael-perdriau-reconnu-coupable-235030.html\" rel=\"noopener\" target=\"_blank\">le verdict condamnant l&rsquo;ancien maire<\/a> de la cit\u00e9 st\u00e9phanoise, Ga\u00ebl Perdriau, d\u00e9signait par une courte avance de deux voix, <strong>Marc Chassaub\u00e9n\u00e9, <\/strong>candidat \u00e0 la fonction de maire, ce mardi 9 d\u00e9cembre c&rsquo;est un r\u00e9trop\u00e9dalage en r\u00e8gle qui s&rsquo;op\u00e8re. <\/p>\n<p>Jean-Pierre Berger, maire et Marc Chassaub\u00e9n\u00e9 premier adjoint \u00e0 la mairie de Saint-\u00c9tienne <\/p>\n<p>Le communiqu\u00e9 transmis ce jour \u00e0 notre r\u00e9daction indique, que \u00ab\u00a0dans un souci d\u2019apaisement, d\u2019unit\u00e9, de dialogue, de coh\u00e9sion, et dans l\u2019int\u00e9r\u00eat de la ville de Saint-\u00c9tienne et de la vie municipale, Marc Chassaub\u00e9n\u00e9, a propos\u00e9 \u00e0 Jean-Pierre Berger qu\u2019il soit le candidat de la majorit\u00e9 municipale, \u00e0 la fonction de maire, jeudi prochain au conseil municipal de Saint-\u00c9tienne.\u00a0\u00bb <\/p>\n<p>L&rsquo;\u00e9lu \u00e0 la Culture devrait h\u00e9riter du poste de premier adjoint et pr\u00e9sentera <a href=\"https:\/\/mesinfos.fr\/42000-saint-etienne\/saint-etienne-un-maire-par-interim-elu-jeudi-11-decembre-2025-235596.html\" rel=\"noopener\" target=\"_blank\">jeudi 11 d\u00e9cembre<\/a> lors du conseil municipal extraordinaire une liste d&rsquo;adjoints, \u00ab\u00a0afin de former une \u00e9quipe au travail, soud\u00e9e, \u00e0 l\u2019\u00e9coute, comp\u00e9tente, au service de Saint-\u00c9tienne et de ses habitants.\u00a0\u00bb<\/p>\n","protected":false},"excerpt":{"rendered":"\u00a9 Pierre Grasset \/ L&rsquo;Essor &#8211; Jean-Pierre Berger sera le candidat de la majorit\u00e9 st\u00e9phanoise pour succ\u00e9der \u00e0&hellip;\n","protected":false},"author":2,"featured_media":588717,"comment_status":"","ping_status":"","sticky":false,"template":"","format":"standard","meta":{"footnotes":""},"categories":[9653],"tags":[1111,11,2430,1777,674,1011,27,12,25,4001,37919,15880],"class_list":{"0":"post-588716","1":"post","2":"type-post","3":"status-publish","4":"format-standard","5":"has-post-thumbnail","7":"category-saint-etienne","8":"tag-actu","9":"tag-actualites","10":"tag-auvergne-rhone-alpes","11":"tag-eu","12":"tag-europe","13":"tag-fr","14":"tag-france","15":"tag-news","16":"tag-republique-francaise","17":"tag-saint-etienne","18":"tag-u00c9lections","19":"tag-ville-de-saint-etienne"},"share_on_mastodon":{"url":"https:\/\/pubeurope.com\/@fr\/115690087110207043","error":""},"_links":{"self":[{"href":"https:\/\/www.europesays.com\/fr\/wp-json\/wp\/v2\/posts\/588716","targetHints":{"allow":["GET"]}}],"collection":[{"href":"https:\/\/www.europesays.com\/fr\/wp-json\/wp\/v2\/posts"}],"about":[{"href":"https:\/\/www.europesays.com\/fr\/wp-json\/wp\/v2\/types\/post"}],"author":[{"embeddable":true,"href":"https:\/\/www.europesays.com\/fr\/wp-json\/wp\/v2\/users\/2"}],"replies":[{"embeddable":true,"href":"https:\/\/www.europesays.com\/fr\/wp-json\/wp\/v2\/comments?post=588716"}],"version-history":[{"count":0,"href":"https:\/\/www.europesays.com\/fr\/wp-json\/wp\/v2\/posts\/588716\/revisions"}],"wp:featuredmedia":[{"embeddable":true,"href":"https:\/\/www.europesays.com\/fr\/wp-json\/wp\/v2\/media\/588717"}],"wp:attachment":[{"href":"https:\/\/www.europesays.com\/fr\/wp-json\/wp\/v2\/media?parent=588716"}],"wp:term":[{"taxonomy":"category","embeddable":true,"href":"https:\/\/www.europesays.com\/fr\/wp-json\/wp\/v2\/categories?post=588716"},{"taxonomy":"post_tag","embeddable":true,"href":"https:\/\/www.europesays.com\/fr\/wp-json\/wp\/v2\/tags?post=588716"}],"curies":[{"name":"wp","href":"https:\/\/api.w.org\/{rel}","templated":true}]}}