{"id":588720,"date":"2025-12-09T14:35:18","date_gmt":"2025-12-09T14:35:18","guid":{"rendered":"https:\/\/www.europesays.com\/fr\/588720\/"},"modified":"2025-12-09T14:35:18","modified_gmt":"2025-12-09T14:35:18","slug":"a-toulon-les-laureats-2025-des-trophees-tpm","status":"publish","type":"post","link":"https:\/\/www.europesays.com\/fr\/588720\/","title":{"rendered":"\u00c0 Toulon, les laur\u00e9ats 2025 des Troph\u00e9es TPM"},"content":{"rendered":"<p>                    <img loading=\"lazy\" decoding=\"async\" src=\"https:\/\/www.europesays.com\/fr\/wp-content\/uploads\/2025\/12\/ee07bbdbd79cc93019ab7305a84075.jpg\" class=\"img-responsive post-image\" width=\"680\" height=\"510\" alt=\"\u00c0 Toulon, les laur\u00e9ats\" title=\"\u00c0 Toulon, les laur\u00e9ats 2025 des Troph\u00e9es TPM\"\/><\/p>\n<p class=\"chapo\">La croissance et l\u2019innovation \u00e9conomique vertueuse (Economie, tourisme, sports), ont \u00e9t\u00e9 r\u00e9compens\u00e9es.<\/p>\n<p>Pour la 4\u00e8me ann\u00e9e cons\u00e9cutive, la M\u00e9tropole Toulon Provence M\u00e9diterran\u00e9e a d\u00e9cern\u00e9 les Troph\u00e9es TPM 2025 qui c\u00e9l\u00e8brent l\u2019innovation, le talent et l\u2019engagement. Ils mettent \u00e0 l\u2019honneur ceux qui, par leur audace et leur vision, contribuent \u00e0 l\u2019excellence et au rayonnement de la m\u00e9tropole \u00e0 l\u2019\u00e9chelle nationale ou internationale. TPM, avec TVT Innovation, a lanc\u00e9 en 2022 les Troph\u00e9es TPM qui r\u00e9compense les p\u00e9pites du territoire. TPM distingue aussi les personnalit\u00e9s dont l\u2019engagement et les initiatives transforment le territoire.<br class=\"texte\"\/><br \/>\nC\u2019est l\u2019\u00e9crivain franco-v\u00e9n\u00e9zu\u00e9lien<strong> Miguel Bonnefoy,<\/strong> install\u00e9 \u00e0 Toulon depuis 3 ans et Prix d\u2019honneur de ces Troph\u00e9es, qui a ouvert la soir\u00e9e. Laur\u00e9at du Grand Prix du roman de l\u2019Acad\u00e9mie Fran\u00e7aise et du Prix Femina pour son roman \u00ab\u00a0Le R\u00eave du jaguar\u00a0\u00bb &#8211; inspir\u00e9 de la vie de son grand-p\u00e8re, orphelin devenu chirurgien au V\u00e9n\u00e9zu\u00e9la &#8211; Miguel Bonnefoy a conquis l\u2019auditoire avec son discours humaniste et plein d\u2019espoir. Durant la soir\u00e9e, il a \u00e9t\u00e9 annonc\u00e9 la victoire de <strong>C\u00e9lia Cancan<\/strong>, sportive de l\u2019ann\u00e9e TPM, et m\u00e9daill\u00e9e d\u2019or au P\u00e9rou des Championnats du Monde Juniors de Judo. Enfin, la soci\u00e9t\u00e9 DEMD, qui produit la s\u00e9rie Tom et Lola, a re\u00e7u un prix d\u2019honneur.<\/p>\n<p>Les laur\u00e9ats 2025 <\/p>\n<p><strong>D\u00e9veloppement durable et \u00e9conomie circulaire\u00a0:<\/strong><br class=\"autobr\"\/><br \/>\nNUM\u00c9RISUD \u00e0 La Seyne-sur-Mer.<br class=\"autobr\"\/><br \/>\n<strong>Num\u00e9rique et Innovation\u00a0:<\/strong><br class=\"autobr\"\/><br \/>\nKONTRON FRANCE \u00e0 La Garde.<br class=\"autobr\"\/><br \/>\n<strong>Sant\u00e9, e-sant\u00e9, Silver \u00e9conomie et solidarit\u00e9\u00a0:<\/strong><br class=\"autobr\"\/><br \/>\nALPHANOVA SANT\u00c9 au Pradet.<br class=\"autobr\"\/><br \/>\n<strong>Agriculture et alimentation\u00a0:<\/strong><br class=\"autobr\"\/><br \/>\nGabrielle PRIOLIO \u00e0 La Seyne-sur-Mer.<br class=\"autobr\"\/><br \/>\n<strong>Tourisme, \u00e9v\u00e9nementiel, h\u00f4tellerie et restauration\u00a0:<\/strong><br class=\"autobr\"\/><br \/>\n\u00cele des Embiez \u00e0 Six-Fours-les-Plages.<br class=\"autobr\"\/><br \/>\n<strong>Industries culturelles et cr\u00e9atives\u00a0:<\/strong><br class=\"autobr\"\/><br \/>\nNicolas BARRAQU\u00c9 \u00e0 Hy\u00e8res.<br class=\"autobr\"\/><br \/>\n<strong>D\u00e9fense, \u00e9conomie de la mer, industrie\u00a0:<\/strong><br class=\"autobr\"\/><br \/>\nDOM au Pradet.<br class=\"autobr\"\/><br \/>\n<strong>Commerce et artisanat\u00a0:<\/strong><br class=\"autobr\"\/><br \/>\nMaison JONQUIER \u00e0 Ollioules.<br class=\"autobr\"\/><br \/>\n<strong>Responsabilit\u00e9 Soci\u00e9tale des Entreprises \u2013 RSE\u00a0:<\/strong><br class=\"autobr\"\/><br \/>\nA\u00e9roport de Toulon \u2013 Hy\u00e8res.<br class=\"autobr\"\/><br \/>\n<strong>Enseignement sup\u00e9rieur et recherche\u00a0:<\/strong><br class=\"autobr\"\/><br \/>\nInstitut Universitaire de Technologie \u00e0 La Garde.<br class=\"autobr\"\/><br \/>\n<strong>Sportif ou club sportif de l\u2019ann\u00e9e\u00a0:<\/strong><br class=\"autobr\"\/><br \/>\nC\u00e9lia CANCAN \u2013 Toulon.<br class=\"autobr\"\/><br \/>\n<strong>Association de l\u2019ann\u00e9e\u00a0:<\/strong><br class=\"autobr\"\/><br \/>\nUnion Diaconale du Var &#8211; M\u00e9tropole TPM.<br class=\"autobr\"\/><br \/>\n<strong>Jeunesse\u00a0:<\/strong><br class=\"autobr\"\/><br \/>\nPoeiti TROUCHE \u2013 Toulon.<br class=\"autobr\"\/><br \/>\n<strong>Start-up de l\u2019ann\u00e9e\u00a0:<\/strong><br class=\"autobr\"\/><br \/>\nPRODEA DEPOLLUTING \u00e0 Six-Fours-les-Plages.<br class=\"autobr\"\/><br \/>\n<strong>Prix d\u2019honneur TPM\u00a0:<\/strong><br class=\"autobr\"\/><br \/>\nMiguel BONNEFOY \u00e0 Toulon.<br class=\"autobr\"\/><br \/>\n<strong>Prix d\u2019honneur TPM\u00a0:<\/strong><br class=\"autobr\"\/><br \/>\nDEMD PRODUCTIONS &#8211; M\u00e9tropole TPM.<br class=\"autobr\"\/><br \/>\n<strong>Prix sp\u00e9cial TPM\u00a0:<\/strong><br class=\"autobr\"\/><br \/>\nVINCI Autoroutes &#8211; M\u00e9tropole TPM.<br class=\"autobr\"\/><br \/>\n<strong>Prix sp\u00e9cial TPM\u00a0:<\/strong><br class=\"autobr\"\/><br \/>\nCentre Hospitalier de Hy\u00e8res.<br class=\"autobr\"\/><br \/>\n<strong>Entrepreneur de l\u2019ann\u00e9e\u00a0:<\/strong><br class=\"autobr\"\/><br \/>\nLaurent DOUCET \u2013 Pizzeria GAETANO \u00e0 Toulon et Hy\u00e8res.<\/p>\n<p>Photo de Une \u00a9Philippe OLIVIER<\/p>\n","protected":false},"excerpt":{"rendered":"La croissance et l\u2019innovation \u00e9conomique vertueuse (Economie, tourisme, sports), ont \u00e9t\u00e9 r\u00e9compens\u00e9es. Pour la 4\u00e8me ann\u00e9e cons\u00e9cutive, la&hellip;\n","protected":false},"author":2,"featured_media":588721,"comment_status":"","ping_status":"","sticky":false,"template":"","format":"standard","meta":{"footnotes":""},"categories":[9619],"tags":[1111,11,2408,1777,674,1011,27,12,882,25,2310],"class_list":{"0":"post-588720","1":"post","2":"type-post","3":"status-publish","4":"format-standard","5":"has-post-thumbnail","7":"category-toulon","8":"tag-actu","9":"tag-actualites","10":"tag-appels-d","11":"tag-eu","12":"tag-europe","13":"tag-fr","14":"tag-france","15":"tag-news","16":"tag-provence-alpes-cote-dazur","17":"tag-republique-francaise","18":"tag-toulon"},"share_on_mastodon":{"url":"https:\/\/pubeurope.com\/@fr\/115690113295289476","error":""},"_links":{"self":[{"href":"https:\/\/www.europesays.com\/fr\/wp-json\/wp\/v2\/posts\/588720","targetHints":{"allow":["GET"]}}],"collection":[{"href":"https:\/\/www.europesays.com\/fr\/wp-json\/wp\/v2\/posts"}],"about":[{"href":"https:\/\/www.europesays.com\/fr\/wp-json\/wp\/v2\/types\/post"}],"author":[{"embeddable":true,"href":"https:\/\/www.europesays.com\/fr\/wp-json\/wp\/v2\/users\/2"}],"replies":[{"embeddable":true,"href":"https:\/\/www.europesays.com\/fr\/wp-json\/wp\/v2\/comments?post=588720"}],"version-history":[{"count":0,"href":"https:\/\/www.europesays.com\/fr\/wp-json\/wp\/v2\/posts\/588720\/revisions"}],"wp:featuredmedia":[{"embeddable":true,"href":"https:\/\/www.europesays.com\/fr\/wp-json\/wp\/v2\/media\/588721"}],"wp:attachment":[{"href":"https:\/\/www.europesays.com\/fr\/wp-json\/wp\/v2\/media?parent=588720"}],"wp:term":[{"taxonomy":"category","embeddable":true,"href":"https:\/\/www.europesays.com\/fr\/wp-json\/wp\/v2\/categories?post=588720"},{"taxonomy":"post_tag","embeddable":true,"href":"https:\/\/www.europesays.com\/fr\/wp-json\/wp\/v2\/tags?post=588720"}],"curies":[{"name":"wp","href":"https:\/\/api.w.org\/{rel}","templated":true}]}}