{"id":588722,"date":"2025-12-09T14:36:31","date_gmt":"2025-12-09T14:36:31","guid":{"rendered":"https:\/\/www.europesays.com\/fr\/588722\/"},"modified":"2025-12-09T14:36:31","modified_gmt":"2025-12-09T14:36:31","slug":"bath-perd-son-pilier-will-stuart-toulon-soulage","status":"publish","type":"post","link":"https:\/\/www.europesays.com\/fr\/588722\/","title":{"rendered":"Bath perd son pilier Will Stuart, Toulon soulag\u00e9 ?"},"content":{"rendered":"<p>Samedi soir, Bath a largement domin\u00e9 le Munster (40-14) en Coupe des champions. Mais derri\u00e8re ce succ\u00e8s, le club anglais a perdu l\u2019un de ses cadres. Will Stuart est victime d\u2019une rupture du tendon d\u2019Achille. L\u2019incident, survenu \u00e0 la 49e minute, pourrait \u00e9loigner le pilier droit international (53 s\u00e9lections avec l\u2019Angleterre) des terrains pendant neuf mois.<\/p>\n<p>\u00a0<\/p>\n<p>Le joueur de 29 ans a quitt\u00e9 la pelouse en boitant, incapable de poser le pied gauche. Soutenu par le staff m\u00e9dical, il a re\u00e7u des antidouleurs dans les vestiaires. Johann van Graan, directeur du rugby de Bath, n\u2019a pas cach\u00e9 son inqui\u00e9tude. \u00ab Il ne va pas bien. Il semble que ce soit son tendon d\u2019Achille. Il ne pouvait m\u00eame pas se tenir debout lorsqu\u2019il a \u00e9t\u00e9 sorti du terrain. \u00c7a semble tr\u00e8s s\u00e9rieux \u00bb, a-t-il confi\u00e9 au journal The Times.<\/p>\n<p>\u00a0<\/p>\n<p>Toulon en position de force<\/p>\n<p>Selon les d\u00e9lais habituels de r\u00e9\u00e9ducation, Will Stuart manquera non seulement le reste de la saison avec Bath, mais aussi le Tournoi des Six Nations en d\u00e9but d\u2019ann\u00e9e prochaine. L\u2019Angleterre devra \u00e9galement composer sans lui lors du Championnat des Nations, pr\u00e9vu l\u2019\u00e9t\u00e9 prochain face \u00e0 l\u2019Afrique du Sud, aux Fidji et \u00e0 l\u2019Argentine. Son retour n\u2019est envisag\u00e9 qu\u2019au mieux pour septembre 2026.<\/p>\n<p>\u00a0<\/p>\n<p>Dimanche, Bath se pr\u00e9sentera donc \u00e0 Mayol sans son pilier droit titulaire pour affronter le RC Toulon. Ceci pour le compte de la deuxi\u00e8me journ\u00e9e de Coupe des champions. Une absence majeure qui affaiblit consid\u00e9rablement la m\u00eal\u00e9e anglaise. En revanche, elle pourrait offrir un avantage non n\u00e9gligeable aux Varois, bien d\u00e9cid\u00e9s \u00e0 profiter de cette fragilit\u00e9 pour s\u2019imposer devant leur public.<\/p>\n<p>Partagez cette info avec vos amis et vos proches en cliquant ici<br \/>Pour r\u00e9sumer<\/p>\n<p>Bath perd son pilier Will Stuart, victime d\u2019une rupture du tendon d\u2019Achille contre le Munster. Forfait pour neuf mois, il manquera la saison, le Tournoi des Six Nations et le Championnat des Nations. Toulon esp\u00e8re profiter de cette absence \u00e0 Mayol.<\/p>\n<p> <img decoding=\"async\" width=\"76\" height=\"76\" loading=\"lazy\" src=\"https:\/\/www.europesays.com\/fr\/wp-content\/uploads\/2025\/04\/avatar-quinze.png\" alt=\"Voldi Fr\u00e9jus\u00a0Hounvio\"\/><\/p>\n","protected":false},"excerpt":{"rendered":"Samedi soir, Bath a largement domin\u00e9 le Munster (40-14) en Coupe des champions. Mais derri\u00e8re ce succ\u00e8s, le&hellip;\n","protected":false},"author":2,"featured_media":588723,"comment_status":"","ping_status":"","sticky":false,"template":"","format":"standard","meta":{"footnotes":""},"categories":[9619],"tags":[1111,11,3460,1777,674,1011,27,12,882,25,2310],"class_list":{"0":"post-588722","1":"post","2":"type-post","3":"status-publish","4":"format-standard","5":"has-post-thumbnail","7":"category-toulon","8":"tag-actu","9":"tag-actualites","10":"tag-champions-cup","11":"tag-eu","12":"tag-europe","13":"tag-fr","14":"tag-france","15":"tag-news","16":"tag-provence-alpes-cote-dazur","17":"tag-republique-francaise","18":"tag-toulon"},"share_on_mastodon":{"url":"https:\/\/pubeurope.com\/@fr\/115690117133620150","error":""},"_links":{"self":[{"href":"https:\/\/www.europesays.com\/fr\/wp-json\/wp\/v2\/posts\/588722","targetHints":{"allow":["GET"]}}],"collection":[{"href":"https:\/\/www.europesays.com\/fr\/wp-json\/wp\/v2\/posts"}],"about":[{"href":"https:\/\/www.europesays.com\/fr\/wp-json\/wp\/v2\/types\/post"}],"author":[{"embeddable":true,"href":"https:\/\/www.europesays.com\/fr\/wp-json\/wp\/v2\/users\/2"}],"replies":[{"embeddable":true,"href":"https:\/\/www.europesays.com\/fr\/wp-json\/wp\/v2\/comments?post=588722"}],"version-history":[{"count":0,"href":"https:\/\/www.europesays.com\/fr\/wp-json\/wp\/v2\/posts\/588722\/revisions"}],"wp:featuredmedia":[{"embeddable":true,"href":"https:\/\/www.europesays.com\/fr\/wp-json\/wp\/v2\/media\/588723"}],"wp:attachment":[{"href":"https:\/\/www.europesays.com\/fr\/wp-json\/wp\/v2\/media?parent=588722"}],"wp:term":[{"taxonomy":"category","embeddable":true,"href":"https:\/\/www.europesays.com\/fr\/wp-json\/wp\/v2\/categories?post=588722"},{"taxonomy":"post_tag","embeddable":true,"href":"https:\/\/www.europesays.com\/fr\/wp-json\/wp\/v2\/tags?post=588722"}],"curies":[{"name":"wp","href":"https:\/\/api.w.org\/{rel}","templated":true}]}}