{"id":588724,"date":"2025-12-09T14:38:12","date_gmt":"2025-12-09T14:38:12","guid":{"rendered":"https:\/\/www.europesays.com\/fr\/588724\/"},"modified":"2025-12-09T14:38:12","modified_gmt":"2025-12-09T14:38:12","slug":"jet-de-gobelet-cheveux-tires-scene-improbable-entre-deux-elues-ecologistes-qui-en-viennent-aux-mains-a-montpellier","status":"publish","type":"post","link":"https:\/\/www.europesays.com\/fr\/588724\/","title":{"rendered":"Jet de gobelet, cheveux tir\u00e9s\u00a0: sc\u00e8ne improbable entre deux \u00e9lues \u00e9cologistes qui en viennent aux mains \u00e0 Montpellier"},"content":{"rendered":"<p>\n                                                                Selon nos informations, les \u00e9lues municipales \u00e9cologistes Marie Massart et Coralie Mantion ont eu une violente altercation, samedi 6\u00a0d\u00e9cembre, en marge d\u2019un rassemblement politique organis\u00e9 place Max-Rouquette, dans le quartier des Arceaux \u00e0 Montpellier.\n                            <\/p>\n<p>Une altercation physique opposant deux \u00e9lues municipales \u00e9cologistes, Marie Massart et Coralie Mantion, a \u00e9clat\u00e9, selon nos informations, <a href=\"https:\/\/www.midilibre.fr\/2025\/12\/06\/nous-souhaitons-participer-a-un-grand-rassemblement-une-partie-des-ecologistes-montpellierains-appellent-delafosse-a-mener-lunion-pour-2026-13095077.php\" target=\"_blank\" rel=\"noopener\">en marge du\u00a0rassemblement politique organis\u00e9 samedi 6\u00a0d\u00e9cembre sur la place Max-Rouquette<\/a> r\u00e9nov\u00e9e, au pied des Arceaux, \u00e0 Montpellier.<\/p>\n<p>Le ton monte autour d\u2019un v\u00e9lo-cargo<\/p>\n<p>Il \u00e9tait environ 12\u00a0h\u00a045 lorsque le ton serait mont\u00e9 autour d\u2019un v\u00e9lo-cargo utilis\u00e9 par Europe \u00c9cologie les Verts\u00a0lors des campagnes \u00e9lectorales de\u00a02019 et\u00a02020. D\u2019apr\u00e8s nos sources, la conseill\u00e8re municipale Coralie Mantion (EELV), en d\u00e9saccord avec le groupe \u00e9cologiste associ\u00e9 \u00e0 la majorit\u00e9 municipale de Micha\u00ebl Delafosse, aurait souhait\u00e9 r\u00e9cup\u00e9rer le v\u00e9hicule. Sous les yeux de l\u2019adjointe au maire Marie Massart (groupe \u00c9cologistes pour Montpellier) qui a film\u00e9\u00a0la sc\u00e8ne. Coralie Mantion n\u2019aurait pas appr\u00e9ci\u00e9 que celle-ci la filme et aurait tent\u00e9 de\u00a0l\u2019en emp\u00eacher.<\/p>\n<p>La premi\u00e8re Marie Massart aurait alors jet\u00e9 son gobelet de caf\u00e9 sur la seconde, laquelle aurait ripost\u00e9 en lui tirant les cheveux.\u00a0Pr\u00e9sente ce mardi 9\u00a0d\u00e9cembre au conseil de m\u00e9tropole, Coralie Mantion s\u2019est refus\u00e9e \u00e0 tout commentaire sur cet \u00e9pisode. Elle a toutefois indiqu\u00e9\u00a0avoir d\u00e9pos\u00e9 plainte aupr\u00e8s de la police. Ce qu\u2019avait fait avant elle Marie Massart, particuli\u00e8rement choqu\u00e9e par l\u2019altercation. Deux plaintes, que l\u2019h\u00f4tel de police confirme avoir enregistr\u00e9es, les 6 et 7\u00a0d\u00e9cembre derniers.<\/p>\n<p>Un rassemblement en vue des municipales de 2026<\/p>\n<p>Le rassemblement de samedi aux Arceaux se tenait \u00e0 l\u2019initiative de Manu Reynaud (\u00c9cologistes pour Montpellier), dans le garage duquel se trouvait le fameux v\u00e9lo-cargo, \u00e0 cent jours des \u00e9lections municipales 2026. R\u00e9unissant une centaine de personnes, militants \u00e9cologistes et figures alli\u00e9es, il visait \u00e0 appeler le maire de Montpellier, Micha\u00ebl Delafosse, \u00e0 conduire une union rassemblant la gauche et les \u00e9cologistes, en vue de ce scrutin. Ce \u00e0 quoi est fermement oppos\u00e9e Coralie Mantion qui devrait figurer sur la liste \u00ab\u00a0Le Printemps montpelli\u00e9rain\u00a0\u00bb du d\u00e9put\u00e9 EELV Jean-Louis Roum\u00e9gas.<\/p>\n","protected":false},"excerpt":{"rendered":"Selon nos informations, les \u00e9lues municipales \u00e9cologistes Marie Massart et Coralie Mantion ont eu une violente altercation, samedi&hellip;\n","protected":false},"author":2,"featured_media":588725,"comment_status":"","ping_status":"","sticky":false,"template":"","format":"standard","meta":{"footnotes":""},"categories":[9599],"tags":[1111,11,1777,674,118,1011,27,7089,2208,12,2680,25],"class_list":{"0":"post-588724","1":"post","2":"type-post","3":"status-publish","4":"format-standard","5":"has-post-thumbnail","7":"category-montpellier","8":"tag-actu","9":"tag-actualites","10":"tag-eu","11":"tag-europe","12":"tag-faits-divers","13":"tag-fr","14":"tag-france","15":"tag-herault","16":"tag-montpellier","17":"tag-news","18":"tag-occitanie","19":"tag-republique-francaise"},"share_on_mastodon":{"url":"https:\/\/pubeurope.com\/@fr\/115690124554086067","error":""},"_links":{"self":[{"href":"https:\/\/www.europesays.com\/fr\/wp-json\/wp\/v2\/posts\/588724","targetHints":{"allow":["GET"]}}],"collection":[{"href":"https:\/\/www.europesays.com\/fr\/wp-json\/wp\/v2\/posts"}],"about":[{"href":"https:\/\/www.europesays.com\/fr\/wp-json\/wp\/v2\/types\/post"}],"author":[{"embeddable":true,"href":"https:\/\/www.europesays.com\/fr\/wp-json\/wp\/v2\/users\/2"}],"replies":[{"embeddable":true,"href":"https:\/\/www.europesays.com\/fr\/wp-json\/wp\/v2\/comments?post=588724"}],"version-history":[{"count":0,"href":"https:\/\/www.europesays.com\/fr\/wp-json\/wp\/v2\/posts\/588724\/revisions"}],"wp:featuredmedia":[{"embeddable":true,"href":"https:\/\/www.europesays.com\/fr\/wp-json\/wp\/v2\/media\/588725"}],"wp:attachment":[{"href":"https:\/\/www.europesays.com\/fr\/wp-json\/wp\/v2\/media?parent=588724"}],"wp:term":[{"taxonomy":"category","embeddable":true,"href":"https:\/\/www.europesays.com\/fr\/wp-json\/wp\/v2\/categories?post=588724"},{"taxonomy":"post_tag","embeddable":true,"href":"https:\/\/www.europesays.com\/fr\/wp-json\/wp\/v2\/tags?post=588724"}],"curies":[{"name":"wp","href":"https:\/\/api.w.org\/{rel}","templated":true}]}}