{"id":588726,"date":"2025-12-09T14:39:14","date_gmt":"2025-12-09T14:39:14","guid":{"rendered":"https:\/\/www.europesays.com\/fr\/588726\/"},"modified":"2025-12-09T14:39:14","modified_gmt":"2025-12-09T14:39:14","slug":"grenoble-mhsc-nathanael-mbuku-et-simon-ngapandouetnbu-seront-presents-pour-le-voyage-dans-les-alpes","status":"publish","type":"post","link":"https:\/\/www.europesays.com\/fr\/588726\/","title":{"rendered":"Grenoble \u2013 MHSC. Nathana\u00ebl Mbuku et Simon Ngapandouetnbu seront pr\u00e9sents pour le voyage dans les Alpes"},"content":{"rendered":"<p>\n                                                                L\u2019ailier congolais et le gardien camerounais, retenus pour disputer la prochaine Coupe d\u2019Afrique des Nations, ont fait le choix de jouer avec Montpellier samedi \u00e0 Grenoble avant de rejoindre leur s\u00e9lection respective.\n                            <\/p>\n<p>Les deux internationaux congolais Nathana\u00ebl Mbuku et camerounais Simon Ngapandouetnbu seront bien l\u00e0. \u00c0 une semaine du d\u00e9but de la Coupe d\u2019Afrique des nations (21\u00a0d\u00e9cembre \u2013 18\u00a0janvier), l\u2019un et l\u2019autre seront pr\u00e9sents \u00e0 la t\u00eate de l\u2019\u00e9quipe montpelli\u00e9raine pour disputer la rencontre \u00e0 Grenoble samedi 13\u00a0d\u00e9cembre (14\u00a0h) lors de la 17e journ\u00e9e de Ligue 2.<\/p>\n<p>La semaine pass\u00e9e, l\u2019entra\u00eeneur de Montpellier <a href=\"https:\/\/www.midilibre.fr\/2025\/12\/04\/jai-envie-de-les-respecter-au-mhsc-lentraineur-zoumana-camara-va-laisser-ses-joueurs-decider-de-la-date-de-leur-depart-a-la-can-13090941.php\" target=\"_self\" rel=\"noopener\">Zoumana Camara avait laiss\u00e9 le choix<\/a> \u00e0 l\u2019attaquant congolais et au gardien camerounais de rejoindre leur s\u00e9lection en phase de pr\u00e9paration \u00e0 la CAN ou de disputer le dernier match de championnat avant la tr\u00eave hivernale.<\/p>\n<p>\u00ab\u00a0Jeudi, apr\u00e8s l\u2019annonce \u00e0 la conf\u00e9rence de presse, j\u2019en ai discut\u00e9 avec Simon et Nathana\u00ebl afin qu\u2019ils puissent s\u2019organiser. Spontan\u00e9ment, ils ont fait part de leur volont\u00e9 de jouer \u00e0 Grenoble. C\u2019est leur choix, c\u2019est bien\u00a0\u00bb, t\u00e9moigne Zoumana Camara, mardi matin.<\/p>\n<p>Mercredi 3\u00a0d\u00e9cembre, la Fifa avait repouss\u00e9 la date de la mise \u00e0 disposition des joueurs s\u00e9lectionn\u00e9s pour la CAN. L\u2019instance internationale dirig\u00e9e par Gianni Infantino avait d\u00e9cid\u00e9 de laisser aux clubs jusqu\u2019au 15\u00a0d\u00e9cembre, et non au 7\u00a0d\u00e9cembre comme initialement pr\u00e9vu, pour lib\u00e9rer leurs internationaux.<\/p>\n<p>\u00ab\u00a0J\u2019ai envie de respecter leur s\u00e9lection\u00a0\u00bb, \u00ab\u00a0j\u2019ai envie de respecter mes joueurs\u00a0\u00bb, avait indiqu\u00e9 de son c\u00f4t\u00e9 Camara. \u00ab\u00a0Si c\u2019\u00e9tait un championnat d\u2019Europe, si c\u2019\u00e9tait une Copa America, est-ce qu\u2019on aurait r\u00e9agi de la m\u00eame mani\u00e8re\u00a0? Est-ce qu\u2019il y aurait eu, \u00e0 deux ou trois jours de la s\u00e9lection de ces joueurs-l\u00e0, un d\u00e9calage pour qu\u2019on puisse les garder\u00a0? Je ne suis pas s\u00fbr\u00a0\u00bb, s\u2019\u00e9tait \u00e9tonn\u00e9 l\u2019entra\u00eeneur montpelli\u00e9rain.<\/p>\n<p>Sainte-Luce rechute<\/p>\n<p>Pour le rendez-vous \u00e0 Grenoble, dernier match de l\u2019ann\u00e9e en championnat, il sera \u00e0 l\u2019inverse priv\u00e9 de trois ou quatre titulaires. Le lat\u00e9ral gauche Th\u00e9o Sainte-Luce, remplac\u00e9 en cours de jeu samedi lors de la d\u00e9faite face \u00e0 Pau (0-1), est bless\u00e9 et indisponible pour le moins jusqu\u2019\u00e0 la tr\u00eave. \u00ab\u00a0Il retourne \u00e0 l\u2019infirmerie\u00a0\u00bb, regrette le technicien.<\/p>\n<p>Sainte-Luce (27 ans), titulaire \u00e0 dix reprises, souffre d\u2019une l\u00e9sion \u00e0 une cuisse et attend le r\u00e9sultat des examens pour affiner le diagnostic et la dur\u00e9e de son absence.<\/p>\n<p>Le milieu de terrain Khalil Fayad, \u00e9galement sorti en cours de jeu face aux B\u00e9arnais, a \u00e9t\u00e9 m\u00e9nag\u00e9 mardi en raison d\u2019une douleur \u00e0 un orteil, mais doit reprendre l\u2019entra\u00eenement mercredi.<\/p>\n<p>Enfin, le d\u00e9fenseur central Christopher Jullien, victime d\u2019une torsion au genou droit le 16\u00a0novembre \u00e0 Agde lors du 7e tour de la Coupe de France, a pris part \u00e0 la premi\u00e8re s\u00e9ance collective de la semaine. Absent lors des trois ultimes matches, l\u2019ancien joueur du Celtic Glasgow (32 ans) se rapproche d\u2019un retour \u00e0 la comp\u00e9tition. \u00ab\u00a0On verra au bout de la semaine compl\u00e8te d\u2019entra\u00eenement, mais il a plus de probabilit\u00e9 d\u2019y \u00eatre qu\u2019avant Pau\u00a0\u00bb, avance avec prudence Camara.<\/p>\n<p>Le d\u00e9fenseur Julien Laporte et l\u2019attaquant Ayanda Sishuba, qui se sont bless\u00e9s \u00e0 Reims (2-0) le 24\u00a0novembre, poursuivent leur convalescence. Ils devraient patienter jusqu\u2019\u00e0 l\u2019ann\u00e9e prochaine pour rejouer.<\/p>\n","protected":false},"excerpt":{"rendered":"L\u2019ailier congolais et le gardien camerounais, retenus pour disputer la prochaine Coupe d\u2019Afrique des Nations, ont fait le&hellip;\n","protected":false},"author":2,"featured_media":588727,"comment_status":"","ping_status":"","sticky":false,"template":"","format":"standard","meta":{"footnotes":""},"categories":[9599],"tags":[1111,11,1777,674,63,1011,27,7089,2208,12,2680,25,517],"class_list":{"0":"post-588726","1":"post","2":"type-post","3":"status-publish","4":"format-standard","5":"has-post-thumbnail","7":"category-montpellier","8":"tag-actu","9":"tag-actualites","10":"tag-eu","11":"tag-europe","12":"tag-football","13":"tag-fr","14":"tag-france","15":"tag-herault","16":"tag-montpellier","17":"tag-news","18":"tag-occitanie","19":"tag-republique-francaise","20":"tag-sport"},"share_on_mastodon":{"url":"https:\/\/pubeurope.com\/@fr\/115690128202764617","error":""},"_links":{"self":[{"href":"https:\/\/www.europesays.com\/fr\/wp-json\/wp\/v2\/posts\/588726","targetHints":{"allow":["GET"]}}],"collection":[{"href":"https:\/\/www.europesays.com\/fr\/wp-json\/wp\/v2\/posts"}],"about":[{"href":"https:\/\/www.europesays.com\/fr\/wp-json\/wp\/v2\/types\/post"}],"author":[{"embeddable":true,"href":"https:\/\/www.europesays.com\/fr\/wp-json\/wp\/v2\/users\/2"}],"replies":[{"embeddable":true,"href":"https:\/\/www.europesays.com\/fr\/wp-json\/wp\/v2\/comments?post=588726"}],"version-history":[{"count":0,"href":"https:\/\/www.europesays.com\/fr\/wp-json\/wp\/v2\/posts\/588726\/revisions"}],"wp:featuredmedia":[{"embeddable":true,"href":"https:\/\/www.europesays.com\/fr\/wp-json\/wp\/v2\/media\/588727"}],"wp:attachment":[{"href":"https:\/\/www.europesays.com\/fr\/wp-json\/wp\/v2\/media?parent=588726"}],"wp:term":[{"taxonomy":"category","embeddable":true,"href":"https:\/\/www.europesays.com\/fr\/wp-json\/wp\/v2\/categories?post=588726"},{"taxonomy":"post_tag","embeddable":true,"href":"https:\/\/www.europesays.com\/fr\/wp-json\/wp\/v2\/tags?post=588726"}],"curies":[{"name":"wp","href":"https:\/\/api.w.org\/{rel}","templated":true}]}}