{"id":588732,"date":"2025-12-09T14:43:15","date_gmt":"2025-12-09T14:43:15","guid":{"rendered":"https:\/\/www.europesays.com\/fr\/588732\/"},"modified":"2025-12-09T14:43:15","modified_gmt":"2025-12-09T14:43:15","slug":"hockey-sur-glace-ligue-magnus-je-regrette-profondement-les-mots-forts-de-pierre-crinon-apres-les-graves-incidents-de-grenoble","status":"publish","type":"post","link":"https:\/\/www.europesays.com\/fr\/588732\/","title":{"rendered":"Hockey sur glace &#8211; Ligue Magnus. \u00ab\u00a0Je regrette profond\u00e9ment\u00a0\u00bb\u00a0: les mots forts de Pierre Crinon apr\u00e8s les graves incidents de Grenoble"},"content":{"rendered":"<p>Pierre Crinon a pris la parole ce mardi pour revenir sur les derniers \u00e9v\u00e9nements lors du Grenoble &#8211; Angers, du dimanche 30\u00a0novembre. La rencontre a d\u00e9g\u00e9n\u00e9r\u00e9 lors d\u2019une bagarre g\u00e9n\u00e9rale o\u00f9 le d\u00e9fenseur international a <a href=\"https:\/\/www.ledauphine.com\/videos\/bagarre-generale-lors-de-grenoble-angers-on-est-attristes-degoutes-3sx33fr\" target=\"_blank\" rel=\"nofollow noopener\">frapp\u00e9 le gardien de but Matthew O\u2019Connor<\/a> d\u2019un coup de poing.<\/p>\n<p>Le joueur d\u2019Angers a eu une arcade sourcili\u00e8re ouverte, s\u2019est fait poser 13 points de suture. Il a \u00e9galement \u00e9t\u00e9 victime d\u2019une commotion c\u00e9r\u00e9brale et se plaignait toujours de \u00ab\u00a0maux de t\u00eate\u00a0\u00bb, selon nos confr\u00e8res du Courrier de l\u2019ouest en d\u00e9but de semaine. Le protocole commotion a \u00e9t\u00e9 prolong\u00e9 en raison des sympt\u00f4mes toujours pr\u00e9sents.<\/p>\n<p>Depuis, la Commission des infractions aux r\u00e8gles du jeu (CIRJ) a sanctionn\u00e9 <a href=\"https:\/\/www.ledauphine.com\/sport\/2025\/12\/01\/je-suis-consterne-le-president-jacques-reboh-revient-sur-les-graves-incidents-entre-grenoble-et-angers\" target=\"_blank\" rel=\"nofollow noopener\">Pierre Crinon<\/a> de sept matchs ferme en championnat et le bureau directeur de la F\u00e9d\u00e9ration fran\u00e7aise de hockey sur glace (FFHG) s\u2019est empar\u00e9e du dossier. Une r\u00e9union a eu lieu entre l\u2019instance dirigeante et l\u2019international fran\u00e7ais (Valentin Grosset\u00eate, lui aussi sanctionn\u00e9, \u00e9tait \u00e9galement convoqu\u00e9, NDLR).<\/p>\n<p>  \u00ab\u00a0Ces gestes sont inacceptables\u00a0\u00bb<\/p>\n<p>Ce mardi, sur les r\u00e9seaux sociaux, Pierre Crinon a voulu s\u2019adresser \u00e0 la communaut\u00e9 du hockey sur glace pour revenir sur les \u00e9v\u00e9nements et s\u2019excuser publiquement. \u00ab\u00a0Lors du match Grenoble-Angers, j\u2019ai commis une succession de gestes que je regrette profond\u00e9ment. J\u2019ai franchi une limite qu\u2019aucun joueur ne devrait franchir. Ces gestes sont inacceptables, ont bless\u00e9 un adversaire, mis en danger un autre joueur, choqu\u00e9 beaucoup de personnes et port\u00e9 atteinte \u00e0 l\u2019image de notre sport.\u00a0\u00bb Pierre Crinon, re\u00e7u en d\u00e9but de semaine par la FFHG, notamment par le pr\u00e9sident Pierre-Yves Gerbeau et le DTN, Antoine Fran\u00e7ois, attend maintenant la notification de la d\u00e9cision.<\/p>\n<p>\u00ab\u00a0Ces derniers jours, j\u2019ai \u00e9t\u00e9 rappel\u00e9 \u00e0 mes responsabilit\u00e9s \u00e0 la fois par mon club et par la F\u00e9d\u00e9ration fran\u00e7aise de hockey sur glace. Le pr\u00e9sident et le directeur technique national m\u2019ont indiqu\u00e9, avec fermet\u00e9, combien ce comportement est incompatible avec les exigences du haut niveau et l\u2019honneur de repr\u00e9senter la France\u00a0\u00bb, poursuit le d\u00e9fenseur international. Dans les prochaines semaines, Pierre Crinon va \u00e9galement s&rsquo;engager aupr\u00e8s du fonds de dotation des Br\u00fbleurs de loups pour r\u00e9aliser des \u00ab\u00a0actions p\u00e9dagogiques sur la pr\u00e9vention de la violence dans le sport\u00a0\u00bb et s&rsquo;impliquer \u00ab\u00a0dans l&rsquo;arbitrage de cat\u00e9gories jeunes, afin de mieux comprendre les \u00e9motions du jeu [&#8230;].\u00a0\u00bb\u00a0<\/p>\n<p>Enfin, il a pr\u00e9sent\u00e9 \u00ab\u00a0ses sinc\u00e8res excuses\u00a0\u00bb \u00e0 Matthew O&rsquo;Connor et au capitaine d&rsquo;Angers Robin Gaborit, ainsi qu&rsquo;aux Br\u00fbleurs de loups, l&rsquo;\u00e9quipe de France et tous les amateurs de hockey sur glace.\u00a0\u00a0<\/p>\n","protected":false},"excerpt":{"rendered":"Pierre Crinon a pris la parole ce mardi pour revenir sur les derniers \u00e9v\u00e9nements lors du Grenoble &#8211;&hellip;\n","protected":false},"author":2,"featured_media":588733,"comment_status":"","ping_status":"","sticky":false,"template":"","format":"standard","meta":{"footnotes":""},"categories":[9566],"tags":[1111,11,2430,112,1777,674,1701,1011,27,2731,2732,4133,10145,108,10146,12,25,517],"class_list":{"0":"post-588732","1":"post","2":"type-post","3":"status-publish","4":"format-standard","5":"has-post-thumbnail","7":"category-grenoble","8":"tag-actu","9":"tag-actualites","10":"tag-auvergne-rhone-alpes","11":"tag-edition-grenoble-agglomeration","12":"tag-eu","13":"tag-europe","14":"tag-fil-info-sport","15":"tag-fr","16":"tag-france","17":"tag-grenoble","18":"tag-grenoble-bassin","19":"tag-hockey-sur-glace","20":"tag-hockey-sur-glace-grenoble","21":"tag-isere","22":"tag-ligue-magnus-hockey-sur-glace","23":"tag-news","24":"tag-republique-francaise","25":"tag-sport"},"share_on_mastodon":{"url":"https:\/\/pubeurope.com\/@fr\/115690145899458493","error":""},"_links":{"self":[{"href":"https:\/\/www.europesays.com\/fr\/wp-json\/wp\/v2\/posts\/588732","targetHints":{"allow":["GET"]}}],"collection":[{"href":"https:\/\/www.europesays.com\/fr\/wp-json\/wp\/v2\/posts"}],"about":[{"href":"https:\/\/www.europesays.com\/fr\/wp-json\/wp\/v2\/types\/post"}],"author":[{"embeddable":true,"href":"https:\/\/www.europesays.com\/fr\/wp-json\/wp\/v2\/users\/2"}],"replies":[{"embeddable":true,"href":"https:\/\/www.europesays.com\/fr\/wp-json\/wp\/v2\/comments?post=588732"}],"version-history":[{"count":0,"href":"https:\/\/www.europesays.com\/fr\/wp-json\/wp\/v2\/posts\/588732\/revisions"}],"wp:featuredmedia":[{"embeddable":true,"href":"https:\/\/www.europesays.com\/fr\/wp-json\/wp\/v2\/media\/588733"}],"wp:attachment":[{"href":"https:\/\/www.europesays.com\/fr\/wp-json\/wp\/v2\/media?parent=588732"}],"wp:term":[{"taxonomy":"category","embeddable":true,"href":"https:\/\/www.europesays.com\/fr\/wp-json\/wp\/v2\/categories?post=588732"},{"taxonomy":"post_tag","embeddable":true,"href":"https:\/\/www.europesays.com\/fr\/wp-json\/wp\/v2\/tags?post=588732"}],"curies":[{"name":"wp","href":"https:\/\/api.w.org\/{rel}","templated":true}]}}