{"id":588734,"date":"2025-12-09T14:44:11","date_gmt":"2025-12-09T14:44:11","guid":{"rendered":"https:\/\/www.europesays.com\/fr\/588734\/"},"modified":"2025-12-09T14:44:11","modified_gmt":"2025-12-09T14:44:11","slug":"ou-rencontrer-le-pere-noel-a-rennes-dates-horaires-lieu-ce-quil-faut-savoir","status":"publish","type":"post","link":"https:\/\/www.europesays.com\/fr\/588734\/","title":{"rendered":"O\u00f9 rencontrer le P\u00e8re No\u00ebl \u00e0 Rennes ? Dates, horaires, lieu : ce qu&rsquo;il faut savoir"},"content":{"rendered":"<p>                    Par<br \/>\n        <strong><br \/>\n            <a href=\"https:\/\/actu.fr\/auteur\/clemence-pays02-actu-fr\" title=\"Consulter tous les articles de Cl\u00e9mence Pays\" target=\"_blank\" rel=\"noopener\">Cl\u00e9mence Pays<\/a><br \/>\n                    <\/strong><\/p>\n<p>        Publi\u00e9 le<\/p>\n<p>            9 d\u00e9c. 2025 \u00e0 15h05        <\/p>\n<p>La place Saint-Germain a d\u00e9j\u00e0 rev\u00eatu ses d\u00e9cors de f\u00eate, \u00e0 <a href=\"https:\/\/actu.fr\/rennes\/\" target=\"_blank\" rel=\"noopener\">Rennes<\/a>. Et bient\u00f4t, <strong>une personnalit\u00e9 attendue<\/strong> par les petits (et grands) enfants y prendra place pour aller \u00e0 la rencontre des Rennaises et Rennais.<\/p>\n<p class=\" wall-content\">Dans le cadre du No\u00ebl des commer\u00e7ants du centre-ville, le Carr\u00e9 Rennais invite <strong>le P\u00e8re No\u00ebl<\/strong> \u00e0 passer plusieurs jours dans la capitale bretonne. <strong>Voici quand<\/strong> il sera possible de le rencontrer.<\/p>\n<p>Une d\u00e9ambulation en v\u00e9lo tra\u00eeneau<\/p>\n<p class=\" wall-content\">Le rendez-vous est donn\u00e9 les<strong> mercredi\u00a017, samedi\u00a020, dimanche\u00a021, mardi\u00a023 et mercredi 24\u00a0d\u00e9cembre<\/strong> 2025.<\/p>\n<p class=\" wall-content\">Le P\u00e8re No\u00ebl s\u2019installera place Saint-Germain,<strong> d\u00e8s 15h<\/strong> pour discuter avec les enfants, qui pourront \u00e9galement prendre une photo avec lui.<\/p>\n<p class=\" wall-content\"><strong>De 17h \u00e0 19h,<\/strong> l\u2019homme habill\u00e9 de rouge et blanc montera ensuite \u00e0 bord de son v\u00e9lo tra\u00eeneau pour d\u00e9ambuler dans les rues du centre-ville.<\/p>\n<p class=\" wall-content\">Personnalisez votre actualit\u00e9 en ajoutant vos villes et m\u00e9dias en favori avec <a href=\"https:\/\/moncompte.actu.fr\" title=\"D\u00e9couvez Mon Actu\" rel=\"nofollow noopener\" data-trk=\"{&quot;cta&quot;:{&quot;action&quot;:&quot;https:\\\/\\\/moncompte.actu.fr&quot;,&quot;category&quot;:&quot;mon compte&quot;,&quot;from&quot;:&quot;article footer&quot;,&quot;name&quot;:&quot;Mon actu&quot;,&quot;type&quot;:&quot;cta&quot;}}\" target=\"_blank\">Mon Actu<\/a>.<\/p>\n","protected":false},"excerpt":{"rendered":"Par Cl\u00e9mence Pays Publi\u00e9 le 9 d\u00e9c. 2025 \u00e0 15h05 La place Saint-Germain a d\u00e9j\u00e0 rev\u00eatu ses d\u00e9cors&hellip;\n","protected":false},"author":2,"featured_media":588735,"comment_status":"","ping_status":"","sticky":false,"template":"","format":"standard","meta":{"footnotes":""},"categories":[2821],"tags":[1111,11,1063,829,1777,674,1011,27,1652,12,57084,584,25],"class_list":{"0":"post-588734","1":"post","2":"type-post","3":"status-publish","4":"format-standard","5":"has-post-thumbnail","7":"category-rennes","8":"tag-actu","9":"tag-actualites","10":"tag-animations","11":"tag-bretagne","12":"tag-eu","13":"tag-europe","14":"tag-fr","15":"tag-france","16":"tag-loisirs-culture","17":"tag-news","18":"tag-noel-a-rennes","19":"tag-rennes","20":"tag-republique-francaise"},"share_on_mastodon":{"url":"https:\/\/pubeurope.com\/@fr\/115690147800767282","error":""},"_links":{"self":[{"href":"https:\/\/www.europesays.com\/fr\/wp-json\/wp\/v2\/posts\/588734","targetHints":{"allow":["GET"]}}],"collection":[{"href":"https:\/\/www.europesays.com\/fr\/wp-json\/wp\/v2\/posts"}],"about":[{"href":"https:\/\/www.europesays.com\/fr\/wp-json\/wp\/v2\/types\/post"}],"author":[{"embeddable":true,"href":"https:\/\/www.europesays.com\/fr\/wp-json\/wp\/v2\/users\/2"}],"replies":[{"embeddable":true,"href":"https:\/\/www.europesays.com\/fr\/wp-json\/wp\/v2\/comments?post=588734"}],"version-history":[{"count":0,"href":"https:\/\/www.europesays.com\/fr\/wp-json\/wp\/v2\/posts\/588734\/revisions"}],"wp:featuredmedia":[{"embeddable":true,"href":"https:\/\/www.europesays.com\/fr\/wp-json\/wp\/v2\/media\/588735"}],"wp:attachment":[{"href":"https:\/\/www.europesays.com\/fr\/wp-json\/wp\/v2\/media?parent=588734"}],"wp:term":[{"taxonomy":"category","embeddable":true,"href":"https:\/\/www.europesays.com\/fr\/wp-json\/wp\/v2\/categories?post=588734"},{"taxonomy":"post_tag","embeddable":true,"href":"https:\/\/www.europesays.com\/fr\/wp-json\/wp\/v2\/tags?post=588734"}],"curies":[{"name":"wp","href":"https:\/\/api.w.org\/{rel}","templated":true}]}}