{"id":588738,"date":"2025-12-09T14:47:39","date_gmt":"2025-12-09T14:47:39","guid":{"rendered":"https:\/\/www.europesays.com\/fr\/588738\/"},"modified":"2025-12-09T14:47:39","modified_gmt":"2025-12-09T14:47:39","slug":"attentat-de-strasbourg-lassociation-ava-reclame-un-projet-memoriel","status":"publish","type":"post","link":"https:\/\/www.europesays.com\/fr\/588738\/","title":{"rendered":"Attentat de Strasbourg. L\u2019association AVA r\u00e9clame un projet m\u00e9moriel"},"content":{"rendered":"<p>\u00c0 l\u2019approche du 7e\u00a0 anniversaire de l\u2019attentat du 11\u00a0d\u00e9cembre 2018 qui a fait <a href=\"https:\/\/www.dna.fr\/d\/attentat-du-marche-de-noel-de-strasbourg-7978181b-b34b-4b9f-a75f-aefd24bc8f44\" target=\"_blank\" rel=\"noopener\">cinq morts et onze bless\u00e9s<\/a> , l\u2019Association victimes attentats (AVA) d\u00e9plore \u00ab\u00a0l\u2019absence d\u2019un projet m\u00e9moriel structur\u00e9\u00a0\u00bb afin de \u00ab\u00a0concevoir un m\u00e9morial p\u00e9renne\u00a0\u00bb \u00e0 Strasbourg.<\/p>\n<p>Install\u00e9e en 2019 place de la R\u00e9publique, la st\u00e8le comm\u00e9morative \u00ab\u00a0ne r\u00e9pond plus aux enjeux symboliques et collectifs qui entourent cet attentat\u00a0\u00bb, estime l\u2019association.<\/p>\n<p>Destinataire le 8\u00a0d\u00e9cembre d\u2019un courrier municipal dat\u00e9 du 16\u00a0juillet annon\u00e7ant l\u2019ouverture d\u2019une r\u00e9flexion, elle \u00ab\u00a0prend acte\u00a0\u00bb de cette d\u00e9marche tout en soulignant son \u00ab\u00a0caract\u00e8re tardif\u00a0\u00bb. AVA rappelle qu\u2019un projet m\u00e9moriel \u00ab\u00a0ne peut \u00eatre improvis\u00e9\u00a0\u00bb et qu\u2019il doit \u00ab\u00a0rassembler l\u2019ensemble des victimes\u00a0\u00bb. Elle appelle \u00e0 la mise en place d\u2019une mission ind\u00e9pendante qui associerait notamment juristes, historiens et psychotraumatologues, esp\u00e9rant que le futur m\u00e9morial pourra \u00eatre inaugur\u00e9 \u00e0 l\u2019occasion du 10e\u00a0 anniversaire de l\u2019attentat, en 2028.<\/p>\n","protected":false},"excerpt":{"rendered":"\u00c0 l\u2019approche du 7e\u00a0 anniversaire de l\u2019attentat du 11\u00a0d\u00e9cembre 2018 qui a fait cinq morts et onze bless\u00e9s&hellip;\n","protected":false},"author":2,"featured_media":588739,"comment_status":"","ping_status":"","sticky":false,"template":"","format":"standard","meta":{"footnotes":""},"categories":[2820],"tags":[1111,11,2389,2649,2880,1777,674,107,1011,27,775,12,25,104,640,2879,1254],"class_list":{"0":"post-588738","1":"post","2":"type-post","3":"status-publish","4":"format-standard","5":"has-post-thumbnail","7":"category-strasbourg","8":"tag-actu","9":"tag-actualites","10":"tag-alsace","11":"tag-bas-rhin","12":"tag-edition-strasbourg","13":"tag-eu","14":"tag-europe","15":"tag-fil-info","16":"tag-fr","17":"tag-france","18":"tag-grand-est","19":"tag-news","20":"tag-republique-francaise","21":"tag-societe","22":"tag-strasbourg","23":"tag-strasbourg-ville","24":"tag-terrorisme"},"share_on_mastodon":{"url":"https:\/\/pubeurope.com\/@fr\/115690159643436528","error":""},"_links":{"self":[{"href":"https:\/\/www.europesays.com\/fr\/wp-json\/wp\/v2\/posts\/588738","targetHints":{"allow":["GET"]}}],"collection":[{"href":"https:\/\/www.europesays.com\/fr\/wp-json\/wp\/v2\/posts"}],"about":[{"href":"https:\/\/www.europesays.com\/fr\/wp-json\/wp\/v2\/types\/post"}],"author":[{"embeddable":true,"href":"https:\/\/www.europesays.com\/fr\/wp-json\/wp\/v2\/users\/2"}],"replies":[{"embeddable":true,"href":"https:\/\/www.europesays.com\/fr\/wp-json\/wp\/v2\/comments?post=588738"}],"version-history":[{"count":0,"href":"https:\/\/www.europesays.com\/fr\/wp-json\/wp\/v2\/posts\/588738\/revisions"}],"wp:featuredmedia":[{"embeddable":true,"href":"https:\/\/www.europesays.com\/fr\/wp-json\/wp\/v2\/media\/588739"}],"wp:attachment":[{"href":"https:\/\/www.europesays.com\/fr\/wp-json\/wp\/v2\/media?parent=588738"}],"wp:term":[{"taxonomy":"category","embeddable":true,"href":"https:\/\/www.europesays.com\/fr\/wp-json\/wp\/v2\/categories?post=588738"},{"taxonomy":"post_tag","embeddable":true,"href":"https:\/\/www.europesays.com\/fr\/wp-json\/wp\/v2\/tags?post=588738"}],"curies":[{"name":"wp","href":"https:\/\/api.w.org\/{rel}","templated":true}]}}