{"id":588740,"date":"2025-12-09T14:49:26","date_gmt":"2025-12-09T14:49:26","guid":{"rendered":"https:\/\/www.europesays.com\/fr\/588740\/"},"modified":"2025-12-09T14:49:26","modified_gmt":"2025-12-09T14:49:26","slug":"strasbourg-le-dialogue-interreligieux-en-debat","status":"publish","type":"post","link":"https:\/\/www.europesays.com\/fr\/588740\/","title":{"rendered":"Strasbourg. Le dialogue interreligieux en d\u00e9bat"},"content":{"rendered":"<p>L\u2019association Les amis de la fondation pour Strasbourg organise le jeudi 11\u00a0d\u00e9cembre au Palais U (*) une conf\u00e9rence intitul\u00e9e \u00ab\u00a0les religions dans la cit\u00e9, quels enjeux et perspectives\u00a0?\u00a0\u00bb<\/p>\n<p>Deux d\u00e9bats se succ\u00e9deront. L\u2019un portera sur \u00ab\u00a0histoire, concordat et la\u00efcit\u00e9\u00a0\u00bb avec le professeur Georges Bischoff, le directeur de l\u2019institut du droit local Eric Sander et le repr\u00e9sentant de la franc-ma\u00e7onnerie Serge Co\u00efmbra Paulo. Le second d\u00e9bat aura pour th\u00e8me \u00ab\u00a0les religions dans la cit\u00e9, quelle vision\u00a0?\u00a0\u00bb avec la professeure Janine Elkouby, le doyen du chapitre de la cath\u00e9drale de Strasbourg Fran\u00e7ois Geissler, le professeur de philosophie Reza Moghaddassi et Alain Spielewoy, de l\u2019Union des \u00c9glises protestantes d\u2019Alsace et de Lorraine. Un d\u00e9bat de synth\u00e8se cl\u00f4turera la soir\u00e9e.<\/p>\n<p class=\"note\">(*) : Le 11\u00a0d\u00e9cembre de 18\u00a0h\u00a030 \u00e0 20\u00a0h\u00a030 au Palais universitaire, amphi 118 Yvonne Rockset. Entr\u00e9e gratuite, <a href=\"https:\/\/www.helloasso.com\/associations\/les-amis-de-la-fondation-pour-strasbourg\/evenements\/vision-pour-strasbourg-6eme-edition\" target=\"_blank\" rel=\"noopener\"> inscription sur la plate-forme en ligne helloasso<\/a><\/p>\n","protected":false},"excerpt":{"rendered":"L\u2019association Les amis de la fondation pour Strasbourg organise le jeudi 11\u00a0d\u00e9cembre au Palais U (*) une conf\u00e9rence&hellip;\n","protected":false},"author":2,"featured_media":588741,"comment_status":"","ping_status":"","sticky":false,"template":"","format":"standard","meta":{"footnotes":""},"categories":[2820],"tags":[1111,11,2389,2649,2880,1777,674,107,1011,27,775,12,5889,25,104,640,2879],"class_list":{"0":"post-588740","1":"post","2":"type-post","3":"status-publish","4":"format-standard","5":"has-post-thumbnail","7":"category-strasbourg","8":"tag-actu","9":"tag-actualites","10":"tag-alsace","11":"tag-bas-rhin","12":"tag-edition-strasbourg","13":"tag-eu","14":"tag-europe","15":"tag-fil-info","16":"tag-fr","17":"tag-france","18":"tag-grand-est","19":"tag-news","20":"tag-religion-croyance","21":"tag-republique-francaise","22":"tag-societe","23":"tag-strasbourg","24":"tag-strasbourg-ville"},"share_on_mastodon":{"url":"https:\/\/pubeurope.com\/@fr\/115690167703788916","error":""},"_links":{"self":[{"href":"https:\/\/www.europesays.com\/fr\/wp-json\/wp\/v2\/posts\/588740","targetHints":{"allow":["GET"]}}],"collection":[{"href":"https:\/\/www.europesays.com\/fr\/wp-json\/wp\/v2\/posts"}],"about":[{"href":"https:\/\/www.europesays.com\/fr\/wp-json\/wp\/v2\/types\/post"}],"author":[{"embeddable":true,"href":"https:\/\/www.europesays.com\/fr\/wp-json\/wp\/v2\/users\/2"}],"replies":[{"embeddable":true,"href":"https:\/\/www.europesays.com\/fr\/wp-json\/wp\/v2\/comments?post=588740"}],"version-history":[{"count":0,"href":"https:\/\/www.europesays.com\/fr\/wp-json\/wp\/v2\/posts\/588740\/revisions"}],"wp:featuredmedia":[{"embeddable":true,"href":"https:\/\/www.europesays.com\/fr\/wp-json\/wp\/v2\/media\/588741"}],"wp:attachment":[{"href":"https:\/\/www.europesays.com\/fr\/wp-json\/wp\/v2\/media?parent=588740"}],"wp:term":[{"taxonomy":"category","embeddable":true,"href":"https:\/\/www.europesays.com\/fr\/wp-json\/wp\/v2\/categories?post=588740"},{"taxonomy":"post_tag","embeddable":true,"href":"https:\/\/www.europesays.com\/fr\/wp-json\/wp\/v2\/tags?post=588740"}],"curies":[{"name":"wp","href":"https:\/\/api.w.org\/{rel}","templated":true}]}}