{"id":588750,"date":"2025-12-09T14:54:24","date_gmt":"2025-12-09T14:54:24","guid":{"rendered":"https:\/\/www.europesays.com\/fr\/588750\/"},"modified":"2025-12-09T14:54:24","modified_gmt":"2025-12-09T14:54:24","slug":"a-bordeaux-ce-magasin-intersport-casse-ses-prix-avant-sa-fermeture-definitive","status":"publish","type":"post","link":"https:\/\/www.europesays.com\/fr\/588750\/","title":{"rendered":"\u00c0 Bordeaux, ce magasin Intersport casse ses prix avant sa fermeture d\u00e9finitive"},"content":{"rendered":"<p>                    Par<br \/>\n        <strong><br \/>\n            <a href=\"https:\/\/actu.fr\/auteur\/juliette-cardinale\" title=\"Consulter tous les articles de Juliette Cardinale\" target=\"_blank\" rel=\"noopener\">Juliette Cardinale<\/a><br \/>\n                    <\/strong><\/p>\n<p>        Publi\u00e9 le<\/p>\n<p>            9 d\u00e9c. 2025 \u00e0 11h36        <\/p>\n<p>C\u2019est un bon plan \u00e0 l\u2019approche des f\u00eates de fin d\u2019ann\u00e9e\u2009: le magasin Intersport de <a href=\"https:\/\/actu.fr\/bordeaux\/\" target=\"_blank\" rel=\"noopener\">Bordeaux<\/a> Lac est en <strong>liquidation totale<\/strong> \u00e0 partir de ce mercredi 10 d\u00e9cembre 2025.\u00a0<\/p>\n<p class=\" wall-content\">Depuis dimanche 7\u00a0d\u00e9cembre, le magasin de la zone commerciale Ginko est ferm\u00e9 pour<strong> \u00ab\u2009finaliser les pr\u00e9paratifs\u2009\u00bb<\/strong> indique l\u2019\u00e9quipe Intersport. Il rouvre \u00e0 10h ce mercredi et les clients pourront profiter de \u00ab\u2009remises <strong>jusqu\u2019\u00e0 -60\u2009%\u2009\u00bb.<\/strong><\/p>\n<p class=\" wall-content\">Intersport promet \u00e9galement<strong> \u00ab\u2009de belles surprises\u2009\u00bb.<\/strong> D\u2019ores et d\u00e9j\u00e0, un jeu concours pour gagner un VTT a \u00e9t\u00e9 lanc\u00e9 <a href=\"https:\/\/www.instagram.com\/p\/DSApREjDw3o\/?hl=fr\" target=\"_blank\" rel=\"noopener\">via Instagram.<\/a><\/p>\n<p class=\" wall-content\"><a href=\"https:\/\/www.instagram.com\/p\/DR99qDIjwPF\/embed\" title=\"Ouvrir le lien sur Instagram\" target=\"_blank\" rel=\"noopener\">Visualiser le contenu sur Instagram<\/a><\/p>\n<p class=\" wall-content\">Cette liquidation pr\u00e9c\u00e8de la <strong>fermeture d\u00e9finitive du magasin,<\/strong> pr\u00e9vue pour le samedi 17 janvier prochain. \u00ab\u00a0Tout doit dispara\u00eetre\u00a0\u00bb, souligne donc l\u2019\u00e9quipe.\u00a0<\/p>\n<p class=\" wall-content\">Dans la <strong>m\u00e9tropole de Bordeaux,<\/strong> il restera les magasins Intersport de la <a href=\"https:\/\/actu.fr\/nouvelle-aquitaine\/bordeaux_33063\/bordeaux-une-nouvelle-enseigne-va-ouvrir-a-la-place-du-go-sport-rue-sainte-catherine_60862660.html\" target=\"_blank\" rel=\"noopener\">rue Sainte-Catherine \u00e0 Bordeaux,<\/a> de Sainte-Eulalie, de Saint-M\u00e9dard-en-Jalles, de B\u00e8gles ou encore de Pessac.<\/p>\n<p class=\" wall-content\">Personnalisez votre actualit\u00e9 en ajoutant vos villes et m\u00e9dias en favori avec <a href=\"https:\/\/moncompte.actu.fr\" title=\"D\u00e9couvez Mon Actu\" rel=\"nofollow noopener\" data-trk=\"{&quot;cta&quot;:{&quot;action&quot;:&quot;https:\\\/\\\/moncompte.actu.fr&quot;,&quot;category&quot;:&quot;mon compte&quot;,&quot;from&quot;:&quot;article footer&quot;,&quot;name&quot;:&quot;Mon actu&quot;,&quot;type&quot;:&quot;cta&quot;}}\" target=\"_blank\">Mon Actu<\/a>.<\/p>\n<p>                    <script async src=\"\/\/www.instagram.com\/embed.js\"><\/script><\/p>\n","protected":false},"excerpt":{"rendered":"Par Juliette Cardinale Publi\u00e9 le 9 d\u00e9c. 2025 \u00e0 11h36 C\u2019est un bon plan \u00e0 l\u2019approche des f\u00eates&hellip;\n","protected":false},"author":2,"featured_media":588751,"comment_status":"","ping_status":"","sticky":false,"template":"","format":"standard","meta":{"footnotes":""},"categories":[2817],"tags":[1111,11,1997,215,1777,674,1011,27,12,2219,25,104],"class_list":{"0":"post-588750","1":"post","2":"type-post","3":"status-publish","4":"format-standard","5":"has-post-thumbnail","7":"category-bordeaux","8":"tag-actu","9":"tag-actualites","10":"tag-bordeaux","11":"tag-commerce","12":"tag-eu","13":"tag-europe","14":"tag-fr","15":"tag-france","16":"tag-news","17":"tag-nouvelle-aquitaine","18":"tag-republique-francaise","19":"tag-societe"},"share_on_mastodon":{"url":"https:\/\/pubeurope.com\/@fr\/115690187296763646","error":""},"_links":{"self":[{"href":"https:\/\/www.europesays.com\/fr\/wp-json\/wp\/v2\/posts\/588750","targetHints":{"allow":["GET"]}}],"collection":[{"href":"https:\/\/www.europesays.com\/fr\/wp-json\/wp\/v2\/posts"}],"about":[{"href":"https:\/\/www.europesays.com\/fr\/wp-json\/wp\/v2\/types\/post"}],"author":[{"embeddable":true,"href":"https:\/\/www.europesays.com\/fr\/wp-json\/wp\/v2\/users\/2"}],"replies":[{"embeddable":true,"href":"https:\/\/www.europesays.com\/fr\/wp-json\/wp\/v2\/comments?post=588750"}],"version-history":[{"count":0,"href":"https:\/\/www.europesays.com\/fr\/wp-json\/wp\/v2\/posts\/588750\/revisions"}],"wp:featuredmedia":[{"embeddable":true,"href":"https:\/\/www.europesays.com\/fr\/wp-json\/wp\/v2\/media\/588751"}],"wp:attachment":[{"href":"https:\/\/www.europesays.com\/fr\/wp-json\/wp\/v2\/media?parent=588750"}],"wp:term":[{"taxonomy":"category","embeddable":true,"href":"https:\/\/www.europesays.com\/fr\/wp-json\/wp\/v2\/categories?post=588750"},{"taxonomy":"post_tag","embeddable":true,"href":"https:\/\/www.europesays.com\/fr\/wp-json\/wp\/v2\/tags?post=588750"}],"curies":[{"name":"wp","href":"https:\/\/api.w.org\/{rel}","templated":true}]}}