{"id":588754,"date":"2025-12-09T14:56:12","date_gmt":"2025-12-09T14:56:12","guid":{"rendered":"https:\/\/www.europesays.com\/fr\/588754\/"},"modified":"2025-12-09T14:56:12","modified_gmt":"2025-12-09T14:56:12","slug":"grave-accident-au-centre-ville-de-toulouse-deux-femmes-renversees-par-un-chauffeur-de-bus-tisseo","status":"publish","type":"post","link":"https:\/\/www.europesays.com\/fr\/588754\/","title":{"rendered":"Grave accident au centre-ville de Toulouse\u00a0: deux femmes renvers\u00e9es par un chauffeur de bus Tiss\u00e9o"},"content":{"rendered":"<p>\n                                                                    l&rsquo;essentiel<br \/>\n                                                                Deux femmes ont \u00e9t\u00e9 renvers\u00e9es par un chauffeur de bus Tiss\u00e9o, ce mardi 9\u00a0d\u00e9cembre 2025, en centre-ville de Toulouse. Le pronostic vital de l\u2019une d\u2019elles serait engag\u00e9.\n                            <\/p>\n<p>Un grave accident s\u2019est produit ce mardi 9\u00a0d\u00e9cembre 2025, \u00e0 hauteur de Jean-Jaur\u00e8s, en centre-ville de Toulouse.<\/p>\n<p>Selon les premiers \u00e9l\u00e9ments connus, un chauffeur de bus Tiss\u00e9o aurait renvers\u00e9 deux femmes de 41 et 85 ans, une fille et sa m\u00e8re, peu avant 14\u00a0h\u00a030. Le pronostic vital de l\u2019octog\u00e9naire serait engag\u00e9.<\/p>\n<p class=\"std-elt__inline\">\n        <strong>\u00c0 lire aussi :<\/strong><br \/>\n        <a href=\"https:\/\/www.ladepeche.fr\/2025\/12\/05\/on-surestime-la-penibilite-tisseo-veut-attirer-de-nouveaux-conducteurs-et-lance-une-campagne-de-recrutement-de-200-postes-pour-2026-13093453.php\" target=\"_blank\" rel=\"noopener\">\u00ab\u00a0On surestime la p\u00e9nibilit\u00e9\u00a0\u00bb\u00a0: Tiss\u00e9o veut attirer de nouveaux conducteurs et lance une campagne de recrutement de 200 postes pour 2026<\/a>\n    <\/p>\n<p>Le chauffeur en \u00e9tat de choc<\/p>\n<p>Les faits se sont produits en bas des All\u00e9es Jean-Jaur\u00e8s. Les victimes \u00e9taient en train de traverser la chauss\u00e9e sur le passage pi\u00e9ton lorsque le bus, qui survenait du boulevard Carnot, les a renvers\u00e9es.<\/p>\n<p>Les secours ont imm\u00e9diatement \u00e9t\u00e9 d\u00e9p\u00each\u00e9s sur les lieux. Au total, 12 sapeurs-pompiers du SDIS 31 ont \u00e9t\u00e9 d\u00e9ploy\u00e9s sur place. Le secteur est boucl\u00e9. Les All\u00e9es Jean-Jaur\u00e8s sont ferm\u00e9es pour aller en direction de l\u2019Arche Marengo. Le chauffeur de bus est toujours sur place, en \u00e9tat de choc. Le bus \u00e9tait vide de voyageurs.<\/p>\n<p>(Plus d\u2019informations \u00e0 suivre\u2026)<\/p>\n","protected":false},"excerpt":{"rendered":"l&rsquo;essentiel Deux femmes ont \u00e9t\u00e9 renvers\u00e9es par un chauffeur de bus Tiss\u00e9o, ce mardi 9\u00a0d\u00e9cembre 2025, en centre-ville&hellip;\n","protected":false},"author":2,"featured_media":588755,"comment_status":"","ping_status":"","sticky":false,"template":"","format":"standard","meta":{"footnotes":""},"categories":[2816],"tags":[3085,1111,11,1777,674,118,1011,27,2722,12,2680,25,2312],"class_list":{"0":"post-588754","1":"post","2":"type-post","3":"status-publish","4":"format-standard","5":"has-post-thumbnail","7":"category-toulouse","8":"tag-accidents","9":"tag-actu","10":"tag-actualites","11":"tag-eu","12":"tag-europe","13":"tag-faits-divers","14":"tag-fr","15":"tag-france","16":"tag-haute-garonne","17":"tag-news","18":"tag-occitanie","19":"tag-republique-francaise","20":"tag-toulouse"},"share_on_mastodon":{"url":"https:\/\/pubeurope.com\/@fr\/115690195191751216","error":""},"_links":{"self":[{"href":"https:\/\/www.europesays.com\/fr\/wp-json\/wp\/v2\/posts\/588754","targetHints":{"allow":["GET"]}}],"collection":[{"href":"https:\/\/www.europesays.com\/fr\/wp-json\/wp\/v2\/posts"}],"about":[{"href":"https:\/\/www.europesays.com\/fr\/wp-json\/wp\/v2\/types\/post"}],"author":[{"embeddable":true,"href":"https:\/\/www.europesays.com\/fr\/wp-json\/wp\/v2\/users\/2"}],"replies":[{"embeddable":true,"href":"https:\/\/www.europesays.com\/fr\/wp-json\/wp\/v2\/comments?post=588754"}],"version-history":[{"count":0,"href":"https:\/\/www.europesays.com\/fr\/wp-json\/wp\/v2\/posts\/588754\/revisions"}],"wp:featuredmedia":[{"embeddable":true,"href":"https:\/\/www.europesays.com\/fr\/wp-json\/wp\/v2\/media\/588755"}],"wp:attachment":[{"href":"https:\/\/www.europesays.com\/fr\/wp-json\/wp\/v2\/media?parent=588754"}],"wp:term":[{"taxonomy":"category","embeddable":true,"href":"https:\/\/www.europesays.com\/fr\/wp-json\/wp\/v2\/categories?post=588754"},{"taxonomy":"post_tag","embeddable":true,"href":"https:\/\/www.europesays.com\/fr\/wp-json\/wp\/v2\/tags?post=588754"}],"curies":[{"name":"wp","href":"https:\/\/api.w.org\/{rel}","templated":true}]}}