{"id":588756,"date":"2025-12-09T14:57:18","date_gmt":"2025-12-09T14:57:18","guid":{"rendered":"https:\/\/www.europesays.com\/fr\/588756\/"},"modified":"2025-12-09T14:57:18","modified_gmt":"2025-12-09T14:57:18","slug":"stade-toulousain-chocobares-et-barassi-incertains-avant-glasgow-ntamack-de-retour","status":"publish","type":"post","link":"https:\/\/www.europesays.com\/fr\/588756\/","title":{"rendered":"Stade Toulousain\u00a0: Chocobares et Barassi incertains avant Glasgow, Ntamack de retour"},"content":{"rendered":"<p>\n                                                                    l&rsquo;essentiel<br \/>\n                                                                Premier entra\u00eenement de la semaine pour les Toulousains avant le deuxi\u00e8me match de Coupe d\u2019Europe, samedi \u00e0 21\u00a0heures, \u00e0 Glasgow. Pour des retours au centre, le staff\u00a0devra s\u00fbrement encore patienter.\n                            <\/p>\n<p>C\u2019est encore l\u2019heure de la coupe d\u2019Europe pour le Stade Toulousain qui va encha\u00eener son deuxi\u00e8me match dans cette comp\u00e9tition. Large vainqueur (56-19) des Sharks dimanche, le champion de France va cette fois se frotter \u00e0 un adversaire plus coriace puisque Glasgow a frapp\u00e9 fort d\u2019entr\u00e9e en s\u2019imposant \u00e0 Sale (26-21) empochant au passage le bonus offensif. De plus, la rencontre se jouera \u00e0 21\u00a0heures sur une pelouse synth\u00e9tique. Des conditions auxquelles les Ecossais sont davantage habitu\u00e9s.<\/p>\n<p class=\"std-elt__inline\">\n        <strong>\u00c0 lire aussi :<\/strong><br \/>\n        <a href=\"https:\/\/www.ladepeche.fr\/2025\/12\/07\/stade-toulousain-peut-mieux-faire-comment-expliquer-le-trou-dair-subi-par-toulouse-contre-les-sharks-13097228.php\" target=\"_blank\" rel=\"noopener\">Stade Toulousain\u00a0: peut mieux faire\u2026 Comment expliquer le \u00ab\u00a0trou d\u2019air\u00a0\u00bb subi par Toulouse contre les Sharks<\/a>\n    <\/p>\n<p>Pour pr\u00e9parer cette rencontre, les Toulousains se sont entra\u00een\u00e9s pour la premi\u00e8re fois de la semaine cette apr\u00e8s-midi sur terrain synth\u00e9tique \u00e0 Ernest-Wallon. Tous les joueurs qui ont \u00e9volu\u00e9 face aux Sud-Africains dimanche \u00e9taient pr\u00e9sents\u00a0; aucun bless\u00e9 n\u2019\u00e9tant \u00e0 d\u00e9plorer lors de cette rencontre.\u00a0Malade le matin de la rencontre, Romain Ntamack \u00e9tait bien pr\u00e9sent.<\/p>\n<p class=\"std-elt__inline\">\n        <strong>\u00c0 lire aussi :<\/strong><br \/>\n        <a href=\"https:\/\/www.ladepeche.fr\/2025\/12\/08\/le-stade-toulousain-a-ete-entendu-par-le-conseil-de-discipline-dans-laffaire-jaminet-verdict-en-fin-de-semaine-13098711.php\" target=\"_blank\" rel=\"noopener\">Le Stade Toulousain a \u00e9t\u00e9 entendu par le conseil de discipline dans l\u2019affaire Jaminet\u00a0: verdict en fin de semaine<\/a>\n    <\/p>\n<p>En ce qui concerne les derniers bless\u00e9s longue dur\u00e9e, Juan-Cruz Mallia et Matias Remue sont pass\u00e9s avec succ\u00e8s sur la table d\u2019op\u00e9ration hier.<\/p>\n<p>Pour se rendre en Ecosse, le staff rouge et noir esp\u00e9rait enregistrer le retour de deux centres\u00a0: Santiago Chocobares et Pierre-Louis Barassi. Las, les deux joueurs sont encore suivis apr\u00e8s leurs protocoles commotion. Ils sont tr\u00e8s incertains pour ce week-end.<\/p>\n<p>C\u00e9lian Pouzelgues est de retour de son escapade \u00e0 VII.<\/p>\n<p>Jack Willis pr\u00e9serv\u00e9 face aux Sharks devrait cette fois pouvoir tenir sa place.<\/p>\n<p>Le dernier entra\u00eenement \u00e0 Toulouse aura lieu vendredi matin. Les joueurs s\u2019envoleront en suivant pour Glasgow.<\/p>\n","protected":false},"excerpt":{"rendered":"l&rsquo;essentiel Premier entra\u00eenement de la semaine pour les Toulousains avant le deuxi\u00e8me match de Coupe d\u2019Europe, samedi \u00e0&hellip;\n","protected":false},"author":2,"featured_media":588757,"comment_status":"","ping_status":"","sticky":false,"template":"","format":"standard","meta":{"footnotes":""},"categories":[2816],"tags":[1111,11,1777,674,1011,27,2722,12,2680,25,68796,517,476,2312],"class_list":{"0":"post-588756","1":"post","2":"type-post","3":"status-publish","4":"format-standard","5":"has-post-thumbnail","7":"category-toulouse","8":"tag-actu","9":"tag-actualites","10":"tag-eu","11":"tag-europe","12":"tag-fr","13":"tag-france","14":"tag-haute-garonne","15":"tag-news","16":"tag-occitanie","17":"tag-republique-francaise","18":"tag-rugby-u00e0-xv","19":"tag-sport","20":"tag-stade-toulousain","21":"tag-toulouse"},"share_on_mastodon":{"url":"https:\/\/pubeurope.com\/@fr\/115690199338920248","error":""},"_links":{"self":[{"href":"https:\/\/www.europesays.com\/fr\/wp-json\/wp\/v2\/posts\/588756","targetHints":{"allow":["GET"]}}],"collection":[{"href":"https:\/\/www.europesays.com\/fr\/wp-json\/wp\/v2\/posts"}],"about":[{"href":"https:\/\/www.europesays.com\/fr\/wp-json\/wp\/v2\/types\/post"}],"author":[{"embeddable":true,"href":"https:\/\/www.europesays.com\/fr\/wp-json\/wp\/v2\/users\/2"}],"replies":[{"embeddable":true,"href":"https:\/\/www.europesays.com\/fr\/wp-json\/wp\/v2\/comments?post=588756"}],"version-history":[{"count":0,"href":"https:\/\/www.europesays.com\/fr\/wp-json\/wp\/v2\/posts\/588756\/revisions"}],"wp:featuredmedia":[{"embeddable":true,"href":"https:\/\/www.europesays.com\/fr\/wp-json\/wp\/v2\/media\/588757"}],"wp:attachment":[{"href":"https:\/\/www.europesays.com\/fr\/wp-json\/wp\/v2\/media?parent=588756"}],"wp:term":[{"taxonomy":"category","embeddable":true,"href":"https:\/\/www.europesays.com\/fr\/wp-json\/wp\/v2\/categories?post=588756"},{"taxonomy":"post_tag","embeddable":true,"href":"https:\/\/www.europesays.com\/fr\/wp-json\/wp\/v2\/tags?post=588756"}],"curies":[{"name":"wp","href":"https:\/\/api.w.org\/{rel}","templated":true}]}}