{"id":588758,"date":"2025-12-09T14:58:11","date_gmt":"2025-12-09T14:58:11","guid":{"rendered":"https:\/\/www.europesays.com\/fr\/588758\/"},"modified":"2025-12-09T14:58:11","modified_gmt":"2025-12-09T14:58:11","slug":"un-spectacle-gratuit-de-cracheurs-de-feu-vous-attend-ce-vendredi","status":"publish","type":"post","link":"https:\/\/www.europesays.com\/fr\/588758\/","title":{"rendered":"un spectacle gratuit de cracheurs de feu vous attend ce vendredi\u00a0!"},"content":{"rendered":"<p>                    Par<br \/>\n        <strong><br \/>\n            <a href=\"https:\/\/actu.fr\/auteur\/nicolas-demollien\" title=\"Consulter tous les articles de Nicolas Demollien\" target=\"_blank\" rel=\"noopener\">Nicolas Demollien<\/a><br \/>\n                    <\/strong><\/p>\n<p>        Publi\u00e9 le<\/p>\n<p>            9 d\u00e9c. 2025 \u00e0 15h46        <\/p>\n<p>Vous allez en prendre plein les yeux ! Ce <b>vendredi 12 d\u00e9cembre 2025<\/b> \u00e0 <a href=\"https:\/\/actu.fr\/hauts-de-france\/lille_59350\" target=\"_blank\" rel=\"noopener\">Lille<\/a> (Nord), le <b>centre social Marcel Bertrand <\/b>organise sa <b>f\u00eate des lumi\u00e8res<\/b> avec des animations \u00e0 la pelle et un <b>spectacle de cracheur de feu<\/b>. Un joli moment offert au public, d\u2019autant qu\u2019il est accessible<b> gratuitement<\/b>.<\/p>\n<p>Animations et spectacle de cracheur de feu gratuit \u00e0 Lille ce vendredi<\/p>\n<p class=\" wall-content\">La f\u00eate se d\u00e9roulera au <b>50, boulevard de Strasbourg <\/b>d\u00e8s 17h. Sur place, les animations vont s\u2019encha\u00eener :\u00a0<\/p>\n<ul class=\" wall-content\">\n<li>Stands et animations ;<\/li>\n<li>Atelier cr\u00e9atif \u00ab\u00a0Boule \u00e0 neige\u00a0\u00bb ;<\/li>\n<li>Jeux, man\u00e8ge enfantin, karaok\u00e9 ;<\/li>\n<li>Ambiance musicale ;<\/li>\n<li>Collecte solidaire avec l\u2019association C\u0153ur Uni ;<\/li>\n<li>Distribution de soupe (18h) ;<\/li>\n<li>Distribution de cr\u00eapes (19h30) ;<\/li>\n<li>Spectacle de cracheurs de feu \u00e0 20h.<\/li>\n<\/ul>\n<p class=\" wall-content\">Vous l\u2019aurez compris, un tr\u00e8s bel \u00e9v\u00e9nement gratuit ouvert \u00e0 tous.<\/p>\n<p>    <a href=\"https:\/\/www.facebook.com\/plugins\/post.php?href=https%3A%2F%2Fwww.facebook.com%2Fcsmb59%2Fposts%2Fpfbid02QvD9S9617o3KktcKyBbBb3f14EX6NMwXxJTM8vqZkS6ZoMseumCxFUPbvG8xi2tfl&amp;show_text=true&amp;width=350\" title=\"Ouvrie le lien\" target=\"_blank\" rel=\"noopener\">Cliquez ici pour visualiser le contenu<\/a><\/p>\n<p class=\" wall-content\">Plus d\u2019infos sur les lieux sur le site <a href=\"https:\/\/www.lille.fr\/Nos-equipements\/Centre-Social-Marcel-Bertrand\" target=\"_blank\" rel=\"noopener\">lille.fr<\/a><\/p>\n<p class=\" wall-content\">Personnalisez votre actualit\u00e9 en ajoutant vos villes et m\u00e9dias en favori avec <a href=\"https:\/\/moncompte.actu.fr\" title=\"D\u00e9couvez Mon Actu\" rel=\"nofollow noopener\" data-trk=\"{&quot;cta&quot;:{&quot;action&quot;:&quot;https:\\\/\\\/moncompte.actu.fr&quot;,&quot;category&quot;:&quot;mon compte&quot;,&quot;from&quot;:&quot;article footer&quot;,&quot;name&quot;:&quot;Mon actu&quot;,&quot;type&quot;:&quot;cta&quot;}}\" target=\"_blank\">Mon Actu<\/a>.<\/p>\n","protected":false},"excerpt":{"rendered":"Par Nicolas Demollien Publi\u00e9 le 9 d\u00e9c. 2025 \u00e0 15h46 Vous allez en prendre plein les yeux !&hellip;\n","protected":false},"author":2,"featured_media":588759,"comment_status":"","ping_status":"","sticky":false,"template":"","format":"standard","meta":{"footnotes":""},"categories":[2815],"tags":[1111,11,6557,1777,674,1011,27,811,1307,1652,12,25,853],"class_list":{"0":"post-588758","1":"post","2":"type-post","3":"status-publish","4":"format-standard","5":"has-post-thumbnail","7":"category-lille","8":"tag-actu","9":"tag-actualites","10":"tag-bon-plan-a-lille","11":"tag-eu","12":"tag-europe","13":"tag-fr","14":"tag-france","15":"tag-hauts-de-france","16":"tag-lille","17":"tag-loisirs-culture","18":"tag-news","19":"tag-republique-francaise","20":"tag-spectacles"},"share_on_mastodon":{"url":"https:\/\/pubeurope.com\/@fr\/115690203007359169","error":""},"_links":{"self":[{"href":"https:\/\/www.europesays.com\/fr\/wp-json\/wp\/v2\/posts\/588758","targetHints":{"allow":["GET"]}}],"collection":[{"href":"https:\/\/www.europesays.com\/fr\/wp-json\/wp\/v2\/posts"}],"about":[{"href":"https:\/\/www.europesays.com\/fr\/wp-json\/wp\/v2\/types\/post"}],"author":[{"embeddable":true,"href":"https:\/\/www.europesays.com\/fr\/wp-json\/wp\/v2\/users\/2"}],"replies":[{"embeddable":true,"href":"https:\/\/www.europesays.com\/fr\/wp-json\/wp\/v2\/comments?post=588758"}],"version-history":[{"count":0,"href":"https:\/\/www.europesays.com\/fr\/wp-json\/wp\/v2\/posts\/588758\/revisions"}],"wp:featuredmedia":[{"embeddable":true,"href":"https:\/\/www.europesays.com\/fr\/wp-json\/wp\/v2\/media\/588759"}],"wp:attachment":[{"href":"https:\/\/www.europesays.com\/fr\/wp-json\/wp\/v2\/media?parent=588758"}],"wp:term":[{"taxonomy":"category","embeddable":true,"href":"https:\/\/www.europesays.com\/fr\/wp-json\/wp\/v2\/categories?post=588758"},{"taxonomy":"post_tag","embeddable":true,"href":"https:\/\/www.europesays.com\/fr\/wp-json\/wp\/v2\/tags?post=588758"}],"curies":[{"name":"wp","href":"https:\/\/api.w.org\/{rel}","templated":true}]}}