{"id":588760,"date":"2025-12-09T14:59:21","date_gmt":"2025-12-09T14:59:21","guid":{"rendered":"https:\/\/www.europesays.com\/fr\/588760\/"},"modified":"2025-12-09T14:59:21","modified_gmt":"2025-12-09T14:59:21","slug":"luniversite-de-lille-anticipe-un-doublement-de-son-deficit-en-2026","status":"publish","type":"post","link":"https:\/\/www.europesays.com\/fr\/588760\/","title":{"rendered":"L\u2019universit\u00e9 de Lille anticipe un doublement de son d\u00e9ficit en 2026,&#8230;"},"content":{"rendered":"<p>L\u2019universit\u00e9 de Lille devrait subir un d\u00e9ficit record de 45\u00a0M\u20ac en 2026. Le budget initial vot\u00e9 jeudi 4\u00a0d\u00e9cembre\u00a02025 pr\u00e9voit aussi une d\u00e9gradation des crit\u00e8res de soutenabilit\u00e9 requis par le nouveau d\u00e9cret financier. \u00ab\u00a0L\u2019an dernier, j\u2019avais d\u00e9j\u00e0 tir\u00e9 la sonnette d\u2019alarme parce que la situation se d\u00e9gradait assez rapidement\u00a0\u00bb, indique R\u00e9gis Bordet, pr\u00e9sident de l\u2019universit\u00e9, joint mardi 9\u00a0d\u00e9cembre\u00a02025 par AEF info. \u00ab\u00a0Les effets de notre plan de retour \u00e0 l\u2019\u00e9quilibre ont \u00e9t\u00e9 ruin\u00e9s par les mesures de l\u2019\u00c9tat non compens\u00e9es\u00a0\u00bb, regrette-t-il.\u00a0Le rectorat a \u00e9mis un avis d\u00e9favorable sur ce BI 2026.\t\t\t\t\t<\/p>\n<p><b>Cette d\u00e9p\u00eache est r\u00e9serv\u00e9e aux abonn\u00e9s<\/b><\/p>\n<p>Il vous reste 92 % de cette d\u00e9p\u00eache \u00e0 d\u00e9couvrir.<\/p>\n<p><\/p>\n<ul>\n<li>Retrouver l\u2019int\u00e9gralit\u00e9 de cette d\u00e9p\u00eache et tous les contenus de la m\u00eame th\u00e9matique<\/li>\n<li>Toute l\u2019actualit\u00e9 strat\u00e9gique d\u00e9crypt\u00e9e par nos journalistes experts<\/li>\n<li>Information fiable, neutre et r\u00e9active<\/li>\n<li>R\u00e9ception par email personnalisable<\/li>\n<\/ul>\n<p>\n\t\t\t\t\t\t\t\t\tTESTER GRATUITEMENT PENDANT 1 MOIS\n\t\t\t\t\t\t\t\t<\/p>\n<p>\t\t\t\t\t\t\t\tTest gratuit et sans engagement<\/p>\n<p>\n\t\t\t\t\t\t\t\t\tD\u00e9j\u00e0 abonn\u00e9(e) ? Je me connecte\n\t\t\t\t\t\t\t\t<\/p>\n","protected":false},"excerpt":{"rendered":"L\u2019universit\u00e9 de Lille devrait subir un d\u00e9ficit record de 45\u00a0M\u20ac en 2026. Le budget initial vot\u00e9 jeudi 4\u00a0d\u00e9cembre\u00a02025&hellip;\n","protected":false},"author":2,"featured_media":588761,"comment_status":"","ping_status":"","sticky":false,"template":"","format":"standard","meta":{"footnotes":""},"categories":[2815],"tags":[1111,11,1777,674,1011,27,811,1307,12,25],"class_list":{"0":"post-588760","1":"post","2":"type-post","3":"status-publish","4":"format-standard","5":"has-post-thumbnail","7":"category-lille","8":"tag-actu","9":"tag-actualites","10":"tag-eu","11":"tag-europe","12":"tag-fr","13":"tag-france","14":"tag-hauts-de-france","15":"tag-lille","16":"tag-news","17":"tag-republique-francaise"},"share_on_mastodon":{"url":"https:\/\/pubeurope.com\/@fr\/115690207055800186","error":""},"_links":{"self":[{"href":"https:\/\/www.europesays.com\/fr\/wp-json\/wp\/v2\/posts\/588760","targetHints":{"allow":["GET"]}}],"collection":[{"href":"https:\/\/www.europesays.com\/fr\/wp-json\/wp\/v2\/posts"}],"about":[{"href":"https:\/\/www.europesays.com\/fr\/wp-json\/wp\/v2\/types\/post"}],"author":[{"embeddable":true,"href":"https:\/\/www.europesays.com\/fr\/wp-json\/wp\/v2\/users\/2"}],"replies":[{"embeddable":true,"href":"https:\/\/www.europesays.com\/fr\/wp-json\/wp\/v2\/comments?post=588760"}],"version-history":[{"count":0,"href":"https:\/\/www.europesays.com\/fr\/wp-json\/wp\/v2\/posts\/588760\/revisions"}],"wp:featuredmedia":[{"embeddable":true,"href":"https:\/\/www.europesays.com\/fr\/wp-json\/wp\/v2\/media\/588761"}],"wp:attachment":[{"href":"https:\/\/www.europesays.com\/fr\/wp-json\/wp\/v2\/media?parent=588760"}],"wp:term":[{"taxonomy":"category","embeddable":true,"href":"https:\/\/www.europesays.com\/fr\/wp-json\/wp\/v2\/categories?post=588760"},{"taxonomy":"post_tag","embeddable":true,"href":"https:\/\/www.europesays.com\/fr\/wp-json\/wp\/v2\/tags?post=588760"}],"curies":[{"name":"wp","href":"https:\/\/api.w.org\/{rel}","templated":true}]}}