{"id":588763,"date":"2025-12-09T15:02:30","date_gmt":"2025-12-09T15:02:30","guid":{"rendered":"https:\/\/www.europesays.com\/fr\/588763\/"},"modified":"2025-12-09T15:02:30","modified_gmt":"2025-12-09T15:02:30","slug":"voici-la-date-du-lancement","status":"publish","type":"post","link":"https:\/\/www.europesays.com\/fr\/588763\/","title":{"rendered":"voici la date du lancement"},"content":{"rendered":"<p>                    Par<br \/>\n        <strong><br \/>\n            <a href=\"https:\/\/actu.fr\/auteur\/fabien-binacchi\" title=\"Consulter tous les articles de Fabien Binacchi\" target=\"_blank\" rel=\"noopener\">Fabien Binacchi<\/a><br \/>\n                    <\/strong><\/p>\n<p>        Publi\u00e9 le<\/p>\n<p>            9 d\u00e9c. 2025 \u00e0 14h37        <\/p>\n<p>Elles circulent, mais pour le moment sans voyageur. Les rames de la ligne T3 du tramway de <a href=\"https:\/\/actu.fr\/marseille\/\" target=\"_blank\" rel=\"noopener\">Marseille,<\/a> exploit\u00e9es par la<a href=\"https:\/\/actu.fr\/tag\/rtm\" target=\"_blank\" rel=\"noopener\"> RTM,<\/a> ont entam\u00e9 leur \u00ab\u2009marche \u00e0 blanc\u2009\u00bb sur les deux extensions du trac\u00e9, <strong>vers G\u00e8ze, au nord, et jusqu\u2019\u00e0 La Gaye, au sud.<\/strong> Il s\u2019agit de l\u2019ultime \u00e9tape d\u2019un chantier gargantuesque, entam\u00e9 en 2020, avant la mise en service au public dont la date est d\u00e9sormais connue. Voici ce qu\u2019il faut savoir.<\/p>\n<p>Rendez-vous le 7\u00a0janvier 2026<\/p>\n<p class=\" wall-content\">C\u2019est dans pr\u00e8s d\u2019un mois, le mercredi 7\u00a0janvier 2026, que les premiers passagers pourront circuler sur <strong>un parcours allong\u00e9 de 6,2\u00a0km,<\/strong> annonce la m\u00e9tropole Aix-Marseille-Provence. Avec ces deux extensions, la ligne T3 passe donc de 3,2 \u00e0 9,4\u00a0km de long, avec un doublement du nombre de stations, 22 au lieu de 11.<\/p>\n<p class=\" wall-content\">La travers\u00e9e du parcours prendra <strong>37\u00a0minutes<\/strong> en totalit\u00e9.<\/p>\n<p class=\" wall-content\">Deux c\u00e9r\u00e9monies d\u2019inauguration, ouvertes au public, sont d\u2019ores et d\u00e9j\u00e0 programm\u00e9es\u2009: le 7\u00a0janvier pour le nouveau tron\u00e7on en direction du nord, au terminus G\u00e8ze, et le samedi 10\u00a0janvier au sud, directement au niveau de la station La Gaye.<\/p>\n<p>Des tests intensifs pendant un mois<\/p>\n<p class=\" wall-content\">En attendant, les rames vont donc circuler \u00ab\u2009\u00e0 blanc\u2009\u00bb, c\u2019est-\u00e0-dire \u00ab\u2009dans des conditions quasi identiques \u00e0 l\u2019exploitation r\u00e9elle, mais sans voyageur\u2009\u00bb.<\/p>\n<p>    <img   decoding=\"async\" loading=\"lazy\" src=\"https:\/\/www.europesays.com\/fr\/wp-content\/uploads\/2025\/12\/mamp-122205-a4-960x640.jpg\" alt=\"tramway T3\" width=\"960\" height=\"640\"\/><br \/>\n    La \u00ab\u2009marche \u00e0 blanc\u2009\u00bb sert notamment \u00e0 v\u00e9rifier \u00ab\u2009le comportement des rames\u2009\u00bb sur leurs nouveaux rails. (\u00a9M\u00e9tropole AMP)<\/p>\n<p class=\" wall-content\">Cette toute derni\u00e8re \u00e9tape du chantier \u00ab\u2009a pour objectif de s\u2019assurer que tout fonctionne correctement avant la mise en service\u2009: le mat\u00e9riel roulant, les \u00e9quipements au sol, l\u2019exploitation du r\u00e9seau et l\u2019ensemble des proc\u00e9dures op\u00e9rationnelles\u2009\u00bb, d\u00e9crit la collectivit\u00e9.<\/p>\n<p>Votre r\u00e9gion, votre actu !<\/p>\n<p>Recevez chaque jour les infos qui comptent pour vous.<\/p>\n<p>\t<a href=\"https:\/\/actu.fr\/newsletter\" class=\"ac-btn ac-btn--corner ac-btn--medium ac-btn--blue800\" target=\"_blank\" rel=\"noopener\">S&rsquo;incrire<\/a><\/p>\n<blockquote class=\"ac-article-quote wall-content\">\n<p>Ces essais permettent notamment de v\u00e9rifier le respect du plan de circulation, les arr\u00eats en station, le comportement des rames (acc\u00e9l\u00e9ration, freinage, consommation d\u2019\u00e9nergie&#8230;), ainsi que le fonctionnement de la signalisation, des aiguillages et des priorit\u00e9s aux carrefours.<\/p>\n<p>    <strong>M\u00e9tropole AMP<\/strong>\n            <\/p><\/blockquote>\n<p>De nouveaux travaux vers la Castellane<\/p>\n<p class=\" wall-content\">Cette mise en service marquera la fin d\u2019<strong>un chantier de pr\u00e8s de six ans,<\/strong> en attendant d\u2019autres travaux tout aussi colossaux\u2009: une seconde extension du T3 au nord, jusqu\u2019\u00e0 La Castellane, pour desservir les 15e et 16e arrondissements.<\/p>\n<p class=\" wall-content\">Ce projet, qui comprendra <strong>11 nouvelles stations sur plus de 7\u00a0km de rails qui sont \u00e0 construire,<\/strong> devrait sortir de terre d\u00e8s 2027, pour une livraison courant 2029.<\/p>\n<p class=\" wall-content\">Personnalisez votre actualit\u00e9 en ajoutant vos villes et m\u00e9dias en favori avec <a href=\"https:\/\/moncompte.actu.fr\" title=\"D\u00e9couvez Mon Actu\" rel=\"nofollow noopener\" data-trk=\"{&quot;cta&quot;:{&quot;action&quot;:&quot;https:\\\/\\\/moncompte.actu.fr&quot;,&quot;category&quot;:&quot;mon compte&quot;,&quot;from&quot;:&quot;article footer&quot;,&quot;name&quot;:&quot;Mon actu&quot;,&quot;type&quot;:&quot;cta&quot;}}\" target=\"_blank\">Mon Actu<\/a>.<\/p>\n","protected":false},"excerpt":{"rendered":"Par Fabien Binacchi Publi\u00e9 le 9 d\u00e9c. 2025 \u00e0 14h37 Elles circulent, mais pour le moment sans voyageur.&hellip;\n","protected":false},"author":2,"featured_media":588764,"comment_status":"","ping_status":"","sticky":false,"template":"","format":"standard","meta":{"footnotes":""},"categories":[2814],"tags":[1111,11,1777,674,1011,27,884,12,882,25,10783,104,2803],"class_list":{"0":"post-588763","1":"post","2":"type-post","3":"status-publish","4":"format-standard","5":"has-post-thumbnail","7":"category-marseille","8":"tag-actu","9":"tag-actualites","10":"tag-eu","11":"tag-europe","12":"tag-fr","13":"tag-france","14":"tag-marseille","15":"tag-news","16":"tag-provence-alpes-cote-dazur","17":"tag-republique-francaise","18":"tag-rtm","19":"tag-societe","20":"tag-transport"},"share_on_mastodon":{"url":"https:\/\/pubeurope.com\/@fr\/115690219680522699","error":""},"_links":{"self":[{"href":"https:\/\/www.europesays.com\/fr\/wp-json\/wp\/v2\/posts\/588763","targetHints":{"allow":["GET"]}}],"collection":[{"href":"https:\/\/www.europesays.com\/fr\/wp-json\/wp\/v2\/posts"}],"about":[{"href":"https:\/\/www.europesays.com\/fr\/wp-json\/wp\/v2\/types\/post"}],"author":[{"embeddable":true,"href":"https:\/\/www.europesays.com\/fr\/wp-json\/wp\/v2\/users\/2"}],"replies":[{"embeddable":true,"href":"https:\/\/www.europesays.com\/fr\/wp-json\/wp\/v2\/comments?post=588763"}],"version-history":[{"count":0,"href":"https:\/\/www.europesays.com\/fr\/wp-json\/wp\/v2\/posts\/588763\/revisions"}],"wp:featuredmedia":[{"embeddable":true,"href":"https:\/\/www.europesays.com\/fr\/wp-json\/wp\/v2\/media\/588764"}],"wp:attachment":[{"href":"https:\/\/www.europesays.com\/fr\/wp-json\/wp\/v2\/media?parent=588763"}],"wp:term":[{"taxonomy":"category","embeddable":true,"href":"https:\/\/www.europesays.com\/fr\/wp-json\/wp\/v2\/categories?post=588763"},{"taxonomy":"post_tag","embeddable":true,"href":"https:\/\/www.europesays.com\/fr\/wp-json\/wp\/v2\/tags?post=588763"}],"curies":[{"name":"wp","href":"https:\/\/api.w.org\/{rel}","templated":true}]}}