{"id":588771,"date":"2025-12-09T15:10:14","date_gmt":"2025-12-09T15:10:14","guid":{"rendered":"https:\/\/www.europesays.com\/fr\/588771\/"},"modified":"2025-12-09T15:10:14","modified_gmt":"2025-12-09T15:10:14","slug":"la-ville-saisit-la-justice-et-denonce-des-faits-gravissimes","status":"publish","type":"post","link":"https:\/\/www.europesays.com\/fr\/588771\/","title":{"rendered":"la Ville saisit la justice et d\u00e9nonce \u00ab\u00a0des faits gravissimes\u00a0\u00bb"},"content":{"rendered":"<p>                    Par<br \/>\n        <strong><br \/>\n            <a href=\"https:\/\/actu.fr\/auteur\/sarah-coulet\" title=\"Consulter tous les articles de Sarah Coulet\" target=\"_blank\" rel=\"noopener\">Sarah Coulet<\/a><br \/>\n                    <\/strong><\/p>\n<p>        Publi\u00e9 le<\/p>\n<p>            9 d\u00e9c. 2025 \u00e0 15h08        <\/p>\n<p>Les images font mal au c\u0153ur. Ce mardi 9\u00a0d\u00e9cembre 2025, <a href=\"https:\/\/www.franceinfo.fr\/societe\/enfance-et-adolescence\/info-franceinfo-c-est-une-sanction-des-educateurs-rasent-les-cheveux-d-un-enfant-place-dans-un-foyer-a-paris-et-le-filment_7666297.html\" target=\"_blank\" rel=\"noopener\">franceinfo <\/a>fait \u00e9tat d\u2019actes de <strong>maltraitance<\/strong> envers un petit gar\u00e7on qui vit dans le foyer Jenner, dans le 13\u1d49 arrondissement de Paris. Des \u00e9ducateurs se sont film\u00e9s en train de tondre la t\u00eate d\u2019Eliott, 8\u00a0ans. Une sc\u00e8ne qui a ensuite \u00e9t\u00e9 diffus\u00e9e dans la boucle Whatsapp des salari\u00e9s en charge des enfants de 6 \u00e0 10\u00a0ans. La <a href=\"https:\/\/actu.fr\/tag\/mairie-de-paris\" target=\"_blank\" rel=\"noopener\">Mairie de Paris<\/a> a annonc\u00e9 avoir saisi la justice et mener des investigations administratives.<\/p>\n<p>\u00ab\u2009Une sanction\u2009\u00bb<\/p>\n<p class=\" wall-content\">D\u2019apr\u00e8s le r\u00e9cit fait par franceinfo, qui a eu acc\u00e8s \u00e0 la vid\u00e9o et au groupe Whatsapp, la sc\u00e8ne s\u2019est d\u00e9roul\u00e9e en f\u00e9vrier 2025, dans une salle du foyer de l\u2019aide sociale \u00e0 l\u2019enfance, g\u00e9r\u00e9 par l\u2019association Jean-Cotxet. On peut y voir Eliott, torse nu, assis sur une chaise, <strong>la moiti\u00e9 du cr\u00e2ne ras\u00e9<\/strong>. Derri\u00e8re lui, une \u00e9ducatrice tient une tondeuse et admire ce qu\u2019elle vient de faire\u2009: \u00ab\u2009\u00c7a fait grave styl\u00e9.\u2009\u00bb Face \u00e0 lui, un autre \u00e9ducateur le filme et lui lance\u2009: \u00ab\u2009On va t\u2019appeler double face.\u2009\u00bb<\/p>\n<p class=\" wall-content\">Sur d\u2019autres clich\u00e9s diffus\u00e9s sur le groupe Whatsapp, le petit gar\u00e7on a le cr\u00e2ne enti\u00e8rement tondu. Une \u00e9ducatrice s\u2019inqui\u00e8te de savoir qui a pris cette d\u00e9cision. Les salari\u00e9s responsables de cette \u00ab\u2009coupe\u2009\u00bb de cheveux expliquent avec amusement en \u00eatre \u00e0 l\u2019origine. \u00ab\u2009Nous avons pris la d\u00e9cision <strong>sans consulter personne<\/strong>\u2009\u00bb, \u00e9crit l\u2019un d\u2019eux, avant qu\u2019un autre ne pr\u00e9cise qu\u2019il s\u2019agit \u00ab\u2009d\u2019une sanction\u2009\u00bb. En r\u00e9action \u00e0 quelles actions du petit gar\u00e7on\u2009? Selon les t\u00e9moignages recueillis par nos confr\u00e8res aupr\u00e8s des salari\u00e9s du foyer, Eliott serait un enfant en demande d\u2019affection et payerait \u00ab\u2009le mal-\u00eatre de certains \u00e9ducateurs\u2009\u00bb. Plusieurs employ\u00e9s ou ex-employ\u00e9s auraient d\u00e9nonc\u00e9 des violences psychologiques et des n\u00e9gligences sur les enfants dont ils ont la charge.<\/p>\n<p>\u00ab\u2009Si c\u2019est pas une blague, c\u2019est tr\u00e8s tr\u00e8s grave\u2009\u00bb<\/p>\n<p class=\" wall-content\">Face aux photos, certains salari\u00e9s mettent en garde quant \u00e0 la gravit\u00e9 des faits. \u00ab\u2009Si c\u2019est une blague, pour rappel, c\u2019est un groupe WhatsApp professionnel et non un groupe de potes. Si c\u2019est pas une blague, <strong>c\u2019est tr\u00e8s tr\u00e8s grave<\/strong>.\u2009\u00bb D\u2019autres ironisent sur la situation\u2009: \u00ab\u2009\u00c7a lui donne plus d\u2019a\u00e9rodynamisme\u2009\u00bb. Pendant plusieurs jours, il a \u00e9t\u00e9 la cible de moqueries \u00e0 l\u2019\u00e9cole et portait un bonnet.<\/p>\n<p class=\" wall-content\">Quelques jours plus tard, la m\u00e8re d\u2019Eliott d\u00e9couvre son fils et demande des comptes. Plusieurs explications lui seront donn\u00e9es\u2009: une coupe rat\u00e9e, une tentative de se d\u00e9barrasser de poux\u2026 Pas convaincue, elle aurait men\u00e9 son enqu\u00eate et d\u00e9couvert, sept mois plus tard, en septembre\u00a02025, l\u2019existence de ces images. Son avocate aurait envoy\u00e9 <strong>un mail au juge des enfants<\/strong> pour l\u2019informer de la situation.<\/p>\n<p>Une enqu\u00eate administrative ouverte<\/p>\n<p class=\" wall-content\">Dans un communiqu\u00e9, la Mairie de Paris d\u00e9nonce des faits \u00ab\u2009gravissimes [\u2026] \u00e0 <strong>des fins \u00e9videntes d\u2019humiliation<\/strong>\u2009\u00bb et confirme que les justifications avanc\u00e9es, \u00ab\u2009en tout \u00e9tat de cause non v\u00e9rifi\u00e9es [\u2026], ne sauraient l\u00e9gitimer la violence qui lui a \u00e9t\u00e9 inflig\u00e9e.\u2009\u00bb La justice a donc \u00e9t\u00e9 saisie afin que des suites soient donn\u00e9es et une enqu\u00eate administrative ouverte. La Ville \u00ab\u2009se constituera \u00e9galement partie civile le cas \u00e9ch\u00e9ant.\u2009\u00bb<\/p>\n<p class=\" wall-content\">De son c\u00f4t\u00e9, l\u2019association Jean-Cotxet a indiqu\u00e9 que l\u2019\u00e9quipe et le chef d\u2019\u00e9quipe ont \u00e9t\u00e9 remplac\u00e9s. Quant \u00e0 Eliott, l\u2019option de changer de foyer lui a \u00e9t\u00e9 propos\u00e9e, mais il aurait <strong>pr\u00e9f\u00e9r\u00e9 rester<\/strong> dans celui-l\u00e0, o\u00f9 il dit se sentir bien.<\/p>\n<p class=\" wall-content\">Personnalisez votre actualit\u00e9 en ajoutant vos villes et m\u00e9dias en favori avec <a href=\"https:\/\/moncompte.actu.fr\" title=\"D\u00e9couvez Mon Actu\" rel=\"nofollow noopener\" data-trk=\"{&quot;cta&quot;:{&quot;action&quot;:&quot;https:\\\/\\\/moncompte.actu.fr&quot;,&quot;category&quot;:&quot;mon compte&quot;,&quot;from&quot;:&quot;article footer&quot;,&quot;name&quot;:&quot;Mon actu&quot;,&quot;type&quot;:&quot;cta&quot;}}\" target=\"_blank\">Mon Actu<\/a>.<\/p>\n","protected":false},"excerpt":{"rendered":"Par Sarah Coulet Publi\u00e9 le 9 d\u00e9c. 2025 \u00e0 15h08 Les images font mal au c\u0153ur. Ce mardi&hellip;\n","protected":false},"author":2,"featured_media":588772,"comment_status":"","ping_status":"","sticky":false,"template":"","format":"standard","meta":{"footnotes":""},"categories":[1888],"tags":[1111,1928,11,1927,1719,1777,674,118,1011,27,2381,12,1926,626,1925,25],"class_list":{"0":"post-588771","1":"post","2":"type-post","3":"status-publish","4":"format-standard","5":"has-post-thumbnail","7":"category-paris","8":"tag-actu","9":"tag-actu-paris","10":"tag-actualites","11":"tag-actualites-paris","12":"tag-enfants","13":"tag-eu","14":"tag-europe","15":"tag-faits-divers","16":"tag-fr","17":"tag-france","18":"tag-mairie-de-paris","19":"tag-news","20":"tag-news-paris","21":"tag-paris","22":"tag-paris-news","23":"tag-republique-francaise"},"share_on_mastodon":{"url":"https:\/\/pubeurope.com\/@fr\/115690250215282614","error":""},"_links":{"self":[{"href":"https:\/\/www.europesays.com\/fr\/wp-json\/wp\/v2\/posts\/588771","targetHints":{"allow":["GET"]}}],"collection":[{"href":"https:\/\/www.europesays.com\/fr\/wp-json\/wp\/v2\/posts"}],"about":[{"href":"https:\/\/www.europesays.com\/fr\/wp-json\/wp\/v2\/types\/post"}],"author":[{"embeddable":true,"href":"https:\/\/www.europesays.com\/fr\/wp-json\/wp\/v2\/users\/2"}],"replies":[{"embeddable":true,"href":"https:\/\/www.europesays.com\/fr\/wp-json\/wp\/v2\/comments?post=588771"}],"version-history":[{"count":0,"href":"https:\/\/www.europesays.com\/fr\/wp-json\/wp\/v2\/posts\/588771\/revisions"}],"wp:featuredmedia":[{"embeddable":true,"href":"https:\/\/www.europesays.com\/fr\/wp-json\/wp\/v2\/media\/588772"}],"wp:attachment":[{"href":"https:\/\/www.europesays.com\/fr\/wp-json\/wp\/v2\/media?parent=588771"}],"wp:term":[{"taxonomy":"category","embeddable":true,"href":"https:\/\/www.europesays.com\/fr\/wp-json\/wp\/v2\/categories?post=588771"},{"taxonomy":"post_tag","embeddable":true,"href":"https:\/\/www.europesays.com\/fr\/wp-json\/wp\/v2\/tags?post=588771"}],"curies":[{"name":"wp","href":"https:\/\/api.w.org\/{rel}","templated":true}]}}