{"id":588775,"date":"2025-12-09T15:12:15","date_gmt":"2025-12-09T15:12:15","guid":{"rendered":"https:\/\/www.europesays.com\/fr\/588775\/"},"modified":"2025-12-09T15:12:15","modified_gmt":"2025-12-09T15:12:15","slug":"le-groupe-comover-reprend-north-communication","status":"publish","type":"post","link":"https:\/\/www.europesays.com\/fr\/588775\/","title":{"rendered":"Le groupe Com&rsquo;Over reprend North Communication"},"content":{"rendered":"<p>\n                                    <b>Publi\u00e9 le<\/b><br \/>\n                                    <\/p>\n<p>                                        9 d\u00e9cembre 2025<\/p>\n<p class=\"article-content col-md-8 offset-md-1\">\n                                Nouvelle consolidation dans l&rsquo;univers des agences de communication fran\u00e7aises. Le groupe Com-Over, cofond\u00e9 en 2011 par son dirigeant actuel David Drahy, annonce reprendre l&rsquo;agence parisienne North Communication. Les deux agences, qui ont toutes deux des relais en r\u00e9gions et poss\u00e8dent des expertises dans le sport, les marques et enseignes lifestyle, l&rsquo;art de vivre et l&rsquo;\u00e9v\u00e8nementiel se rapprochent.<img decoding=\"async\" class=\"news-image\" style=\"width:100%;max-width:645px;\" src=\"https:\/\/www.europesays.com\/fr\/wp-content\/uploads\/2025\/12\/a459.jpg\" alt=\"David Drahy, dirigeant et cofondateur de Com'Over\" loading=\"lazy\"\/>David Drahy, dirigeant et cofondateur de Com&rsquo;Over &#8211; Mathis Fouault\u00a0\u00bbJe suis particuli\u00e8rement fier de cette nouvelle \u00e9tape dans le d\u00e9veloppement de Com\u2019Over, avance David Drahy dans un communiqu\u00e9 ce 9 d\u00e9cembre.\n                            <\/p>\n<p>\n                                Tous droits de reproduction et de repr\u00e9sentation r\u00e9serv\u00e9s.<br \/>\u00a9 2025 FashionNetwork.com\n                            <\/p>\n","protected":false},"excerpt":{"rendered":"Publi\u00e9 le 9 d\u00e9cembre 2025 Nouvelle consolidation dans l&rsquo;univers des agences de communication fran\u00e7aises. Le groupe Com-Over, cofond\u00e9&hellip;\n","protected":false},"author":2,"featured_media":588776,"comment_status":"","ping_status":"","sticky":false,"template":"","format":"standard","meta":{"footnotes":""},"categories":[1888],"tags":[11,2424,8738,28274,537,2423,42686,1777,674,70215,1011,27,70217,47010,2425,70216,985,70214,12,2298,626,2426,2427,23463,25,2421,70218,70219,2422],"class_list":{"0":"post-588775","1":"post","2":"type-post","3":"status-publish","4":"format-standard","5":"has-post-thumbnail","7":"category-paris","8":"tag-actualites","9":"tag-beaute","10":"tag-billabong","11":"tag-columbia","12":"tag-contact","13":"tag-cosmetiques","14":"tag-dim","15":"tag-eu","16":"tag-europe","17":"tag-foot-locker","18":"tag-fr","19":"tag-france","20":"tag-gore-tex","21":"tag-kappa","22":"tag-luxe","23":"tag-merrell","24":"tag-mode","25":"tag-new-era","26":"tag-news","27":"tag-parfum","28":"tag-paris","29":"tag-professionnel","30":"tag-professionnels","31":"tag-protest","32":"tag-republique-francaise","33":"tag-reseau","34":"tag-saucony","35":"tag-sorel","36":"tag-textile"},"share_on_mastodon":{"url":"https:\/\/pubeurope.com\/@fr\/115690258953308801","error":""},"_links":{"self":[{"href":"https:\/\/www.europesays.com\/fr\/wp-json\/wp\/v2\/posts\/588775","targetHints":{"allow":["GET"]}}],"collection":[{"href":"https:\/\/www.europesays.com\/fr\/wp-json\/wp\/v2\/posts"}],"about":[{"href":"https:\/\/www.europesays.com\/fr\/wp-json\/wp\/v2\/types\/post"}],"author":[{"embeddable":true,"href":"https:\/\/www.europesays.com\/fr\/wp-json\/wp\/v2\/users\/2"}],"replies":[{"embeddable":true,"href":"https:\/\/www.europesays.com\/fr\/wp-json\/wp\/v2\/comments?post=588775"}],"version-history":[{"count":0,"href":"https:\/\/www.europesays.com\/fr\/wp-json\/wp\/v2\/posts\/588775\/revisions"}],"wp:featuredmedia":[{"embeddable":true,"href":"https:\/\/www.europesays.com\/fr\/wp-json\/wp\/v2\/media\/588776"}],"wp:attachment":[{"href":"https:\/\/www.europesays.com\/fr\/wp-json\/wp\/v2\/media?parent=588775"}],"wp:term":[{"taxonomy":"category","embeddable":true,"href":"https:\/\/www.europesays.com\/fr\/wp-json\/wp\/v2\/categories?post=588775"},{"taxonomy":"post_tag","embeddable":true,"href":"https:\/\/www.europesays.com\/fr\/wp-json\/wp\/v2\/tags?post=588775"}],"curies":[{"name":"wp","href":"https:\/\/api.w.org\/{rel}","templated":true}]}}