{"id":588790,"date":"2025-12-09T15:21:14","date_gmt":"2025-12-09T15:21:14","guid":{"rendered":"https:\/\/www.europesays.com\/fr\/588790\/"},"modified":"2025-12-09T15:21:14","modified_gmt":"2025-12-09T15:21:14","slug":"bruxelles-promet-de-renforcer-les-controles-des-importations-agricoles-avant-le-vote-sur-laccord-ue-mercosur","status":"publish","type":"post","link":"https:\/\/www.europesays.com\/fr\/588790\/","title":{"rendered":"Bruxelles promet de renforcer les contr\u00f4les des importations agricoles, avant le vote sur l\u2019accord UE-Mercosur"},"content":{"rendered":"<p>\n    \u00c0 quelques jours d\u2019un vote d\u00e9cisif sur l\u2019accord commercial controvers\u00e9, la Commission europ\u00e9enne veut envoyer un signal clair \u00e0 la France, qui conditionne son soutien au trait\u00e9 \u00e0 un durcissement des inspections.<\/p>\n<p class=\"fig-paragraph\">Bruxelles tente de rassurer les d\u00e9tracteurs de l\u2019accord avec le Mercosur. L&rsquo;Union europ\u00e9enne a annonc\u00e9 mardi 9 d\u00e9cembre le renforcement de ses contr\u00f4les des importations agricoles, un signal envoy\u00e9 \u00e0 la France pour tenter de la convaincre de soutenir l&rsquo;accord commercial avec les pays latino-am\u00e9ricains du\u00a0<a href=\"http:\/\/www.lefigaro.fr\/actualite-france\/mercosur-dermatose-ces-assises-de-la-souverainete-alimentaire-qui-s-ouvrent-ce-lundi-dans-un-contexte-tendu-20251207\" data-fig-type=\"Article\" data-gtm-custom-categorie=\"navigation\" data-gtm-custom-action=\"crossclick\" data-gtm-custom-label=\"Contextuel\" data-gtm-event=\"customEventSPE\" data-fig-domain=\"LEFIGARO\" target=\"_blank\" rel=\"noopener\">Mercosur<\/a>. Afin de v\u00e9rifier que les produits qui entrent en Europe sont conformes aux normes de l&rsquo;UE, la Commission promet une hausse de 50% du nombre de contr\u00f4les \u00e0 l&rsquo;\u00e9tranger dans les deux ans qui viennent. \u00c0 l\u2019int\u00e9rieur de l&rsquo;Union, Bruxelles mentionne aussi une augmentation de 33% des audits aux postes fronti\u00e8res pour s&rsquo;assurer que \u00ables \u00c9tats membres effectuent les inspections conform\u00e9ment aux exigences\u00bb europ\u00e9ennes.<\/p>\n<p class=\"fig-paragraph\">La Commission veut en outre mettre \u00e0 jour ses r\u00e8gles sur la pr\u00e9sence de traces de pesticides dans les importations, malgr\u00e9 leur interdiction \u00e0 l&rsquo;int\u00e9rieur de l&rsquo;UE. Elle annonce la mise en place d&rsquo;un groupe de travail qui planchera sur cette question sensible des \u00abr\u00e9sidus de pesticides\u00bb. \u00ab\u00c0 la demande de nos agriculteurs et d&rsquo;un certain nombre d&rsquo;\u00c9tats membres, nous nous sommes engag\u00e9s \u00e0 respecter un principe\u00a0: ne pas autoriser la r\u00e9introduction dans l&rsquo;UE, par le biais de produits import\u00e9s, des pesticides les plus dangereux qui sont interdits dans l&rsquo;Union\u00bb, a soulign\u00e9 le commissaire europ\u00e9en Oliver Varhelyi, charg\u00e9 de la sant\u00e9 et du bien-\u00eatre animal.<\/p>\n<p class=\"fig-body-link\">\n            \u00c0 lire aussi<br \/>\n        <a class=\"fig-body-link__link\" href=\"http:\/\/www.lefigaro.fr\/flash-eco\/accord-mercosur-les-importations-respecteront-les-normes-europeennes-assure-la-commission-20190715\" target=\"_blank\" data-fig-type=\"NewsFlash\" rel=\"noopener\" data-gtm-custom-categorie=\"navigation\" data-gtm-custom-action=\"crossclick\" data-gtm-custom-label=\"Contextuel\" data-gtm-event=\"customEventSPE\" data-fig-domain=\"LEFIGARO\"><\/p>\n<p>        Accord Mercosur: les importations respecteront les normes europ\u00e9ennes, assure la Commission<br \/>\n    <\/a>\n<\/p>\n<p>                                            <a class=\"fig-a11y-skip\" href=\"#fig-a11y-skip-main-inarticle\" data-module=\"a11y-skip\" data-context=\"was @visible\"><br \/>\n    Passer la publicit\u00e9<br \/>\n<\/a>            <\/p>\n<p>                                            Vote dans les prochains jours<\/p>\n<p class=\"fig-paragraph\">Ce responsable a assur\u00e9 que ces annonces \u00e9taient sans lien avec le vote des \u00c9tats europ\u00e9ens, attendu dans les prochains jours, sur l&rsquo;accord de libre-\u00e9change avec les pays latino-am\u00e9ricains du Mercosur. Mais \u00absi vous me demandez si cela va aider \u00e0 l&rsquo;application et \u00e0 la mise en \u0153uvre de l&rsquo;accord avec le Mercosur, ma r\u00e9ponse est oui\u00bb, a-t-il nuanc\u00e9 devant la presse. La France qui \u00e9tait oppos\u00e9e \u00e0 cet accord commercial \u00aben l&rsquo;\u00e9tat\u00bb, a fait du renforcement des contr\u00f4les, notamment des r\u00e9sidus de pesticides, une condition pour r\u00e9examiner sa position sur le sujet.<\/p>\n<p class=\"fig-paragraph\">Le vote des \u00c9tats europ\u00e9ens sur cet accord commercial avec l&rsquo;Argentine, le Br\u00e9sil, l&rsquo;Uruguay et le Paraguay est attendu entre le 16 et le 19 d\u00e9cembre \u00e0 Bruxelles. La Commission esp\u00e8re ensuite une signature du trait\u00e9 le 20 d\u00e9cembre \u00e0 Foz do Igua\u00e7u dans le sud du Br\u00e9sil, selon une source europ\u00e9enne. Puis, la ratification devra passer par un vote du Parlement europ\u00e9en, probablement d\u00e9but 2026, o\u00f9 la partie pourrait s&rsquo;av\u00e9rer serr\u00e9e. Ce trait\u00e9 de libre-\u00e9change doit notamment permettre \u00e0 l&rsquo;Union europ\u00e9enne d&rsquo;exporter davantage de\u00a0<a href=\"http:\/\/www.lefigaro.fr\/conjoncture\/ue-mercosur-quels-seraient-les-secteurs-gagnants-et-perdants-du-tres-decrie-accord-commercial-20241119\" target=\"_blank\" data-fig-type=\"NewsFlash\" rel=\"noopener\" data-gtm-custom-categorie=\"navigation\" data-gtm-custom-action=\"crossclick\" data-gtm-custom-label=\"Contextuel\" data-gtm-event=\"customEventSPE\" data-fig-domain=\"LEFIGARO\">voitures, de machines, de vins et de spiritueux en Am\u00e9rique latine<\/a>. En retour, il faciliterait l&rsquo;entr\u00e9e de viande, sucre, riz, miel ou soja sud-am\u00e9ricains, au risque de fragiliser certaines fili\u00e8res agricoles europ\u00e9ennes.<\/p>\n","protected":false},"excerpt":{"rendered":"\u00c0 quelques jours d\u2019un vote d\u00e9cisif sur l\u2019accord commercial controvers\u00e9, la Commission europ\u00e9enne veut envoyer un signal clair&hellip;\n","protected":false},"author":2,"featured_media":588791,"comment_status":"","ping_status":"","sticky":false,"template":"","format":"standard","meta":{"footnotes":""},"categories":[1586],"tags":[11,2160,1777,674,1779,1011,27,21426,12,25,1778,364],"class_list":{"0":"post-588790","1":"post","2":"type-post","3":"status-publish","4":"format-standard","5":"has-post-thumbnail","7":"category-europe","8":"tag-actualites","9":"tag-commerce-international","10":"tag-eu","11":"tag-europe","12":"tag-european-union","13":"tag-fr","14":"tag-france","15":"tag-mercosur","16":"tag-news","17":"tag-republique-francaise","18":"tag-ue","19":"tag-union-europeenne"},"share_on_mastodon":{"url":"https:\/\/pubeurope.com\/@fr\/115690293598412885","error":""},"_links":{"self":[{"href":"https:\/\/www.europesays.com\/fr\/wp-json\/wp\/v2\/posts\/588790","targetHints":{"allow":["GET"]}}],"collection":[{"href":"https:\/\/www.europesays.com\/fr\/wp-json\/wp\/v2\/posts"}],"about":[{"href":"https:\/\/www.europesays.com\/fr\/wp-json\/wp\/v2\/types\/post"}],"author":[{"embeddable":true,"href":"https:\/\/www.europesays.com\/fr\/wp-json\/wp\/v2\/users\/2"}],"replies":[{"embeddable":true,"href":"https:\/\/www.europesays.com\/fr\/wp-json\/wp\/v2\/comments?post=588790"}],"version-history":[{"count":0,"href":"https:\/\/www.europesays.com\/fr\/wp-json\/wp\/v2\/posts\/588790\/revisions"}],"wp:featuredmedia":[{"embeddable":true,"href":"https:\/\/www.europesays.com\/fr\/wp-json\/wp\/v2\/media\/588791"}],"wp:attachment":[{"href":"https:\/\/www.europesays.com\/fr\/wp-json\/wp\/v2\/media?parent=588790"}],"wp:term":[{"taxonomy":"category","embeddable":true,"href":"https:\/\/www.europesays.com\/fr\/wp-json\/wp\/v2\/categories?post=588790"},{"taxonomy":"post_tag","embeddable":true,"href":"https:\/\/www.europesays.com\/fr\/wp-json\/wp\/v2\/tags?post=588790"}],"curies":[{"name":"wp","href":"https:\/\/api.w.org\/{rel}","templated":true}]}}