{"id":588795,"date":"2025-12-09T15:24:20","date_gmt":"2025-12-09T15:24:20","guid":{"rendered":"https:\/\/www.europesays.com\/fr\/588795\/"},"modified":"2025-12-09T15:24:20","modified_gmt":"2025-12-09T15:24:20","slug":"en-france-on-na-jamais-vraiment-cherche-a-redistribuer-le-patrimoine-liberation","status":"publish","type":"post","link":"https:\/\/www.europesays.com\/fr\/588795\/","title":{"rendered":"\u00abEn France, on n\u2019a jamais vraiment cherch\u00e9 \u00e0 redistribuer le patrimoine\u00bb \u2013 Lib\u00e9ration"},"content":{"rendered":"<p class=\"sc-cPiKLX AiZTS text-element\">Partout, des in\u00e9galit\u00e9s. Des in\u00e9galit\u00e9s de revenus, les 10 % les plus riches de la population mondiale gagnant plus que les 90 % restants et la moiti\u00e9 la plus pauvre ne recevant que 10 % du revenu mondial total. Des in\u00e9galit\u00e9s de patrimoine, avec les 10 % les plus riches d\u00e9tenant les trois quarts du patrimoine mondial tandis que la moiti\u00e9 la moins dot\u00e9e n\u2019en d\u00e9tient qu\u2019un minuscule 2 %. Des in\u00e9galit\u00e9s encore plus flagrantes quand on regarde de plus pr\u00e8s les 0,001 % les plus riches, soit 56 000 personnes : ces multimillionnaires contr\u00f4lent trois fois plus de richesse que la moiti\u00e9 de l\u2019humanit\u00e9. Ces contrastes ne se cantonnent pas au revenu et au patrimoine : la crise climatique est indissociable de la concentration des patrimoines, l\u2019\u00e9quit\u00e9 entre les hommes et les femmes n\u2019existe toujours pas, le syst\u00e8me financier mondial est asym\u00e9trique entre pays riches et pauvres, et \u00e0 l\u2019int\u00e9rieur des pays, les clivages territoriaux se creusent. Les in\u00e9galit\u00e9s \u00abextr\u00eames et persistantes\u00bb, touchent \u00abtous les domaines de la vie \u00e9conomique et sociale\u00bb. C\u2019est le constat accablant dress\u00e9 <a href=\"https:\/\/www.liberation.fr\/economie\/thomas-piketty-et-lucas-chancel-en-france-on-na-jamais-vraiment-cherche-a-redistribuer-le-patrimoine-20251209_SFGFQ6RD2NCYZKKE65LCI4WDRQ\/Wir2026.wid.world\" target=\"_blank\" rel=\"noopener\">dans la troisi\u00e8me \u00e9dition du Rapport sur les in\u00e9galit\u00e9s mondiales<\/a>. R\u00e9alis\u00e9e tous les quatre ans \u00e0 partir des donn\u00e9es collect\u00e9es par 200 chercheurs, cette enqu\u00eate appelle \u00e0 une \u00abattention urgente\u00bb sur ces sujets et rec\u00e8le un motif d\u2019espoir : \u00abCes divisions ne sont pas in\u00e9vitables.\u00bb Les \u00e9conomistes Lucas Chancel et Thomas Piketty, <\/p>\n","protected":false},"excerpt":{"rendered":"Partout, des in\u00e9galit\u00e9s. Des in\u00e9galit\u00e9s de revenus, les 10 % les plus riches de la population mondiale gagnant&hellip;\n","protected":false},"author":2,"featured_media":588796,"comment_status":"","ping_status":"","sticky":false,"template":"","format":"standard","meta":{"footnotes":""},"categories":[4],"tags":[11,1011,27,342,30482,12,25,52897],"class_list":{"0":"post-588795","1":"post","2":"type-post","3":"status-publish","4":"format-standard","5":"has-post-thumbnail","7":"category-france","8":"tag-actualites","9":"tag-fr","10":"tag-france","11":"tag-impots","12":"tag-inegalites-sociales","13":"tag-news","14":"tag-republique-francaise","15":"tag-taxe-zucman"},"share_on_mastodon":{"url":"https:\/\/pubeurope.com\/@fr\/115690305155385921","error":""},"_links":{"self":[{"href":"https:\/\/www.europesays.com\/fr\/wp-json\/wp\/v2\/posts\/588795","targetHints":{"allow":["GET"]}}],"collection":[{"href":"https:\/\/www.europesays.com\/fr\/wp-json\/wp\/v2\/posts"}],"about":[{"href":"https:\/\/www.europesays.com\/fr\/wp-json\/wp\/v2\/types\/post"}],"author":[{"embeddable":true,"href":"https:\/\/www.europesays.com\/fr\/wp-json\/wp\/v2\/users\/2"}],"replies":[{"embeddable":true,"href":"https:\/\/www.europesays.com\/fr\/wp-json\/wp\/v2\/comments?post=588795"}],"version-history":[{"count":0,"href":"https:\/\/www.europesays.com\/fr\/wp-json\/wp\/v2\/posts\/588795\/revisions"}],"wp:featuredmedia":[{"embeddable":true,"href":"https:\/\/www.europesays.com\/fr\/wp-json\/wp\/v2\/media\/588796"}],"wp:attachment":[{"href":"https:\/\/www.europesays.com\/fr\/wp-json\/wp\/v2\/media?parent=588795"}],"wp:term":[{"taxonomy":"category","embeddable":true,"href":"https:\/\/www.europesays.com\/fr\/wp-json\/wp\/v2\/categories?post=588795"},{"taxonomy":"post_tag","embeddable":true,"href":"https:\/\/www.europesays.com\/fr\/wp-json\/wp\/v2\/tags?post=588795"}],"curies":[{"name":"wp","href":"https:\/\/api.w.org\/{rel}","templated":true}]}}