{"id":588805,"date":"2025-12-09T15:36:26","date_gmt":"2025-12-09T15:36:26","guid":{"rendered":"https:\/\/www.europesays.com\/fr\/588805\/"},"modified":"2025-12-09T15:36:26","modified_gmt":"2025-12-09T15:36:26","slug":"six-militants-ecologistes-acquittes-en-suede","status":"publish","type":"post","link":"https:\/\/www.europesays.com\/fr\/588805\/","title":{"rendered":"six militants \u00e9cologistes acquitt\u00e9s en Su\u00e8de"},"content":{"rendered":"<p>\n    Le tribunal de Stockholm a estim\u00e9 que les activistes n\u2019avaient pas l\u2019intention d\u2019endommager le tableau Le Jardin de l\u2019artiste \u00e0 Giverny (1900), pr\u00eat\u00e9 en juin 2023 par le mus\u00e9e d\u2019Orsay au mus\u00e9e national de Su\u00e8de. Leur geste \u00e9tait purement motiv\u00e9 par la \u00abcrise climatique\u00bb.<\/p>\n<p class=\"fig-paragraph\">Un tribunal su\u00e9dois a acquitt\u00e9 lundi des militants \u00e9cologistes qui avaient badigeonn\u00e9 de peinture la vitrine prot\u00e9geant un tableau de<a href=\"http:\/\/www.lefigaro.fr\/arts-expositions\/1856-eugene-boudin-decouvre-et-prend-sous-son-aile-le-jeune-claude-monet-caricaturiste-talentueux-20250416\" data-fig-type=\"Article\" data-gtm-custom-categorie=\"navigation\" data-gtm-custom-action=\"crossclick\" data-gtm-custom-label=\"Contextuel\" data-gtm-event=\"customEventSPE\" data-fig-domain=\"LEFIGARO\" target=\"_blank\" rel=\"noopener\">\u00a0Claude Monet<\/a>, estimant que l&rsquo;intention n&rsquo;avait pas \u00e9t\u00e9 d&rsquo;endommager l&rsquo;\u0153uvre d&rsquo;art. Le 14 juin 2023, deux jeunes femmes ont tremp\u00e9 leurs mains dans de la peinture rouge avant d&rsquo;en \u00e9taler sur Le Jardin de l&rsquo;artiste \u00e0 Giverny (1900), pr\u00eat\u00e9 \u00e0 l&rsquo;\u00e9poque par\u00a0<a href=\"http:\/\/www.lefigaro.fr\/arts-expositions\/le-desespere-de-gustave-courbet-trone-au-musee-d-orsay-avant-une-curieuse-garde-alternee-entre-la-france-et-le-qatar-20251016\" data-fig-type=\"Article\" data-gtm-custom-categorie=\"navigation\" data-gtm-custom-action=\"crossclick\" data-gtm-custom-label=\"Contextuel\" data-gtm-event=\"customEventSPE\" data-fig-domain=\"LEFIGARO\" target=\"_blank\" rel=\"noopener\">le mus\u00e9e d&rsquo;Orsay<\/a>\u00a0au mus\u00e9e national de Su\u00e8de (Nationalmuseum) dans le cadre d&rsquo;une exposition consacr\u00e9e aux jardins et \u00e0 la nature.<\/p>\n<p class=\"fig-paragraph\">L&rsquo;organisation \u00c5terst\u00e4ll V\u00e5tmarker (\u00ab\u00a0R\u00e9tablissez les zones humides\u00a0\u00bb) avait revendiqu\u00e9 et diffus\u00e9 une vid\u00e9o de cette action dans laquelle on les entendait scander \u00ab\u00a0la situation climatique est urgente\u00a0\u00bb et \u00ab\u00a0notre sant\u00e9 est menac\u00e9e\u00a0\u00bb. Le tableau n&rsquo;a subi aucun dommage, avait assur\u00e9 le lendemain le directeur du mus\u00e9e d&rsquo;Orsay. Les deux jeunes femmes et quatre autres activistes ont toutefois \u00e9t\u00e9 inculp\u00e9s de vandalisme.<\/p>\n<p class=\"fig-body-link\">\n            \u00c0 lire aussi<br \/>\n        <a class=\"fig-body-link__link fig-premium-mark\" href=\"http:\/\/www.lefigaro.fr\/culture\/claude-monet-et-la-lumiere-fut-20240323\" target=\"_blank\" data-fig-type=\"Article\" rel=\"noopener\" data-gtm-custom-categorie=\"navigation\" data-gtm-custom-action=\"crossclick\" data-gtm-custom-label=\"Contextuel\" data-gtm-event=\"customEventSPE\" data-fig-domain=\"LEFIGARO\"><\/p>\n<p>        Claude Monet, et la lumi\u00e8re fut<br \/>\n    <\/a>\n<\/p>\n<p>                                            <a class=\"fig-a11y-skip\" href=\"#fig-a11y-skip-main-inarticle\" data-module=\"a11y-skip\" data-context=\"was @visible\"><br \/>\n    Passer la publicit\u00e9<br \/>\n<\/a>            <\/p>\n<p>                                            Aucun dommage durable \u00e0 l\u2019\u0153uvre<\/p>\n<p class=\"fig-paragraph\">Selon le jugement rendu lundi par le tribunal de Stockholm, les militants ont ni\u00e9 avoir eu la volont\u00e9 d&rsquo;endommager le tableau, affirmant que leur geste \u00e9tait motiv\u00e9 par la \u00ab\u00a0crise climatique\u00a0\u00bb. Ils avaient d\u00e9lib\u00e9r\u00e9ment choisi un tableau prot\u00e9g\u00e9 par une vitre, et utilis\u00e9 une peinture facile \u00e0 enlever. Une argumentation que la cour a suivie\u00a0:\u00a0les activistes n&rsquo;avaient pas pour intention de causer des dommages durables \u00e0 l&rsquo;\u0153uvre, bien qu&rsquo;un peu de peinture ait fini sur le cadre, a-t-elle jug\u00e9. Les six ont \u00e9t\u00e9 acquitt\u00e9s et n&rsquo;ont pas eu \u00e0 payer de dommages et int\u00e9r\u00eats.<\/p>\n","protected":false},"excerpt":{"rendered":"Le tribunal de Stockholm a estim\u00e9 que les activistes n\u2019avaient pas l\u2019intention d\u2019endommager le tableau Le Jardin de&hellip;\n","protected":false},"author":2,"featured_media":588806,"comment_status":"","ping_status":"","sticky":false,"template":"","format":"standard","meta":{"footnotes":""},"categories":[1358],"tags":[6599,1348,1384,1385,12046,1386,58,59,1011,27,5140],"class_list":{"0":"post-588805","1":"post","2":"type-post","3":"status-publish","4":"format-standard","5":"has-post-thumbnail","7":"category-arts-et-design","8":"tag-activistes","9":"tag-arts","10":"tag-arts-and-design","11":"tag-arts-et-design","12":"tag-claude-monet","13":"tag-design","14":"tag-divertissement","15":"tag-entertainment","16":"tag-fr","17":"tag-france","18":"tag-rechauffement-climatique"},"share_on_mastodon":{"url":"https:\/\/pubeurope.com\/@fr\/115690352350392942","error":""},"_links":{"self":[{"href":"https:\/\/www.europesays.com\/fr\/wp-json\/wp\/v2\/posts\/588805","targetHints":{"allow":["GET"]}}],"collection":[{"href":"https:\/\/www.europesays.com\/fr\/wp-json\/wp\/v2\/posts"}],"about":[{"href":"https:\/\/www.europesays.com\/fr\/wp-json\/wp\/v2\/types\/post"}],"author":[{"embeddable":true,"href":"https:\/\/www.europesays.com\/fr\/wp-json\/wp\/v2\/users\/2"}],"replies":[{"embeddable":true,"href":"https:\/\/www.europesays.com\/fr\/wp-json\/wp\/v2\/comments?post=588805"}],"version-history":[{"count":0,"href":"https:\/\/www.europesays.com\/fr\/wp-json\/wp\/v2\/posts\/588805\/revisions"}],"wp:featuredmedia":[{"embeddable":true,"href":"https:\/\/www.europesays.com\/fr\/wp-json\/wp\/v2\/media\/588806"}],"wp:attachment":[{"href":"https:\/\/www.europesays.com\/fr\/wp-json\/wp\/v2\/media?parent=588805"}],"wp:term":[{"taxonomy":"category","embeddable":true,"href":"https:\/\/www.europesays.com\/fr\/wp-json\/wp\/v2\/categories?post=588805"},{"taxonomy":"post_tag","embeddable":true,"href":"https:\/\/www.europesays.com\/fr\/wp-json\/wp\/v2\/tags?post=588805"}],"curies":[{"name":"wp","href":"https:\/\/api.w.org\/{rel}","templated":true}]}}