{"id":588813,"date":"2025-12-09T15:41:12","date_gmt":"2025-12-09T15:41:12","guid":{"rendered":"https:\/\/www.europesays.com\/fr\/588813\/"},"modified":"2025-12-09T15:41:12","modified_gmt":"2025-12-09T15:41:12","slug":"les-centenaires-ne-jurent-que-par-lui-laliment-quon-devrait-tous-prendre-au-petit-dejeuner-pour-vivre-plus-longtemps","status":"publish","type":"post","link":"https:\/\/www.europesays.com\/fr\/588813\/","title":{"rendered":"Les centenaires ne jurent que par lui : l&rsquo;aliment qu&rsquo;on devrait tous prendre au petit-d\u00e9jeuner pour vivre plus longtemps"},"content":{"rendered":"<p><strong>Imaginez-vous dans un village isol\u00e9, nich\u00e9 entre collines et champs, o\u00f9 chaque maison abrite des visages rayonnants qui ont franchi le cap des cent ans. Leurs matin\u00e9es suivent des rites ancestraux, bien loin des modes du moment. Et si le rem\u00e8de \u00e0 la long\u00e9vit\u00e9 se trouvait, tout simplement, dans un humble bol \u00e0 la table du petit-d\u00e9jeuner ? Intrigant, n&rsquo;est-ce pas ? Plongeons ensemble dans ce rituel matinal qui pourrait bien bousculer nos habitudes.<\/strong><\/p>\n<p>Les centenaires d\u00e9fient le temps : zoom sur un rituel matinal<\/p>\n<p>Dans l&rsquo;imaginaire collectif, les centenaires semblent poss\u00e9der un don myst\u00e9rieux, presque magique, pour d\u00e9fier les lois du temps. Pourtant, leur secret r\u00e9side souvent dans des <strong>gestes simples, entretenus au fil des ann\u00e9es<\/strong>. Parmi eux, le petit-d\u00e9jeuner occupe une place toute particuli\u00e8re. Loin de la rapidit\u00e9 du caf\u00e9 aval\u00e9 debout, ce repas s&rsquo;affirme comme un v\u00e9ritable moment sacr\u00e9. On y partage, on y savoure, on prend son temps.<\/p>\n<p>Les villages o\u00f9 la long\u00e9vit\u00e9 effleure la norme, ces fameuses \u00ab blue zones \u00bb, diss\u00e9min\u00e9es entre la M\u00e9diterran\u00e9e, l&rsquo;Asie ou l&rsquo;Am\u00e9rique centrale, sont scrut\u00e9s par le monde entier. L\u00e0-bas, franchir le cap du centenaire n&rsquo;a rien d&rsquo;exceptionnel. Mais au petit matin, une constante revient : un <a href=\"https:\/\/journaldesseniors.20minutes.fr\/sante\/lerreur-que-font-presque-tous-les-francais-a-lheure-du-petit-dejeuner-pourrait-bien-ruiner-leur-energie-pour-de-bon-selon-les-experts\/\" target=\"_blank\" rel=\"noopener\">petit-d\u00e9jeuner simple<\/a>, principalement compos\u00e9 d&rsquo;un aliment-roi, peu co\u00fbteux, rassasiant, et source d&rsquo;inspiration.<\/p>\n<p>L&rsquo;outil magique des centenaires : l&rsquo;avoine sous toutes ses formes<\/p>\n<p>Loin de la sophistication des brunchs parisiens, les doyens misent sur la simplicit\u00e9. Leur alli\u00e9 de toujours ? <strong>L&rsquo;avoine, ce grain ancestral<\/strong> qui tr\u00f4ne fi\u00e8rement dans leurs garde-manger. Cet aliment, aussi discret qu&rsquo;efficace, fait d\u00e9sormais figure d&rsquo;incontournable dans leur routine matinale.<\/p>\n<p>Pourquoi l&rsquo;avoine ? Parce qu&rsquo;elle conjugue saveur douce, texture r\u00e9confortante et propri\u00e9t\u00e9s nutritionnelles exemplaires. Gruau fumant en hiver, muesli frais en \u00e9t\u00e9, bouillie familiale : <strong>l&rsquo;avoine se pr\u00eate \u00e0 toutes les d\u00e9clinaisons<\/strong>. Sa capacit\u00e9 \u00e0 s&rsquo;adapter \u00e0 chaque saison permet de ne jamais s&rsquo;en lasser, m\u00eame quand le givre recouvre les fen\u00eatres un matin de d\u00e9cembre.<\/p>\n<p>Les fibres, carburant cach\u00e9 de la vitalit\u00e9<\/p>\n<p>Ce qui rend l&rsquo;avoine si remarquable, ce n&rsquo;est pas qu&rsquo;une question de tradition. <strong>Star des fibres solubles<\/strong>, elle s&rsquo;ajuste parfaitement \u00e0 la recherche de bien-\u00eatre moderne. Les fibres jouent en effet plusieurs r\u00f4les essentiels : elles favorisent le transit, prot\u00e8gent le c\u0153ur et aident \u00e0 maintenir une silhouette dynamique.<\/p>\n<p>L&rsquo;avoine poss\u00e8de un atout de taille : ses fibres sp\u00e9cifiques, appel\u00e9es b\u00e9ta-glucanes. Celles-ci aident \u00e0 <a href=\"https:\/\/journaldesseniors.20minutes.fr\/sante\/cette-boisson-star-du-petit-dejeuner-est-a-bannir-de-toute-urgence-pour-eviter-le-pic-de-glycemie\/\" target=\"_blank\" rel=\"noopener\">r\u00e9guler la glyc\u00e9mie<\/a> et offrent une sensation de sati\u00e9t\u00e9 durable. R\u00e9sultat : moins de fringales, un apport \u00e9nerg\u00e9tique constant, et un petit coup de pouce pour traverser les longues matin\u00e9es hivernales sans baisse d&rsquo;\u00e9nergie.<\/p>\n<p>Plus qu&rsquo;un aliment : l&rsquo;art de bien d\u00e9marrer la journ\u00e9e<\/p>\n<p>Dans les \u00ab blue zones \u00bb, le petit-d\u00e9jeuner n&rsquo;est jamais monotone. <strong>Allier l&rsquo;avoine \u00e0 des fruits, quelques <a href=\"https:\/\/journaldesseniors.20minutes.fr\/sante\/ce-detail-meconnu-sur-les-fruits-a-coque-pourrait-gacher-votre-ete-et-surprendre-meme-les-plus-prudents\/\" target=\"_blank\" rel=\"noopener\">noix<\/a>, ou des graines<\/strong>, c&rsquo;est composer un festin color\u00e9 et savoureux. Ce cocktail de vitamines et de min\u00e9raux fait \u00e9cho \u00e0 la tradition fran\u00e7aise du \u00ab bol sant\u00e9 \u00bb, o\u00f9 chaque ingr\u00e9dient r\u00e9v\u00e8le son potentiel.<\/p>\n<p>L&rsquo;id\u00e9e n&rsquo;est pas de tomber dans la routine. Les centenaires varient les textures, les saveurs, la saisonnalit\u00e9. Raisins secs en hiver, pommes r\u00e2p\u00e9es en d\u00e9cembre, pruneaux gorg\u00e9s de soleil, noisettes croquantes\u2026 <strong>L&rsquo;avoine invite \u00e0 la cr\u00e9ativit\u00e9 culinaire<\/strong>. Un peu de cannelle, une touche de miel et, pourquoi pas, quelques zestes d&rsquo;orange pour un clin d&rsquo;\u0153il \u00e0 No\u00ebl.<\/p>\n<p> Les bienfaits insoup\u00e7onn\u00e9s de l&rsquo;avoine au quotidien<\/p>\n<p>Mais l&rsquo;avoine ne s&rsquo;arr\u00eate pas l\u00e0. <strong>C&rsquo;est une arme naturelle contre le cholest\u00e9rol<\/strong> : ses fibres participent \u00e0 r\u00e9duire le \u00ab mauvais \u00bb cholest\u00e9rol tout en pr\u00e9servant la sant\u00e9 cardiovasculaire, si pr\u00e9cieuse \u00e0 l&rsquo;heure o\u00f9 la s\u00e9dentarit\u00e9 guette. Elle aurait \u00e9galement une action b\u00e9n\u00e9fique contre l&rsquo;inflammation, souvent responsable de petits maux chroniques qui minent la vitalit\u00e9.<\/p>\n<p>Mieux encore, l&rsquo;avoine entretient une <strong>digestion r\u00e9guli\u00e8re, douce<\/strong>, et contribue \u00e0 un <a href=\"https:\/\/journaldesseniors.20minutes.fr\/sante\/puis-je-consulter-un-psy-meme-si-je-nai-pas-eu-de-traumatisme-ce-que-tout-le-monde-devrait-savoir-sur-la-therapie\/\" target=\"_blank\" rel=\"noopener\">bien-\u00eatre g\u00e9n\u00e9ral<\/a>. Bien nourri, l&rsquo;intestin envoie au cerveau des signaux positifs, am\u00e9liorant l&rsquo;humeur, la motivation et la capacit\u00e9 \u00e0 rester alerte. En hiver, cet \u00e9quilibre est pr\u00e9cieux pour garder le moral malgr\u00e9 la grisaille.<\/p>\n<p> Comment adopter la routine matinale des centenaires chez soi ?<\/p>\n<p>Int\u00e9grer l&rsquo;avoine \u00e0 son quotidien n&rsquo;a rien d&rsquo;un casse-t\u00eate, m\u00eame quand les minutes sont compt\u00e9es le matin. Un <strong>bol de porridge<\/strong> chaud ou un muesli maison peuvent \u00eatre pr\u00eats en quelques instants. Pour un porridge classique :<\/p>\n<ul>\n<li>40 g de flocons d&rsquo;avoine<\/li>\n<li>200 ml de lait (v\u00e9g\u00e9tal ou animal selon ses pr\u00e9f\u00e9rences)<\/li>\n<li>1 cuill\u00e8re \u00e0 caf\u00e9 de graines (chia ou lin)<\/li>\n<li>Fruits frais ou secs de saison<\/li>\n<li>Une pinc\u00e9e de cannelle<\/li>\n<li>Un filet de miel (facultatif)<\/li>\n<\/ul>\n<p>En alternance, un muesli express se compose en couches : avoine, fromage blanc, quartiers de pomme, noix concass\u00e9es\u2026 <strong>\u00c0 chacun ses m\u00e9langes pr\u00e9f\u00e9r\u00e9s<\/strong> ! Pour varier les plaisirs, il suffit d&rsquo;ajouter un peu de compote de fruits maison, une goutte d&rsquo;huile de colza pour les om\u00e9gas 3, ou une pointe de vanille en hiver pour r\u00e9chauffer les papilles.<\/p>\n<p>Enfin, n&rsquo;oublions pas la petite touche de plaisir : une cuill\u00e8re de beurre d&rsquo;amande ou un carr\u00e9 de chocolat noir r\u00e2p\u00e9 ne g\u00e2chent jamais une recette, bien au contraire.<\/p>\n<p> Vers la long\u00e9vit\u00e9 par des gestes quotidiens<\/p>\n<p>Ce que nous enseignent les centenaires, c&rsquo;est qu&rsquo;il n&rsquo;existe pas de formule magique, mais <strong>une somme de petits gestes r\u00e9p\u00e9t\u00e9s, chaque matin<\/strong>. L&rsquo;avoine, humble mais puissante, symbolise cette sagesse intemporelle : offrir \u00e0 son corps le meilleur carburant possible, avec simplicit\u00e9 et plaisir.<\/p>\n<p>Changer peu \u00e0 peu ses habitudes, oser bousculer le traditionnel pain-beurre-<a href=\"https:\/\/journaldesseniors.20minutes.fr\/sante\/faut-il-garder-ou-jeter-les-aliments-moisis-comme-la-confiture-le-pain-de-mie-ou-le-fromage-une-virologue-repond-enfin-a-la-question-et-la-reponse-peut-vous-surprendre\/\" target=\"_blank\" rel=\"noopener\">confiture<\/a>, c&rsquo;est ouvrir la porte \u00e0 une \u00e9nergie nouvelle, \u00e0 des matins vivifiants. Et si la long\u00e9vit\u00e9 commen\u00e7ait par une simple poign\u00e9e de flocons d&rsquo;avoine ? <strong>Voil\u00e0 de quoi repenser notre rapport au premier repas de la journ\u00e9e<\/strong>, bol en main, \u00e0 la chaleur d&rsquo;un hiver fran\u00e7ais.<\/p>\n","protected":false},"excerpt":{"rendered":"Imaginez-vous dans un village isol\u00e9, nich\u00e9 entre collines et champs, o\u00f9 chaque maison abrite des visages rayonnants qui&hellip;\n","protected":false},"author":2,"featured_media":588814,"comment_status":"","ping_status":"","sticky":false,"template":"","format":"standard","meta":{"footnotes":""},"categories":[10],"tags":[1011,27,72,56,71],"class_list":{"0":"post-588813","1":"post","2":"type-post","3":"status-publish","4":"format-standard","5":"has-post-thumbnail","7":"category-sante","8":"tag-fr","9":"tag-france","10":"tag-health","11":"tag-push","12":"tag-sante"},"share_on_mastodon":{"url":"https:\/\/pubeurope.com\/@fr\/115690372122465084","error":""},"_links":{"self":[{"href":"https:\/\/www.europesays.com\/fr\/wp-json\/wp\/v2\/posts\/588813","targetHints":{"allow":["GET"]}}],"collection":[{"href":"https:\/\/www.europesays.com\/fr\/wp-json\/wp\/v2\/posts"}],"about":[{"href":"https:\/\/www.europesays.com\/fr\/wp-json\/wp\/v2\/types\/post"}],"author":[{"embeddable":true,"href":"https:\/\/www.europesays.com\/fr\/wp-json\/wp\/v2\/users\/2"}],"replies":[{"embeddable":true,"href":"https:\/\/www.europesays.com\/fr\/wp-json\/wp\/v2\/comments?post=588813"}],"version-history":[{"count":0,"href":"https:\/\/www.europesays.com\/fr\/wp-json\/wp\/v2\/posts\/588813\/revisions"}],"wp:featuredmedia":[{"embeddable":true,"href":"https:\/\/www.europesays.com\/fr\/wp-json\/wp\/v2\/media\/588814"}],"wp:attachment":[{"href":"https:\/\/www.europesays.com\/fr\/wp-json\/wp\/v2\/media?parent=588813"}],"wp:term":[{"taxonomy":"category","embeddable":true,"href":"https:\/\/www.europesays.com\/fr\/wp-json\/wp\/v2\/categories?post=588813"},{"taxonomy":"post_tag","embeddable":true,"href":"https:\/\/www.europesays.com\/fr\/wp-json\/wp\/v2\/tags?post=588813"}],"curies":[{"name":"wp","href":"https:\/\/api.w.org\/{rel}","templated":true}]}}