{"id":588827,"date":"2025-12-09T15:49:11","date_gmt":"2025-12-09T15:49:11","guid":{"rendered":"https:\/\/www.europesays.com\/fr\/588827\/"},"modified":"2025-12-09T15:49:11","modified_gmt":"2025-12-09T15:49:11","slug":"larracheur-de-collier-daout-dernier-interpelle-ce-lundi","status":"publish","type":"post","link":"https:\/\/www.europesays.com\/fr\/588827\/","title":{"rendered":"l&rsquo;arracheur de collier d&rsquo;aout dernier interpell\u00e9 ce lundi"},"content":{"rendered":"\n<p>La police a de la patience\u2026 et de la m\u00e9moire. Dans ce dossier, les faits initiaux remontent \u00e0 aout dernier. Une femme de 75 ans se fait arracher son collier rue de la R\u00e9sistance, \u00e0 Saint-\u00c9tienne, par un individu qui prend la fuite. Un passant tente de poursuivre le voleur mais ne parvient pas \u00e0 le rattraper. Par contre, il arrive \u00e0 prendre une photo du suspect.<\/p>\n<p>Le clich\u00e9 est transmis aux policiers \u00e0 l&rsquo;\u00e9poque. L&rsquo;affaire s&rsquo;en arr\u00eate l\u00e0. Jusqu&rsquo;\u00e0 ce lundi 8 d\u00e9cembre. L&rsquo;homme de la photo est reconnu par un fonctionnaire. Il est interpell\u00e9. Bonne pioche, il s&rsquo;agit du jeune homme de 18 ans auteur pr\u00e9sum\u00e9 du larcin de l&rsquo;\u00e9t\u00e9 dernier.<\/p>\n<p>Il sera convoqu\u00e9 prochainement devant la justice pour vol avec violence.<\/p>\n","protected":false},"excerpt":{"rendered":"La police a de la patience\u2026 et de la m\u00e9moire. Dans ce dossier, les faits initiaux remontent \u00e0&hellip;\n","protected":false},"author":2,"featured_media":588828,"comment_status":"","ping_status":"","sticky":false,"template":"","format":"standard","meta":{"footnotes":""},"categories":[9653],"tags":[1111,11,2430,1777,674,1011,27,303,3367,12,1072,25,70222,4001,70223,1175],"class_list":{"0":"post-588827","1":"post","2":"type-post","3":"status-publish","4":"format-standard","5":"has-post-thumbnail","7":"category-saint-etienne","8":"tag-actu","9":"tag-actualites","10":"tag-auvergne-rhone-alpes","11":"tag-eu","12":"tag-europe","13":"tag-fr","14":"tag-france","15":"tag-justice","16":"tag-loire","17":"tag-news","18":"tag-police","19":"tag-republique-francaise","20":"tag-rue_de_la_resistance","21":"tag-saint-etienne","22":"tag-vieille_dame","23":"tag-vol"},"share_on_mastodon":{"url":"https:\/\/pubeurope.com\/@fr\/115690403813961390","error":""},"_links":{"self":[{"href":"https:\/\/www.europesays.com\/fr\/wp-json\/wp\/v2\/posts\/588827","targetHints":{"allow":["GET"]}}],"collection":[{"href":"https:\/\/www.europesays.com\/fr\/wp-json\/wp\/v2\/posts"}],"about":[{"href":"https:\/\/www.europesays.com\/fr\/wp-json\/wp\/v2\/types\/post"}],"author":[{"embeddable":true,"href":"https:\/\/www.europesays.com\/fr\/wp-json\/wp\/v2\/users\/2"}],"replies":[{"embeddable":true,"href":"https:\/\/www.europesays.com\/fr\/wp-json\/wp\/v2\/comments?post=588827"}],"version-history":[{"count":0,"href":"https:\/\/www.europesays.com\/fr\/wp-json\/wp\/v2\/posts\/588827\/revisions"}],"wp:featuredmedia":[{"embeddable":true,"href":"https:\/\/www.europesays.com\/fr\/wp-json\/wp\/v2\/media\/588828"}],"wp:attachment":[{"href":"https:\/\/www.europesays.com\/fr\/wp-json\/wp\/v2\/media?parent=588827"}],"wp:term":[{"taxonomy":"category","embeddable":true,"href":"https:\/\/www.europesays.com\/fr\/wp-json\/wp\/v2\/categories?post=588827"},{"taxonomy":"post_tag","embeddable":true,"href":"https:\/\/www.europesays.com\/fr\/wp-json\/wp\/v2\/tags?post=588827"}],"curies":[{"name":"wp","href":"https:\/\/api.w.org\/{rel}","templated":true}]}}