{"id":588829,"date":"2025-12-09T15:50:16","date_gmt":"2025-12-09T15:50:16","guid":{"rendered":"https:\/\/www.europesays.com\/fr\/588829\/"},"modified":"2025-12-09T15:50:16","modified_gmt":"2025-12-09T15:50:16","slug":"ex-mafieux-italien-pizzaiolo-a-saint-etienne-la-vie-rocambolesque-dedgardo-greco-mort-en-detention-a-lage-de-66-ans","status":"publish","type":"post","link":"https:\/\/www.europesays.com\/fr\/588829\/","title":{"rendered":"Ex-mafieux italien, pizza\u00efolo \u00e0 Saint-\u00c9tienne&#8230; La vie rocambolesque d&rsquo;Edgardo Greco, mort en d\u00e9tention \u00e0 l&rsquo;\u00e2ge de 66 ans"},"content":{"rendered":"<p>Recherch\u00e9 apr\u00e8s avoir \u00e9t\u00e9 condamn\u00e9 en Italie en 2006, cet ex-membre de la mafia calabraise avait \u00e9t\u00e9 arr\u00eat\u00e9 en 2023 \u00e0 Saint-\u00c9tienne (Rh\u00f4ne) o\u00f9 il avait refait sa vie comme pizza\u00efolo. Son avocat a annonc\u00e9 son d\u00e9c\u00e8s en d\u00e9tention \u00e0 la prison de Lyon-Corbas, dimanche 7 d\u00e9cembre.<\/p>\n<p>Son arrestation rocambolesque a fait couler de l&rsquo;encre en 2023. Edgardo Greco, le <a href=\"https:\/\/www.bfmtv.com\/lyon\/edgardo-greco-le-pizzaiolo-mafieux-est-mort-au-sein-de-la-prison-de-lyon-corbas_AD-202512090357.html\" title=\"Edgardo Greco, le &quot;pizza\u00efolo mafieux&quot;, est mort au sein de la prison de Lyon-Corbas\" class=\"internal_link\" target=\"_blank\" rel=\"noopener\">\u00ab\u00a0pizza\u00efolo mafieux\u00a0\u00bb<\/a>, s&rsquo;est \u00e9teint dimanche 7 d\u00e9cembre \u00e0 l&rsquo;\u00e2ge de 66 ans dans sa cellule au sein de la prison de Lyon-Corbas, victime d&rsquo;un arr\u00eat cardiaque, a annonc\u00e9 son avocat Me David Metaxas.<\/p>\n<p>Cet ex-membre de la mafia calabraise avait refait sa vie en France apr\u00e8s avoir fui l&rsquo;Italie, o\u00f9 il avait \u00e9t\u00e9 condamn\u00e9 \u00e0 la r\u00e9clusion criminelle \u00e0 perp\u00e9tuit\u00e9 en 2006. Il avait finalement \u00e9t\u00e9 d\u00e9masqu\u00e9 en 2023 puis plac\u00e9 en d\u00e9tention \u00e0 Lyon en attendant son transfert vers l&rsquo;Italie.<\/p>\n<p>Dimanche, vers 8 heures, un de ses cod\u00e9tenus a donn\u00e9 l&rsquo;alerte en constatant qu&rsquo;Edgardo Greco faisait un malaise. Malgr\u00e9 l&rsquo;intervention des secours, le sexag\u00e9naire, qui avait une sant\u00e9 \u00ab\u00a0fragile\u00a0\u00bb selon son avocat, n&rsquo;a pas surv\u00e9cu. \u00ab\u00a0Le massage cardiaque effectu\u00e9 par des gardiens, puis par les secours n\u2019a pas permis de le ramener \u00e0 la vie\u00a0\u00bb, a expliqu\u00e9 Me David Metaxas.<\/p>\n<p>De mafieux \u00e0 pizza\u00efolo<\/p>\n<p>N\u00e9 en 1959, Edgardo Greco a \u00e9t\u00e9 d\u00e9crit comme \u00ab\u00a0l&rsquo;un des pires criminels italiens\u00a0\u00bb par le ministre de l&rsquo;Int\u00e9rieur italien, Matteo Piantedosi. Fortement soup\u00e7onn\u00e9 d&rsquo;avoir appartenu \u00e0 <a href=\"https:\/\/www.bfmtv.com\/international\/europe\/italie\/italie-une-religieuse-arretee-pour-ses-liens-avec-la-dangereuse-mafia-ndrangheta_AN-202412051018.html\" title=\"Italie: une religieuse arr\u00eat\u00e9e pour ses liens avec la dangereuse mafia &#039;Ndrangheta\" class=\"internal_link\" target=\"_blank\" rel=\"noopener\">la &lsquo;Ndrangheta, la mafia calabraise<\/a>, l&rsquo;homme \u00e9tait dans le viseur des autorit\u00e9s apr\u00e8s un double meurtre en 1991.<\/p>\n<p>Cette ann\u00e9e-l\u00e0, en janvier, Stefano et Giuseppe Bartolomeo, des fr\u00e8res qui souhaitaient une plus grande autonomie et davantage de consid\u00e9ration parmi les clans de la ville calabraise de Cosenza, sont tu\u00e9s \u00e0 coups de barre de fer dans un entrep\u00f4t de poissons. Selon les autorit\u00e9s italiennes, les corps des victimes n&rsquo;ont jamais \u00e9t\u00e9 retrouv\u00e9s.<\/p>\n<p><img decoding=\"async\" src=\"https:\/\/www.europesays.com\/fr\/wp-content\/uploads\/2025\/12\/principale-15_4.jpg\"  alt=\"Ce pizza\u00efolo de Saint-Etienne \u00e9tait un mafieux en cavale\" title=\"Ce pizza\u00efolo de Saint-Etienne \u00e9tait un mafieux en cavale\"\/>Ce pizza\u00efolo de Saint-Etienne \u00e9tait un mafieux en cavale<\/p>\n<p>Lors des investigations, les enqu\u00eateurs finissent par identifier Edgardo Greco comme \u00e9tant m\u00eal\u00e9 \u00e0 ce double meurtre. Des ann\u00e9es plus tard, en 2006, l&rsquo;homme est <a href=\"https:\/\/www.bfmtv.com\/police-justice\/qui-est-edgardo-greco-le-pizzaiolo-suspecte-de-faire-partie-de-la-mafia-italienne-arrete-a-saint-etienne_AD-202302030739.html\" title=\"Qui est Edgardo Greco, le pizzaiolo suspect\u00e9 de faire partie de la mafia italienne arr\u00eat\u00e9 \u00e0 Saint-\u00c9tienne?\" class=\"internal_link\" target=\"_blank\" rel=\"noopener\">condamn\u00e9 pour ces faits<\/a> ainsi que pour une tentative de meurtre, toujours dans le cadre de cette guerre des clans.<\/p>\n<p>En octobre 2006, le suspect prend la fuite \u00e0 l&rsquo;annonce de sa condamnation \u00e0 la r\u00e9clusion criminelle \u00e0 perp\u00e9tuit\u00e9. Apr\u00e8s s&rsquo;\u00eatre install\u00e9 en Allemagne, il s&rsquo;\u00e9tablit finalement en France, \u00e0 Saint-\u00c9tienne. Reconverti en pizza\u00efolo sous le nom de Paolo Dimitrio, Edgardo Greco travaille dans plusieurs restaurants st\u00e9phanois avant d&rsquo;ouvrir son propre \u00e9tablissement, le Caff\u00e9 Rossini Ristorante, qui fait l&rsquo;objet d&rsquo;un article dans <a href=\"https:\/\/www.leprogres.fr\/economie\/2021\/07\/03\/paolo-dimitrio-ouvre-le-restaurant-italien-de-ses-reves\" target=\"_blank\" class=\"external_link\" rel=\"noopener\">Le Progr\u00e8s<\/a>, en 2021.<\/p>\n<p>\u00ab\u00a0Il \u00e9tait super gentil\u00a0\u00bb<\/p>\n<p>Alors qu&rsquo;il vivait incognito depuis pr\u00e8s de 16 ans, cette m\u00eame publication le conduit \u00e0 sa perte: gr\u00e2ce \u00e0 un logiciel de reconnaissance faciale brassant de nombreuses images, notamment publi\u00e9es dans la presse, les enqu\u00eateurs d&rsquo;Interpol sont parvenus \u00e0 identifier le mafieux sur l&rsquo;une des photos illustrant l&rsquo;article, puis \u00e0 le localiser.<\/p>\n<p>Une nuit de f\u00e9vrier 2023, vers 1h40, des policiers fran\u00e7ais passent \u00e0 l&rsquo;acte et interpellent le pizza\u00efolo en pleine rue. \u00ab\u00a0L\u2019arrestation d\u2019Edgardo Greco permet de traduire en justice l\u2019un des pires criminels italiens et d\u00e9montre, une fois de plus, les comp\u00e9tences et l\u2019engagement de nos forces de police\u00a0\u00bb, <a href=\"https:\/\/www.interno.gov.it\/it\/notizie\/cattura-francia-latitante-edgardo-greco-piantedosi-grati-forze-dellordine-pilastro-societa\" target=\"_blank\" class=\"external_link\" rel=\"noopener\">se f\u00e9licite<\/a> alors le ministre de l&rsquo;Int\u00e9rieur italien.<\/p>\n<p>La stupeur est d&rsquo;autant plus grande que ceux qui le c\u00f4toient depuis des ann\u00e9es d\u00e9crivent un homme bien sous tous rapports. \u00ab\u00a0Quand j\u2019ai compris qui c\u2019\u00e9tait et que je le connaissais, j\u2019ai \u00e9t\u00e9 scotch\u00e9e\u00a0\u00bb, commente \u00e0 l&rsquo;\u00e9poque l&rsquo;une de ses voisines aupr\u00e8s de BFMTV. \u00ab\u00a0Il \u00e9tait super gentil, les clients le connaissaient. Jamais on n&rsquo;aurait pu penser \u00e0 un truc comme \u00e7a\u00a0\u00bb, affirme de son c\u00f4t\u00e9 <a href=\"https:\/\/www.bfmtv.com\/police-justice\/il-etait-super-gentil-vers-une-extradition-d-edgardo-greco-le-mafieux-italien-devenu-pizzaiolo-a-saint-etienne_AV-202303300115.html\" title=\"&quot;Il \u00e9tait super gentil&quot;: vers une extradition d&#039;Edgardo Greco, le mafieux italien devenu pizza\u00efolo \u00e0 Saint-\u00c9tienne?\" class=\"internal_link\" target=\"_blank\" rel=\"noopener\">le g\u00e9rant d&rsquo;un restaurant<\/a> qui a employ\u00e9 Edgardo Greco pendant un temps.<\/p>\n<p>R\u00e9pondant aux questions d&rsquo;<a href=\"https:\/\/actu.fr\/auvergne-rhone-alpes\/saint-etienne_42218\/saint-etienne-le-mafieux-pizzaiolo-se-confie-depuis-sa-prison-j-ai-peur-de-mourir_60300031.html\" target=\"_blank\" class=\"external_link\" rel=\"noopener\">Actu Saint-\u00c9tienne<\/a> quelques mois apr\u00e8s son arrestation, par le biais de son avocat, Edgardo Greco confie avoir pens\u00e9 qu&rsquo;on l&rsquo;oublierait. \u00ab\u00a0Ce pass\u00e9 m&rsquo;a rattrap\u00e9\u00a0\u00bb, commente-t-il. Il affirme qu&rsquo;il n&rsquo;a pas tu\u00e9 Stefano et Giuseppe Bartolomeo, reconnaissant toutefois sa proximit\u00e9 avec la &lsquo;Ndrangheta.<\/p>\n<p>Sant\u00e9 fragile<\/p>\n<p>Alors qu&rsquo;il \u00e9tait incarc\u00e9r\u00e9 au sein de la prison de Lyon-Corbas, la justice fran\u00e7aise a donn\u00e9 son feu vert pour le remettre aux autorit\u00e9s italiennes en 2024. Une extradition <a href=\"https:\/\/www.bfmtv.com\/police-justice\/s-il-va-en-italie-il-est-mort-le-pizzaiolo-mafieux-en-cavale-en-france-conteste-son-extradition_AN-202304280487.html\" title=\"&quot;S&#039;il va en Italie, il est mort&quot;: le pizza\u00efolo mafieux en cavale en France conteste son extradition\" class=\"internal_link\" target=\"_blank\" rel=\"noopener\">contre laquelle le mafieux se battait<\/a>, redoutant des repr\u00e9sailles dans son pays natal et demandant \u00e0 purger sa peine en France. \u00ab\u00a0S&rsquo;il va en Italie, c&rsquo;est un homme mort\u00a0\u00bb, abondait son avocat l&rsquo;an dernier aupr\u00e8s de BFMTV.<\/p>\n<blockquote class=\"embed embed_quote\"><p>\u00ab\u00a0Il est mort sur le plan judiciaire, puisqu&rsquo;il a \u00e9t\u00e9 condamn\u00e9 \u00e0 la r\u00e9clusion criminelle \u00e0 perp\u00e9tuit\u00e9, et il est mort physiquement car des gens l\u00e0-bas aimeraient bien le retrouver.\u00a0\u00bb<\/p><\/blockquote>\n<p>Une autopsie doit d\u00e9sormais \u00eatre r\u00e9alis\u00e9e afin de confirmer la cause du d\u00e9c\u00e8s. \u00ab\u00a0Mon client \u00e9tait affaibli par la maladie \u00e0 la suite d&rsquo;un cancer et avait fait plusieurs malaises r\u00e9cemment. La seule satisfaction que m&rsquo;inspire son d\u00e9c\u00e8s est qu&rsquo;il ne voulait \u00e0 aucun prix retourner en Italie o\u00f9 sa vie \u00e9tait menac\u00e9e\u00a0\u00bb, conclut son avocat aupr\u00e8s de l&rsquo;AFP.<\/p>\n","protected":false},"excerpt":{"rendered":"Recherch\u00e9 apr\u00e8s avoir \u00e9t\u00e9 condamn\u00e9 en Italie en 2006, cet ex-membre de la mafia calabraise avait \u00e9t\u00e9 arr\u00eat\u00e9&hellip;\n","protected":false},"author":2,"featured_media":588830,"comment_status":"","ping_status":"","sticky":false,"template":"","format":"standard","meta":{"footnotes":""},"categories":[9653],"tags":[1111,11,2430,1777,674,1011,27,12,25,4001],"class_list":{"0":"post-588829","1":"post","2":"type-post","3":"status-publish","4":"format-standard","5":"has-post-thumbnail","7":"category-saint-etienne","8":"tag-actu","9":"tag-actualites","10":"tag-auvergne-rhone-alpes","11":"tag-eu","12":"tag-europe","13":"tag-fr","14":"tag-france","15":"tag-news","16":"tag-republique-francaise","17":"tag-saint-etienne"},"share_on_mastodon":{"url":"https:\/\/pubeurope.com\/@fr\/115690408408090253","error":""},"_links":{"self":[{"href":"https:\/\/www.europesays.com\/fr\/wp-json\/wp\/v2\/posts\/588829","targetHints":{"allow":["GET"]}}],"collection":[{"href":"https:\/\/www.europesays.com\/fr\/wp-json\/wp\/v2\/posts"}],"about":[{"href":"https:\/\/www.europesays.com\/fr\/wp-json\/wp\/v2\/types\/post"}],"author":[{"embeddable":true,"href":"https:\/\/www.europesays.com\/fr\/wp-json\/wp\/v2\/users\/2"}],"replies":[{"embeddable":true,"href":"https:\/\/www.europesays.com\/fr\/wp-json\/wp\/v2\/comments?post=588829"}],"version-history":[{"count":0,"href":"https:\/\/www.europesays.com\/fr\/wp-json\/wp\/v2\/posts\/588829\/revisions"}],"wp:featuredmedia":[{"embeddable":true,"href":"https:\/\/www.europesays.com\/fr\/wp-json\/wp\/v2\/media\/588830"}],"wp:attachment":[{"href":"https:\/\/www.europesays.com\/fr\/wp-json\/wp\/v2\/media?parent=588829"}],"wp:term":[{"taxonomy":"category","embeddable":true,"href":"https:\/\/www.europesays.com\/fr\/wp-json\/wp\/v2\/categories?post=588829"},{"taxonomy":"post_tag","embeddable":true,"href":"https:\/\/www.europesays.com\/fr\/wp-json\/wp\/v2\/tags?post=588829"}],"curies":[{"name":"wp","href":"https:\/\/api.w.org\/{rel}","templated":true}]}}