{"id":588833,"date":"2025-12-09T15:52:20","date_gmt":"2025-12-09T15:52:20","guid":{"rendered":"https:\/\/www.europesays.com\/fr\/588833\/"},"modified":"2025-12-09T15:52:20","modified_gmt":"2025-12-09T15:52:20","slug":"conference-sur-les-traces-des-cafes-brasseries-des-annees-30","status":"publish","type":"post","link":"https:\/\/www.europesays.com\/fr\/588833\/","title":{"rendered":"Conf\u00e9rence Sur les traces des caf\u00e9s-brasseries des ann\u00e9es 30"},"content":{"rendered":"<p>Catherine Coley, historienne d\u2019art, pr\u00e9sentera une conf\u00e9rence Sur les traces des caf\u00e9s-brasseries des ann\u00e9es 30, Nancy et Lorraine. Apr\u00e8s-guerre, les caf\u00e9s-concerts s\u2019installent en centre-ville et doivent se moderniser et faire \u00e9voluer leur d\u00e9coration pour s\u2019inscrire dans la mode Art d\u00e9co.<\/p>\n<p class=\"note\">Ce mercredi 10\u00a0d\u00e9cembre, \u00e0 17\u00a0h, et jeudi\u00a011, \u00e0 18\u00a0h\u00a030, amphi Cu\u00e9not, au Mus\u00e9um-aquarium, 13, rue Godron, \u00e0 Nancy. Entr\u00e9e libre.<\/p>\n","protected":false},"excerpt":{"rendered":"Catherine Coley, historienne d\u2019art, pr\u00e9sentera une conf\u00e9rence Sur les traces des caf\u00e9s-brasseries des ann\u00e9es 30, Nancy et Lorraine.&hellip;\n","protected":false},"author":2,"featured_media":588834,"comment_status":"","ping_status":"","sticky":false,"template":"","format":"standard","meta":{"footnotes":""},"categories":[9635],"tags":[1111,11,6211,1687,1704,1777,674,1011,27,775,1702,1703,12,5486,25],"class_list":{"0":"post-588833","1":"post","2":"type-post","3":"status-publish","4":"format-standard","5":"has-post-thumbnail","7":"category-nancy","8":"tag-actu","9":"tag-actualites","10":"tag-conference","11":"tag-culture-loisirs","12":"tag-edition-nancy-et-agglomeration","13":"tag-eu","14":"tag-europe","15":"tag-fr","16":"tag-france","17":"tag-grand-est","18":"tag-nancy","19":"tag-nancy-ville-54b","20":"tag-news","21":"tag-rencontre","22":"tag-republique-francaise"},"share_on_mastodon":{"url":"https:\/\/pubeurope.com\/@fr\/115690415356053328","error":""},"_links":{"self":[{"href":"https:\/\/www.europesays.com\/fr\/wp-json\/wp\/v2\/posts\/588833","targetHints":{"allow":["GET"]}}],"collection":[{"href":"https:\/\/www.europesays.com\/fr\/wp-json\/wp\/v2\/posts"}],"about":[{"href":"https:\/\/www.europesays.com\/fr\/wp-json\/wp\/v2\/types\/post"}],"author":[{"embeddable":true,"href":"https:\/\/www.europesays.com\/fr\/wp-json\/wp\/v2\/users\/2"}],"replies":[{"embeddable":true,"href":"https:\/\/www.europesays.com\/fr\/wp-json\/wp\/v2\/comments?post=588833"}],"version-history":[{"count":0,"href":"https:\/\/www.europesays.com\/fr\/wp-json\/wp\/v2\/posts\/588833\/revisions"}],"wp:featuredmedia":[{"embeddable":true,"href":"https:\/\/www.europesays.com\/fr\/wp-json\/wp\/v2\/media\/588834"}],"wp:attachment":[{"href":"https:\/\/www.europesays.com\/fr\/wp-json\/wp\/v2\/media?parent=588833"}],"wp:term":[{"taxonomy":"category","embeddable":true,"href":"https:\/\/www.europesays.com\/fr\/wp-json\/wp\/v2\/categories?post=588833"},{"taxonomy":"post_tag","embeddable":true,"href":"https:\/\/www.europesays.com\/fr\/wp-json\/wp\/v2\/tags?post=588833"}],"curies":[{"name":"wp","href":"https:\/\/api.w.org\/{rel}","templated":true}]}}