{"id":588843,"date":"2025-12-09T15:59:19","date_gmt":"2025-12-09T15:59:19","guid":{"rendered":"https:\/\/www.europesays.com\/fr\/588843\/"},"modified":"2025-12-09T15:59:19","modified_gmt":"2025-12-09T15:59:19","slug":"une-fabrique-a-talents-normands","status":"publish","type":"post","link":"https:\/\/www.europesays.com\/fr\/588843\/","title":{"rendered":"une fabrique \u00e0 talents normands\u00a0?"},"content":{"rendered":"<p>                    Par<br \/>\n        <strong><br \/>\n            <a href=\"https:\/\/actu.fr\/auteur\/jessie-leclerc\" title=\"Consulter tous les articles de Jessie Leclerc\" target=\"_blank\" rel=\"noopener\">Jessie Leclerc<\/a><br \/>\n                    <\/strong><\/p>\n<p>        Publi\u00e9 le<\/p>\n<p>            9 d\u00e9c. 2025 \u00e0 16h54        <\/p>\n<p>Au <a href=\"https:\/\/actu.fr\/tag\/rmb-rouen-metropole-basket\" target=\"_blank\" rel=\"noopener\">Rouen M\u00e9tropole Basket<\/a>, le centre de formation n\u2019est pas qu\u2019une obligation dict\u00e9e par le cahier des charges professionnel. C\u2019est aussi une fa\u00e7on de<strong> d\u00e9nicher des talents locaux<\/strong> et de les former directement sur place. Comment \u00e7a se passe dans les coulisses\u2009? R\u00e9ponse ici.<\/p>\n<p>Laisser sa chance aux Normands<\/p>\n<p class=\" wall-content\">Depuis quelques ann\u00e9es, le club affiche la volont\u00e9 d\u2019accueillir <strong>majoritairement des jeunes normands<\/strong> dans son centre de formation. Sur les 24 joueurs cette saison, seuls trois ne sont pas de la r\u00e9gion.<\/p>\n<p class=\" wall-content\">Le recrutement se fait surtout en premi\u00e8re ann\u00e9e de U18, avec l\u2019objectif de \u00ab\u2009former des <strong>joueurs du coin<\/strong> pour qu\u2019ils restent ici\u2009\u00bb, affirme David Dubosc, responsable du centre de formation. Et il y a tr\u00e8s peu d\u2019\u00e9lus, des milliers de demandes pour une vingtaine de places.<\/p>\n<p>Un quotidien intense<\/p>\n<p class=\" wall-content\">Les journ\u00e9es au centre sont bien charg\u00e9es. \u00c2g\u00e9s<strong> entre 16 et 21\u00a0ans<\/strong>, les jeunes encha\u00eenent <a href=\"https:\/\/actu.fr\/normandie\/rouen_76540\/elles-s-entrainent-15-heures-par-semaine-le-quotidien-de-deux-jeunes-pros-au-rouen-handball_62243548.html\" target=\"_blank\" rel=\"noopener\">10 \u00e0 15\u00a0heures d\u2019entra\u00eenements<\/a> par semaine, bien plus encore lors des vacances scolaires, et un \u00e0 deux matchs par week-end.<\/p>\n<p class=\" wall-content\">Mais ils ne n\u00e9gligent pas leurs \u00e9tudes pour autant. Ils \u00e9tudient au lyc\u00e9e ou \u00e0 la fac qui s\u2019adaptent \u00e0 leurs horaires. La plupart sont <strong>au lyc\u00e9e Val de Seine<\/strong>, au Grand-Quevilly, habitu\u00e9 \u00e0 accueillir des sportifs. Le soir apr\u00e8s leurs cours, ils ne rentrent pas chez eux, mais filent tout droit au Kindarena pour leurs entra\u00eenements.<\/p>\n<p>Vid\u00e9os : en ce moment sur Actu<\/p>\n<p class=\" wall-content\">\u00ab\u2009Les cin\u00e9s ou les sorties entre copains, ce n\u2019est plus possible \u00e0 ce niveau\u2009\u00bb, explique David Dubosc, responsable du centre de formation. Mais <strong>les places sont ch\u00e8res<\/strong>, alors tous restent s\u00e9rieux.<\/p>\n<p>Un esprit de famille<\/p>\n<p class=\" wall-content\">Pour beaucoup, le centre de formation devient comme <strong>\u00ab\u2009une deuxi\u00e8me famille\u2009\u00bb<\/strong>, affirme David Dubosc. Le responsable, lui-m\u00eame pass\u00e9 par ce parcours, sait combien cette exp\u00e9rience marque\u2009: \u00ab\u2009On s\u2019en souvient toute sa vie, surtout quand \u00e7a r\u00e9ussit.\u2009\u00bb<\/p>\n<p>Votre r\u00e9gion, votre actu !<\/p>\n<p>Recevez chaque jour les infos qui comptent pour vous.<\/p>\n<p>\t<a href=\"https:\/\/actu.fr\/newsletter\" class=\"ac-btn ac-btn--corner ac-btn--medium ac-btn--blue800\" target=\"_blank\" rel=\"noopener\">S&rsquo;incrire<\/a><\/p>\n<p class=\" wall-content\">Et pour que chacun puisse \u00e9voluer au mieux, m\u00eame<a href=\"https:\/\/actu.fr\/normandie\/canteleu_76157\/le-rmb-intervient-aupres-d-enfants-en-difficultes-a-l-idefhi-de-canteleu-pour-eux-ca-represente-beaucoup_62265496.html\" target=\"_blank\" rel=\"noopener\"> les joueurs professionnels s\u2019impliquent<\/a>. \u00ab\u2009Le meilleur entra\u00eenement, c\u2019est <strong>d\u2019\u00e9couter les pros<\/strong>, leurs conseils et de jouer avec eux\u2009\u00bb, sourit David Dubosc.<\/p>\n<p class=\" wall-content\">Loris Duponq, 18\u00a0ans, appr\u00e9cie cette ambiance. \u00ab\u2009Ce que j\u2019aime ici, c\u2019est le c\u00f4t\u00e9 familial\u2009\u00bb, assure-t-il. Pass\u00e9 par le centre de formation de Dijon, il mesure la diff\u00e9rence. \u00ab\u2009En U18, on se voit tous les jours, c\u2019est important que l\u2019on s\u2019entende bien, comme ici.\u2009\u00bb<\/p>\n<p>    <img   decoding=\"async\" loading=\"lazy\" src=\"https:\/\/www.europesays.com\/fr\/wp-content\/uploads\/2025\/12\/loris-rmb-centre-de-formation-jeune-960x640.jpg\" alt=\"Loris a eu la chance d'int\u00e9grer le centre de formation du RMB. Sur le terrain, du haut de ses 2,10 m\u00e8tres, il se d\u00e9marque.\" width=\"960\" height=\"640\"\/><br \/>\n    Loris a eu la chance d\u2019int\u00e9grer le centre de formation du RMB. Sur le terrain, du haut de ses 2,10 m\u00e8tres, il se d\u00e9marque. (\u00a9JL\/76actu)<\/p>\n<p class=\" wall-content\"><a href=\"https:\/\/actu.fr\/normandie\/rouen_76540\/sylvain-delorme-entraineur-du-rouen-metropole-basket-est-un-coach-pas-comme-les-autres_61889189.html\" target=\"_blank\" rel=\"noopener\">C\u00f4t\u00e9 coaching<\/a>, Matt\u00e9o Portello (U18), form\u00e9 directement par le centre, et K\u00e9vin Chapel (Espoirs) s\u2019adaptent aux profils. \u00ab\u2009On suit entre 12 et 16\u00a0heures entra\u00eenements collectifs par semaine, mais ils ont aussi tous un <strong>accompagnement personnalis\u00e9<\/strong>\u2009\u00bb, explique K\u00e9vin.<\/p>\n<p>\u00ab\u2009Le sport a chang\u00e9\u2009\u00bb<\/p>\n<p class=\" wall-content\">Pour David Dubosc, l\u2019accompagnement des jeunes est d\u2019autant plus important aujourd\u2019hui que, selon lui, <strong>\u00ab\u2009le sport a chang\u00e9\u2009\u00bb<\/strong>. Il constate que le basket actuel n\u2019a plus rien \u00e0 voir avec celui d\u2019il y a 20\u00a0ans\u2009: \u00ab\u2009Tout est <strong>plus physique, plus athl\u00e9tique<\/strong>. On leur demande beaucoup plus de choses. Avant un gars qui sautait super haut, on le voyait. Aujourd\u2019hui, c\u2019est la norme. Il y a du tr\u00e8s haut niveau, donc il y a plus de pressions, plus de risques de blessures, etc. \u00bb.<\/p>\n<p>    <img   decoding=\"async\" loading=\"lazy\" src=\"https:\/\/www.europesays.com\/fr\/wp-content\/uploads\/2025\/12\/img-20251205-wa0010-854x640.jpg\" alt=\"Matt\u00e9o Portello (coach U18), K\u00e9vin (coach Espoirs) et David Dubosc encadrent les jeunes du centre de formation.\" width=\"854\" height=\"640\"\/><br \/>\n    Matt\u00e9o Portello (coach U18), K\u00e9vin Chapel (coach Espoirs) et David Dubosc encadrent les jeunes du centre de formation. (\u00a9Document transmis\/RMB)<\/p>\n<p class=\" wall-content\">Chaque saison commence donc par <strong>une batterie de tests m\u00e9dicaux<\/strong>, dont des tests <strong>cardiaques<\/strong>, un <a href=\"https:\/\/actu.fr\/normandie\/malaunay_76402\/nutriset-leader-mondial-de-laide-alimentaire-subit-une-crise-majeure_62943556.html\" target=\"_blank\" rel=\"noopener\">accompagnement nutritionnel<\/a> et de la pr\u00e9vention des blessures. Un autre contr\u00f4le \u00e0 lieu au retour des vacances de No\u00ebl. \u00ab\u2009C\u2019est r\u00e9glementaire, mais surtout indispensable pour minimiser les risques sur le terrain\u2009\u00bb, tient \u00e0 ajouter David Dubosc.<\/p>\n<p class=\" wall-content\">Heureusement pour le club, les infrastructures au sein <strong>du Kindarena<\/strong> sont \u00e0 la hauteur. \u00ab\u2009C\u2019est id\u00e9al ici, on a m\u00eame une <a href=\"https:\/\/actu.fr\/normandie\/le-havre_76351\/info-76actu-hyrox-boxe-fitness-une-salle-de-sport-xxl-va-bientot-ouvrir-au-havre_62916958.html\" target=\"_blank\" rel=\"noopener\">salle de musculation<\/a> consid\u00e9r\u00e9e comme l\u2019une des plus belles de France\u2009\u00bb, se r\u00e9jouit le responsable.<\/p>\n<p>Former des joueurs et des hommes<\/p>\n<p class=\" wall-content\">Le projet d\u00e9passe l\u2019aspect technique. \u00ab\u2009Peu deviendront vraiment pros, si on en sort deux tous les trois ans c\u2019est d\u00e9j\u00e0 bien\u2009\u00bb, rappelle David Dubosc. L\u2019enjeu est ailleurs. Le centre cherche \u00e0 <strong>construire des individus autonomes<\/strong>.<\/p>\n<blockquote class=\"ac-article-quote wall-content\">\n<p>Le but c\u2019est qu\u2019ils \u00e9voluent sur le terrain, mais aussi autant qu\u2019homme.<\/p>\n<p>    <strong>David Dubosc<\/strong><br \/>\n        Responsable du centre de formation du RMB    <\/p><\/blockquote>\n<p class=\" wall-content\">\u00ab\u2009On prend le relais des parents quand ils arrivent \u00e0 14-15\u00a0ans, explique Matt\u00e9o. On leur apprend \u00e0 g\u00e9rer leurs \u00e9motions, les frustrations. On est des entra\u00eeneurs, mais aussi<strong> des \u00e9ducateurs <\/strong>\u00bb.<\/p>\n<p class=\" wall-content\">Loris, sait justement que <a href=\"https:\/\/actu.fr\/normandie\/rouen_76540\/dans-les-quartiers-de-rouen-elles-sont-psychologues-de-rue-un-travail-meconnu-pour-la-sante-mentale_63490341.html\" target=\"_blank\" rel=\"noopener\">l\u2019aspect moral est fondamental<\/a> dans son parcours. \u00ab\u2009Mon objectif c\u2019est devenir Pro B voire Pro A, n\u2019importe o\u00f9. Je dois prendre sur moi-m\u00eame et rester s\u00e9rieux \u00bb, explique-t-il.<\/p>\n<p class=\" wall-content\">Le centre de formation fonctionne sur un budget compris entre <strong>150\u2009000\u00a0et 180\u2009000 euros<\/strong> par an, soutenu par la R\u00e9gion et le club. Une petite part sur les 3,5\u00a0millions d\u2019euros de budget <a href=\"https:\/\/actu.fr\/normandie\/rouen_76540\/rmb-bihorel-spo-ces-clubs-de-basket-de-la-metropole-de-rouen-changent-de-nom_63105178.html\" target=\"_blank\" rel=\"noopener\">du RMB,<\/a> mais un investissement n\u00e9cessaire pour voir \u00e9voluer ces jeunes.<\/p>\n<p>Suivez l\u2019actualit\u00e9 de Rouen <a href=\"https:\/\/www.whatsapp.com\/channel\/0029VaKfnf99hXF2ddApFB1D\" target=\"_blank\" rel=\"noopener\">sur notre cha\u00eene WhatsApp<\/a> et <a href=\"https:\/\/www.tiktok.com\/@76actu.fr?lang=fr\" target=\"_blank\" rel=\"noopener\">sur notre compte TikTok<\/a><\/p>\n<p class=\" wall-content\">Personnalisez votre actualit\u00e9 en ajoutant vos villes et m\u00e9dias en favori avec <a href=\"https:\/\/moncompte.actu.fr\" title=\"D\u00e9couvez Mon Actu\" rel=\"nofollow noopener\" data-trk=\"{&quot;cta&quot;:{&quot;action&quot;:&quot;https:\\\/\\\/moncompte.actu.fr&quot;,&quot;category&quot;:&quot;mon compte&quot;,&quot;from&quot;:&quot;article footer&quot;,&quot;name&quot;:&quot;Mon actu&quot;,&quot;type&quot;:&quot;cta&quot;}}\" target=\"_blank\">Mon Actu<\/a>.<\/p>\n<p>                    <script async src=\"\/\/www.tiktok.com\/embed.js\"><\/script><\/p>\n","protected":false},"excerpt":{"rendered":"Par Jessie Leclerc Publi\u00e9 le 9 d\u00e9c. 2025 \u00e0 16h54 Au Rouen M\u00e9tropole Basket, le centre de formation&hellip;\n","protected":false},"author":2,"featured_media":588844,"comment_status":"","ping_status":"","sticky":false,"template":"","format":"standard","meta":{"footnotes":""},"categories":[9587],"tags":[1111,11,1465,1777,674,1119,1011,27,34987,12,5161,25,9851,9590,60],"class_list":{"0":"post-588843","1":"post","2":"type-post","3":"status-publish","4":"format-standard","5":"has-post-thumbnail","7":"category-rouen","8":"tag-actu","9":"tag-actualites","10":"tag-basket","11":"tag-eu","12":"tag-europe","13":"tag-formation","14":"tag-fr","15":"tag-france","16":"tag-kindarena","17":"tag-news","18":"tag-normandie","19":"tag-republique-francaise","20":"tag-rmb-rouen-metropole-basket","21":"tag-rouen","22":"tag-sports"},"share_on_mastodon":{"url":"https:\/\/pubeurope.com\/@fr\/115690445030131637","error":""},"_links":{"self":[{"href":"https:\/\/www.europesays.com\/fr\/wp-json\/wp\/v2\/posts\/588843","targetHints":{"allow":["GET"]}}],"collection":[{"href":"https:\/\/www.europesays.com\/fr\/wp-json\/wp\/v2\/posts"}],"about":[{"href":"https:\/\/www.europesays.com\/fr\/wp-json\/wp\/v2\/types\/post"}],"author":[{"embeddable":true,"href":"https:\/\/www.europesays.com\/fr\/wp-json\/wp\/v2\/users\/2"}],"replies":[{"embeddable":true,"href":"https:\/\/www.europesays.com\/fr\/wp-json\/wp\/v2\/comments?post=588843"}],"version-history":[{"count":0,"href":"https:\/\/www.europesays.com\/fr\/wp-json\/wp\/v2\/posts\/588843\/revisions"}],"wp:featuredmedia":[{"embeddable":true,"href":"https:\/\/www.europesays.com\/fr\/wp-json\/wp\/v2\/media\/588844"}],"wp:attachment":[{"href":"https:\/\/www.europesays.com\/fr\/wp-json\/wp\/v2\/media?parent=588843"}],"wp:term":[{"taxonomy":"category","embeddable":true,"href":"https:\/\/www.europesays.com\/fr\/wp-json\/wp\/v2\/categories?post=588843"},{"taxonomy":"post_tag","embeddable":true,"href":"https:\/\/www.europesays.com\/fr\/wp-json\/wp\/v2\/tags?post=588843"}],"curies":[{"name":"wp","href":"https:\/\/api.w.org\/{rel}","templated":true}]}}