{"id":588847,"date":"2025-12-09T16:02:12","date_gmt":"2025-12-09T16:02:12","guid":{"rendered":"https:\/\/www.europesays.com\/fr\/588847\/"},"modified":"2025-12-09T16:02:12","modified_gmt":"2025-12-09T16:02:12","slug":"la-justice-allege-la-sanction","status":"publish","type":"post","link":"https:\/\/www.europesays.com\/fr\/588847\/","title":{"rendered":"la justice all\u00e8ge la sanction"},"content":{"rendered":"<p>                    Par<br \/>\n        <strong><br \/>\n            <a href=\"https:\/\/actu.fr\/auteur\/redaction-grenoble\" title=\"Consulter tous les articles de R\u00e9daction Grenoble\" target=\"_blank\" rel=\"noopener\">R\u00e9daction Grenoble<\/a><br \/>\n                    <\/strong><\/p>\n<p>        Publi\u00e9 le<\/p>\n<p>            9 d\u00e9c. 2025 \u00e0 16h40        <\/p>\n<p>La vid\u00e9o a fait grand bruit au d\u00e9but de l\u2019ann\u00e9e 2025, en pleine crise diplomatique entre la France et l\u2019Alg\u00e9rie. En quelques semaines, <a href=\"https:\/\/actu.fr\/societe\/d-ou-viennent-ces-appels-a-la-haine-d-algeriens-contre-la-france-sur-les-reseaux-sociaux_62097907.html\" target=\"_blank\" rel=\"noopener\">plusieurs influenceurs alg\u00e9riens<\/a> ont \u00e9t\u00e9 arr\u00eat\u00e9s suite \u00e0 des propos pol\u00e9miques relay\u00e9s sur les r\u00e9seaux sociaux.<\/p>\n<p class=\" wall-content\"><a href=\"https:\/\/actu.fr\/auvergne-rhone-alpes\/grenoble_38185\/bruler-vif-tuer-et-violer-en-france-l-influenceur-algerien-imad-tintin-finalement-en-prison_62080824.html\" target=\"_blank\" rel=\"noopener\">Imad Tintin<\/a>, de son vrai nom Imad Ould Brahim, fait partie de ce groupe de cr\u00e9ateurs de contenus poursuivis en justice. Interpell\u00e9 en janvier \u00e0 \u00c9chirolles, pr\u00e8s de <a href=\"https:\/\/actu.fr\/auvergne-rhone-alpes\/grenoble_38185\" target=\"_blank\" rel=\"noopener\">Grenoble<\/a>, il a \u00e9t\u00e9 <strong>condamn\u00e9 en juin \u00e0 450 \u20ac d\u2019amende<\/strong> apr\u00e8s avoir \u00e9t\u00e9 reconnu coupable de \u00ab\u00a0menaces de violences\u00a0\u00bb.<\/p>\n<p>Amende avec sursis<\/p>\n<p class=\" wall-content\">Par le biais de son avocat, Me Alexandre Rouvier, le trentenaire a fait appel.<\/p>\n<p class=\" wall-content\">Mardi 9 d\u00e9cembre, la cour d\u2019appel de Grenoble \u00ab\u00a0a diminu\u00e9 la sanction\u00a0\u00bb de son client, confirme l\u2019avocat \u00e0 l\u2019AFP. L\u2019amende \u00e0 laquelle il a \u00e9t\u00e9 condamn\u00e9 en premi\u00e8re instance a \u00e9t\u00e9 assortie d\u2019un sursis.<\/p>\n<p class=\" wall-content\">\u00ab\u00a0Cette d\u00e9cision vient \u00e9tablir une v\u00e9rit\u00e9 judiciaire qui nous para\u00eet conforme \u00e0 la v\u00e9rit\u00e9 factuelle\u00a0\u00bb, alors qu\u2019Imad Tintin \u00ab\u00a0sort particuli\u00e8rement ab\u00eem\u00e9 de cette proc\u00e9dure\u00a0\u00bb qui a dur\u00e9 plusieurs mois, souligne Me Alexandre Rouvier.<\/p>\n<p>Un dossier \u00ab\u00a0politis\u00e9 et m\u00e9diatis\u00e9\u00a0\u00bb<\/p>\n<p class=\" wall-content\">Initialement poursuivi pour \u00ab\u00a0provocation directe \u00e0 un acte de terrorisme\u00a0\u00bb, les <a href=\"https:\/\/actu.fr\/auvergne-rhone-alpes\/grenoble_38185\/grenoble-on-va-vous-mettre-le-feu-imad-tintin-l-influenceur-algerien-face-a-la-justice_62686339.html\" target=\"_blank\" rel=\"noopener\">faits ont \u00e9t\u00e9 requalifi\u00e9s<\/a> apr\u00e8s <strong>une erreur de traduction<\/strong> des propos que l\u2019influenceur a tenu dans sa vid\u00e9o publi\u00e9e sur TikTok, supprim\u00e9e depuis. Selon cette premi\u00e8re traduction, il aurait appel\u00e9 \u00e0 \u00ab\u00a0br\u00fbler vif, tuer et violer sur le sol fran\u00e7ais\u00a0\u00bb.<\/p>\n<p class=\" wall-content\">La d\u00e9cision prise en appel \u00ab\u00a0vient renforcer la d\u00e9monstration de l\u2019ind\u00e9pendance de la justice face \u00e0 des dossiers politis\u00e9s et m\u00e9diatis\u00e9s \u00e0 outrance et de mani\u00e8re pr\u00e9matur\u00e9e sans v\u00e9rifications s\u00e9rieuses en amont\u00a0\u00bb, conclut Me Rouvier.<\/p>\n<p>Votre r\u00e9gion, votre actu !<\/p>\n<p>Recevez chaque jour les infos qui comptent pour vous.<\/p>\n<p>\t<a href=\"https:\/\/actu.fr\/newsletter\" class=\"ac-btn ac-btn--corner ac-btn--medium ac-btn--blue800\" target=\"_blank\" rel=\"noopener\">S&rsquo;incrire<\/a><\/p>\n<p class=\" wall-content\"><strong>Avec AFP<\/strong>\u00a0<\/p>\n<p class=\" wall-content\">Personnalisez votre actualit\u00e9 en ajoutant vos villes et m\u00e9dias en favori avec <a href=\"https:\/\/moncompte.actu.fr\" title=\"D\u00e9couvez Mon Actu\" rel=\"nofollow noopener\" data-trk=\"{&quot;cta&quot;:{&quot;action&quot;:&quot;https:\\\/\\\/moncompte.actu.fr&quot;,&quot;category&quot;:&quot;mon compte&quot;,&quot;from&quot;:&quot;article footer&quot;,&quot;name&quot;:&quot;Mon actu&quot;,&quot;type&quot;:&quot;cta&quot;}}\" target=\"_blank\">Mon Actu<\/a>.<\/p>\n","protected":false},"excerpt":{"rendered":"Par R\u00e9daction Grenoble Publi\u00e9 le 9 d\u00e9c. 2025 \u00e0 16h40 La vid\u00e9o a fait grand bruit au d\u00e9but&hellip;\n","protected":false},"author":2,"featured_media":588848,"comment_status":"","ping_status":"","sticky":false,"template":"","format":"standard","meta":{"footnotes":""},"categories":[9566],"tags":[1111,11,15,2430,1777,674,1011,27,2731,303,12,25,104,2439],"class_list":{"0":"post-588847","1":"post","2":"type-post","3":"status-publish","4":"format-standard","5":"has-post-thumbnail","7":"category-grenoble","8":"tag-actu","9":"tag-actualites","10":"tag-algerie","11":"tag-auvergne-rhone-alpes","12":"tag-eu","13":"tag-europe","14":"tag-fr","15":"tag-france","16":"tag-grenoble","17":"tag-justice","18":"tag-news","19":"tag-republique-francaise","20":"tag-societe","21":"tag-tiktok"},"share_on_mastodon":{"url":"https:\/\/pubeurope.com\/@fr\/115690454662713309","error":""},"_links":{"self":[{"href":"https:\/\/www.europesays.com\/fr\/wp-json\/wp\/v2\/posts\/588847","targetHints":{"allow":["GET"]}}],"collection":[{"href":"https:\/\/www.europesays.com\/fr\/wp-json\/wp\/v2\/posts"}],"about":[{"href":"https:\/\/www.europesays.com\/fr\/wp-json\/wp\/v2\/types\/post"}],"author":[{"embeddable":true,"href":"https:\/\/www.europesays.com\/fr\/wp-json\/wp\/v2\/users\/2"}],"replies":[{"embeddable":true,"href":"https:\/\/www.europesays.com\/fr\/wp-json\/wp\/v2\/comments?post=588847"}],"version-history":[{"count":0,"href":"https:\/\/www.europesays.com\/fr\/wp-json\/wp\/v2\/posts\/588847\/revisions"}],"wp:featuredmedia":[{"embeddable":true,"href":"https:\/\/www.europesays.com\/fr\/wp-json\/wp\/v2\/media\/588848"}],"wp:attachment":[{"href":"https:\/\/www.europesays.com\/fr\/wp-json\/wp\/v2\/media?parent=588847"}],"wp:term":[{"taxonomy":"category","embeddable":true,"href":"https:\/\/www.europesays.com\/fr\/wp-json\/wp\/v2\/categories?post=588847"},{"taxonomy":"post_tag","embeddable":true,"href":"https:\/\/www.europesays.com\/fr\/wp-json\/wp\/v2\/tags?post=588847"}],"curies":[{"name":"wp","href":"https:\/\/api.w.org\/{rel}","templated":true}]}}