{"id":588857,"date":"2025-12-09T16:07:17","date_gmt":"2025-12-09T16:07:17","guid":{"rendered":"https:\/\/www.europesays.com\/fr\/588857\/"},"modified":"2025-12-09T16:07:17","modified_gmt":"2025-12-09T16:07:17","slug":"pres-de-nice-deux-avions-rafale-volent-a-basse-altitude-et-intriguent-ce-quil-sest-passe","status":"publish","type":"post","link":"https:\/\/www.europesays.com\/fr\/588857\/","title":{"rendered":"Pr\u00e8s de Nice. Deux avions Rafale volent \u00e0 basse altitude et intriguent, ce qu&rsquo;il s&rsquo;est pass\u00e9"},"content":{"rendered":"<p>                    Par<br \/>\n        <strong><br \/>\n            <a href=\"https:\/\/actu.fr\/auteur\/arthur-frand\" title=\"Consulter tous les articles de Arthur Frand\" target=\"_blank\" rel=\"noopener\">Arthur Frand<\/a><br \/>\n                    <\/strong><\/p>\n<p>        Publi\u00e9 le<\/p>\n<p>            9 d\u00e9c. 2025 \u00e0 16h54<br \/>\n        ; mis \u00e0 jour le 9 d\u00e9c. 2025 \u00e0 16h56    <\/p>\n<p>Impressionnant et surprenant. Ce mardi 9\u00a0d\u00e9cembre 2025, certains r\u00e9sidents des <a href=\"https:\/\/actu.fr\/provence-alpes-cote-d-azur\/alpes-maritimes_06\" target=\"_blank\" rel=\"noopener\">Alpes-Maritimes<\/a> ont \u00e9t\u00e9 brusquement sortis de leur activit\u00e9 du moment. L\u2019espace de quelques instants. En milieu de matin\u00e9e, un <strong>bruit assourdissant venu des airs<\/strong> a \u00e9t\u00e9 entendu vers Antibes-Juan-les-Pins, pr\u00e8s de <a href=\"https:\/\/actu.fr\/nice\/\" target=\"_blank\" rel=\"noopener\">Nice<\/a>, interpellant les internautes. Mais pas de panique, il ne s\u2019agissait que de deux avions de chasse Rafale volant \u00e0 basse altitude.<\/p>\n<p>\u00ab\u2009Un bruit d\u2019enfer\u2009\u00bb<\/p>\n<p class=\" wall-content\">Ce mardi 9\u00a0d\u00e9cembre, les Antibois et certains Maralpins ont entendu un dr\u00f4le de bruit, mettant aussi les oiseaux en panique.<\/p>\n<p class=\" wall-content\">Sur les r\u00e9seaux sociaux, les <strong>messages d\u2019\u00e9tonnement<\/strong> sont apparus en nombre. \u00ab\u2009Un bruit d\u2019enfer\u2009\u00bb, \u00ab\u2009J\u2019ai cru qu\u2019il allait atterrir dans mon jardin\u2009\u00bb, \u00ab\u2009Le chat terroris\u00e9 par le bruit\u2009\u00bb se sont \u00e9tonn\u00e9s certains habitants d\u2019Antibes Juan-les-Pins sur un groupe Facebook.<\/p>\n<p>Deux rafales en vol c\u00f4te \u00e0 c\u00f4te<\/p>\n<p class=\" wall-content\">En r\u00e9alit\u00e9, rien de grave. Il ne s\u2019agissait que du <strong>passage de deux Rafale<\/strong> dans le ciel maralpin. Un joli balai a\u00e9rien, sym\u00e9trique. Ces deux avions de chasse de l\u2019arm\u00e9e fran\u00e7aise ont notamment survol\u00e9 Antibes Juan-les-Pins, c\u00f4te \u00e0 c\u00f4te, en milieu de matin\u00e9e et Cagnes-sur-Mer quelques minutes plus tard. \u00c0 basse altitude, ce qui a beaucoup surpris.<\/p>\n<p>    <a href=\"https:\/\/www.facebook.com\/plugins\/video.php?height=476&amp;href=https%3A%2F%2Fwww.facebook.com%2Flogan.ganlo.7921%2Fvideos%2F828317316664443%2F&amp;show_text=false&amp;width=350&amp;t=0\" title=\"Ouvrie le lien\" target=\"_blank\" rel=\"noopener\">Cliquez ici pour visualiser le contenu<\/a><\/p>\n<p class=\" wall-content\">Selon toute vraisemblance, ces deux avions de chasse Dassault Rafale effectuaient un <strong>simple exercice<\/strong> avec une phase d\u2019atterrissage pr\u00e9vue \u00e0 Nice. La base a\u00e9rienne la plus proche \u00e9tant celle d\u2019Orange dans le Vaucluse. Contact\u00e9e par actu Nice, l\u2019arm\u00e9e de l\u2019air et de l\u2019espace n\u2019a pas encore donn\u00e9 plus de pr\u00e9cisions.<\/p>\n<p class=\" wall-content\">Une op\u00e9ration courante mais toujours tr\u00e8s impressionnante. En vol, un avion Rafale seul peut g\u00e9n\u00e9rer plus de 100 d\u00e9cibels. De quoi sursauter.<\/p>\n<p class=\" wall-content\">Personnalisez votre actualit\u00e9 en ajoutant vos villes et m\u00e9dias en favori avec <a href=\"https:\/\/moncompte.actu.fr\" title=\"D\u00e9couvez Mon Actu\" rel=\"nofollow noopener\" data-trk=\"{&quot;cta&quot;:{&quot;action&quot;:&quot;https:\\\/\\\/moncompte.actu.fr&quot;,&quot;category&quot;:&quot;mon compte&quot;,&quot;from&quot;:&quot;article footer&quot;,&quot;name&quot;:&quot;Mon actu&quot;,&quot;type&quot;:&quot;cta&quot;}}\" target=\"_blank\">Mon Actu<\/a>.<\/p>\n","protected":false},"excerpt":{"rendered":"Par Arthur Frand Publi\u00e9 le 9 d\u00e9c. 2025 \u00e0 16h54 ; mis \u00e0 jour le 9 d\u00e9c. 2025&hellip;\n","protected":false},"author":2,"featured_media":588858,"comment_status":"","ping_status":"","sticky":false,"template":"","format":"standard","meta":{"footnotes":""},"categories":[2819],"tags":[1111,11,1813,1777,674,1011,27,1757,12,2401,882,25,104],"class_list":{"0":"post-588857","1":"post","2":"type-post","3":"status-publish","4":"format-standard","5":"has-post-thumbnail","7":"category-nice","8":"tag-actu","9":"tag-actualites","10":"tag-armee","11":"tag-eu","12":"tag-europe","13":"tag-fr","14":"tag-france","15":"tag-insolite","16":"tag-news","17":"tag-nice","18":"tag-provence-alpes-cote-dazur","19":"tag-republique-francaise","20":"tag-societe"},"share_on_mastodon":{"url":"https:\/\/pubeurope.com\/@fr\/115690474417807917","error":""},"_links":{"self":[{"href":"https:\/\/www.europesays.com\/fr\/wp-json\/wp\/v2\/posts\/588857","targetHints":{"allow":["GET"]}}],"collection":[{"href":"https:\/\/www.europesays.com\/fr\/wp-json\/wp\/v2\/posts"}],"about":[{"href":"https:\/\/www.europesays.com\/fr\/wp-json\/wp\/v2\/types\/post"}],"author":[{"embeddable":true,"href":"https:\/\/www.europesays.com\/fr\/wp-json\/wp\/v2\/users\/2"}],"replies":[{"embeddable":true,"href":"https:\/\/www.europesays.com\/fr\/wp-json\/wp\/v2\/comments?post=588857"}],"version-history":[{"count":0,"href":"https:\/\/www.europesays.com\/fr\/wp-json\/wp\/v2\/posts\/588857\/revisions"}],"wp:featuredmedia":[{"embeddable":true,"href":"https:\/\/www.europesays.com\/fr\/wp-json\/wp\/v2\/media\/588858"}],"wp:attachment":[{"href":"https:\/\/www.europesays.com\/fr\/wp-json\/wp\/v2\/media?parent=588857"}],"wp:term":[{"taxonomy":"category","embeddable":true,"href":"https:\/\/www.europesays.com\/fr\/wp-json\/wp\/v2\/categories?post=588857"},{"taxonomy":"post_tag","embeddable":true,"href":"https:\/\/www.europesays.com\/fr\/wp-json\/wp\/v2\/tags?post=588857"}],"curies":[{"name":"wp","href":"https:\/\/api.w.org\/{rel}","templated":true}]}}