{"id":588861,"date":"2025-12-09T16:09:19","date_gmt":"2025-12-09T16:09:19","guid":{"rendered":"https:\/\/www.europesays.com\/fr\/588861\/"},"modified":"2025-12-09T16:09:19","modified_gmt":"2025-12-09T16:09:19","slug":"theodora-muse-david-guetta-voila-la-programmation-revee-de-nos-lecteurs-pour-ledition","status":"publish","type":"post","link":"https:\/\/www.europesays.com\/fr\/588861\/","title":{"rendered":"Theodora, Muse, David Guetta\u2026 Voil\u00e0 la programmation r\u00eav\u00e9e de nos lecteurs pour l\u2019\u00e9dition"},"content":{"rendered":"<p>Les t\u00eates d\u2019affiche de la programmation de la Nuit de l\u2019Erdre, qui se tiendra du 2 au 5\u00a0juillet 2026, ont d\u00e9j\u00e0 \u00e9t\u00e9 annonc\u00e9es. <a href=\"https:\/\/nantes.maville.com\/actu\/actudet_-lenny-kravitz-orelsan-damso-vanessa-paradis-le-festival-la-nuit-de-l-erdre-2026-leve-le-voile-sur-sa-programmation-_8-7068963_actu.Htm\" target=\"_self\" rel=\"noopener\">Lenny Kravitz, Orelsan, Damso, Vanessa Paradis, Feu\u00a0! Chatterton, Mosimann, Dropkick Murphys<\/a> vont enflammer les sc\u00e8nes Maki et Gorilla, pour la 26e \u00e9dition du festival de Nort-sur-Erdre (Loire-Atlantique).<\/p>\n<p>Mais la line-up est encore loin d\u2019\u00eatre compl\u00e8te\u00a0! <a href=\"https:\/\/nantes.maville.com\/actu\/actudet_-quel-artiste-revez-vous-de-voir-sur-la-scene-de-la-nuit-de-l-erdre-en-2026-_52716-7095435_actu.Htm\" target=\"_self\" rel=\"noopener\">On a demand\u00e9 aux internautes de composer leur programmation id\u00e9ale,<\/a> en proposant des noms d\u2019artistes qu\u2019ils adoreraient d\u00e9couvrir sur sc\u00e8ne. Ils sont pr\u00e8s de 150 \u00e0 avoir particip\u00e9\u00a0!<\/p>\n<p>Des ind\u00e9modables<\/p>\n<p>Certains imaginent transformer le parc du Port-Mulon en ar\u00e8ne \u00e0 superstars pour accueillir les shows \u00e0 l\u2019am\u00e9ricaine de Katy Perry, Beyonc\u00e9, Lady Gaga ou Dua Lipa.<\/p>\n<p>Dans un tout autre registre, celui de la chanson fran\u00e7aise, nos lecteurs pl\u00e9biscitent <a href=\"https:\/\/rennes.maville.com\/actu\/actudet_-florent-pagny-de-retour-en-forme-avec-son-nouvel-album-grandeur-nature-_54135-6972485_actu.Htm\" target=\"_self\" rel=\"noopener\">Florent Pagny, dont le dernier album est sorti en septembre<\/a>, tout comme l\u2019auteur et chanteur franco-rwandais Ga\u00ebl Faye, <a href=\"https:\/\/nantes.maville.com\/actu\/actudet_-festival-les-escales-a-saint-nazaire.-josman-benjamin-biolay-gael-faye...-les-six-premiers-noms-d-artistes-ont-fuite-_8-7101015_actu.Htm\" target=\"_self\" rel=\"noopener\">d\u00e9j\u00e0 annonc\u00e9 \u00e0 l\u2019affiche des Escales, \u00e0 Saint-Nazaire<\/a>. Francis Cabrel, Jean-Louis Aubert, Zaz ont aussi les faveurs du public.<\/p>\n<p><a href=\"https:\/\/vitre.maville.com\/actu\/actudet_-premier-single-a-16-ans-eleve-brillante-jeunesse-a-l-etranger...-qui-est-theodora-star-du-r-n-b-_52704-6903237_actu.Htm\" target=\"_self\" rel=\"noopener\">Sensation du moment, la \u00ab\u00a0bosslady\u00a0\u00bb Theodora<\/a> sera-t-elle sur la sc\u00e8ne de la Nuit de l\u2019Erdre\u00a0? Qu\u2019en sera-t-il de H\u00e9l\u00e9na, la chanteuse belge interpr\u00e8te de \u00ab\u00a0Mauvais gar\u00e7on\u00a0\u00bb\u00a0? Bretagne oblige, le rock brestois des\u00a0Matmatah est tr\u00e8s attendu.<\/p>\n<p>Les Am\u00e9ricains de The Offspring (punk rock), les ind\u00e9modables d\u2019Indochine (pop), les ind\u00e9boulonnable de Muse (rock), l\u2019incontournable David Guetta (\u00e9lectro)\u00a0: chacun dans leur style, ils savent transporter les foules des grands stades. Ils ne feraient qu\u2019une bouch\u00e9e de Nort-sur-Erdre et de son public survolt\u00e9.<\/p>\n<p>Du rap et de la K-pop<\/p>\n<p>Ils affolent les scores sur les plateformes d\u2019\u00e9coute. C\u2019est tout logiquement que les lecteurs les r\u00e9clament en concert\u00a0: le \u00a0roi de la m\u00e9lo\u00a0 Tiakola, le trio de rappeurs L2B et la drill de La Mano 1.9.<\/p>\n<p>Signe des temps et de la mondialisation de la musique, <a href=\"https:\/\/redon.maville.com\/actu\/actudet_-video.-korea-mania-k-pop-series-teles-nourriture...-comment-la-coree-s-est-imposee-en-france-_52698-6926709_actu.Htm\" target=\"_self\" rel=\"noopener\">la K-pop<\/a> a fait son apparition dans les suggestions, avec le groupe Aespa et la chanteuse Ros\u00e9, interpr\u00e8te d\u2019APT. (Que vous allez avoir dans la t\u00eate toute la journ\u00e9e, ne nous remerciez pas).<\/p>\n<p>Pour savoir si ces r\u00eaves de programmation se r\u00e9aliseront, il faut encore un peu de patience. Les prochains noms doivent arriver dans les jours qui viennent.<\/p>\n<p>\u00a0<\/p>\n","protected":false},"excerpt":{"rendered":"Les t\u00eates d\u2019affiche de la programmation de la Nuit de l\u2019Erdre, qui se tiendra du 2 au 5\u00a0juillet&hellip;\n","protected":false},"author":2,"featured_media":588862,"comment_status":"","ping_status":"","sticky":false,"template":"","format":"standard","meta":{"footnotes":""},"categories":[2818],"tags":[5734,1111,11,8842,4660,8925,1777,674,1011,27,33420,10066,10241,766,12,293,2636,3551,25,70224,30682],"class_list":{"0":"post-588861","1":"post","2":"type-post","3":"status-publish","4":"format-standard","5":"has-post-thumbnail","7":"category-nantes","8":"tag-5734","9":"tag-actu","10":"tag-actualites","11":"tag-david","12":"tag-edition","13":"tag-erdre","14":"tag-eu","15":"tag-europe","16":"tag-fr","17":"tag-france","18":"tag-guetta","19":"tag-lecteurs","20":"tag-muse","21":"tag-nantes","22":"tag-news","23":"tag-nuit","24":"tag-pays-de-la-loire","25":"tag-programmation","26":"tag-republique-francaise","27":"tag-revee","28":"tag-theodora"},"share_on_mastodon":{"url":"https:\/\/pubeurope.com\/@fr\/115690482211505403","error":""},"_links":{"self":[{"href":"https:\/\/www.europesays.com\/fr\/wp-json\/wp\/v2\/posts\/588861","targetHints":{"allow":["GET"]}}],"collection":[{"href":"https:\/\/www.europesays.com\/fr\/wp-json\/wp\/v2\/posts"}],"about":[{"href":"https:\/\/www.europesays.com\/fr\/wp-json\/wp\/v2\/types\/post"}],"author":[{"embeddable":true,"href":"https:\/\/www.europesays.com\/fr\/wp-json\/wp\/v2\/users\/2"}],"replies":[{"embeddable":true,"href":"https:\/\/www.europesays.com\/fr\/wp-json\/wp\/v2\/comments?post=588861"}],"version-history":[{"count":0,"href":"https:\/\/www.europesays.com\/fr\/wp-json\/wp\/v2\/posts\/588861\/revisions"}],"wp:featuredmedia":[{"embeddable":true,"href":"https:\/\/www.europesays.com\/fr\/wp-json\/wp\/v2\/media\/588862"}],"wp:attachment":[{"href":"https:\/\/www.europesays.com\/fr\/wp-json\/wp\/v2\/media?parent=588861"}],"wp:term":[{"taxonomy":"category","embeddable":true,"href":"https:\/\/www.europesays.com\/fr\/wp-json\/wp\/v2\/categories?post=588861"},{"taxonomy":"post_tag","embeddable":true,"href":"https:\/\/www.europesays.com\/fr\/wp-json\/wp\/v2\/tags?post=588861"}],"curies":[{"name":"wp","href":"https:\/\/api.w.org\/{rel}","templated":true}]}}