{"id":588869,"date":"2025-12-09T16:13:13","date_gmt":"2025-12-09T16:13:13","guid":{"rendered":"https:\/\/www.europesays.com\/fr\/588869\/"},"modified":"2025-12-09T16:13:13","modified_gmt":"2025-12-09T16:13:13","slug":"saint-orens-celebre-ses-champions-haute-garonne-st-orens-de-gameville","status":"publish","type":"post","link":"https:\/\/www.europesays.com\/fr\/588869\/","title":{"rendered":"Saint-Orens c\u00e9l\u00e8bre ses champions &#8211; Haute Garonne &#8211; St-Orens-de-Gameville"},"content":{"rendered":"<p><strong>L&rsquo;\u00e9dition 2025 de la c\u00e9r\u00e9monie de mise \u00e0 l&rsquo;honneur du tissu sportif de Saint-Orens-de-Gameville se tiendra le 13 d\u00e9cembre \u00e0 Altigone. <\/strong>&#13;<br \/>\n&#13;<br \/>\nCet \u00e9v\u00e9nement annuel vise \u00e0 c\u00e9l\u00e9brer et r\u00e9compenser les acteurs locaux impliqu\u00e9s dans le domaine sportif, notamment les b\u00e9n\u00e9voles, les champions, les \u00e9quipes et les entra\u00eeneurs. Il s&rsquo;agit d&rsquo;une occasion de valoriser l&rsquo;engagement et les performances des diff\u00e9rents acteurs qui contribuent \u00e0 la vitalit\u00e9 et au d\u00e9veloppement du sport dans la commune. La ville de Saint-Orens-de-Gameville abrite pr\u00e8s de 100 associations, dont une quarantaine se consacrent au domaine sportif. Tous les deux ans, la municipalit\u00e9 organise cette soir\u00e9e pour mettre en lumi\u00e8re ceux qui animent et dynamisent la vie sportive locale. Des prix seront remis aux laur\u00e9ats des deux derni\u00e8res saisons, mettant en avant les r\u00e9ussites individuelles et collectives, ainsi que les parcours remarquables des sportifs de la r\u00e9gion. L&rsquo;\u00e9v\u00e9nement sera \u00e9galement marqu\u00e9 par des spectacles de danse propos\u00e9s par des associations locales, ajoutant une touche artistique \u00e0 cette soir\u00e9e festive. Ces moments de c\u00e9l\u00e9bration seront suivis d&rsquo;un cocktail o\u00f9 les clubs, les familles, les partenaires et les \u00e9lus pourront se retrouver et \u00e9changer dans une ambiance conviviale. Cette \u00e9dition sera notamment plac\u00e9e sous le th\u00e8me du Mexique, en lien avec le fil rouge Mexique lanc\u00e9 le <b>23 septembre<\/b>. Des pi\u00f1atas r\u00e9alis\u00e9es en collaboration avec l&rsquo;Espace de Vie Sociale et des membres de la communaut\u00e9 mexicaine seront expos\u00e9es, valorisant la tradition de l&rsquo;Avent au Mexique. Les participants pourront \u00e9galement d\u00e9guster des gourmandises et du ponche mexicain dans une ambiance festive et interculturelle. L&rsquo;\u00e9v\u00e9nement sera parrain\u00e9 par Thierry Corbarieu, aventurier et ultra-traileur reconnu pour ses exp\u00e9ditions en milieux extr\u00eames. Sa pr\u00e9sence apportera une dimension suppl\u00e9mentaire \u00e0 cette soir\u00e9e d\u00e9di\u00e9e au monde du sport et de la solidarit\u00e9.<\/p>\n<p>                Cet article est r\u00e9serv\u00e9 aux abonn\u00e9s.<\/p>\n<p class=\"signature\" itemscope=\"\" itemprop=\"Author\" itemtype=\"http:\/\/schema.org\/Person\">\n                VLoz\n            <\/p>\n","protected":false},"excerpt":{"rendered":"L&rsquo;\u00e9dition 2025 de la c\u00e9r\u00e9monie de mise \u00e0 l&rsquo;honneur du tissu sportif de Saint-Orens-de-Gameville se tiendra le 13&hellip;\n","protected":false},"author":2,"featured_media":395922,"comment_status":"","ping_status":"","sticky":false,"template":"","format":"standard","meta":{"footnotes":""},"categories":[2816],"tags":[1111,11,1777,674,1011,27,12,2680,301,25,2312],"class_list":{"0":"post-588869","1":"post","2":"type-post","3":"status-publish","4":"format-standard","5":"has-post-thumbnail","7":"category-toulouse","8":"tag-actu","9":"tag-actualites","10":"tag-eu","11":"tag-europe","12":"tag-fr","13":"tag-france","14":"tag-news","15":"tag-occitanie","16":"tag-premium","17":"tag-republique-francaise","18":"tag-toulouse"},"share_on_mastodon":{"url":"https:\/\/pubeurope.com\/@fr\/115690498009673685","error":""},"_links":{"self":[{"href":"https:\/\/www.europesays.com\/fr\/wp-json\/wp\/v2\/posts\/588869","targetHints":{"allow":["GET"]}}],"collection":[{"href":"https:\/\/www.europesays.com\/fr\/wp-json\/wp\/v2\/posts"}],"about":[{"href":"https:\/\/www.europesays.com\/fr\/wp-json\/wp\/v2\/types\/post"}],"author":[{"embeddable":true,"href":"https:\/\/www.europesays.com\/fr\/wp-json\/wp\/v2\/users\/2"}],"replies":[{"embeddable":true,"href":"https:\/\/www.europesays.com\/fr\/wp-json\/wp\/v2\/comments?post=588869"}],"version-history":[{"count":0,"href":"https:\/\/www.europesays.com\/fr\/wp-json\/wp\/v2\/posts\/588869\/revisions"}],"wp:featuredmedia":[{"embeddable":true,"href":"https:\/\/www.europesays.com\/fr\/wp-json\/wp\/v2\/media\/395922"}],"wp:attachment":[{"href":"https:\/\/www.europesays.com\/fr\/wp-json\/wp\/v2\/media?parent=588869"}],"wp:term":[{"taxonomy":"category","embeddable":true,"href":"https:\/\/www.europesays.com\/fr\/wp-json\/wp\/v2\/categories?post=588869"},{"taxonomy":"post_tag","embeddable":true,"href":"https:\/\/www.europesays.com\/fr\/wp-json\/wp\/v2\/tags?post=588869"}],"curies":[{"name":"wp","href":"https:\/\/api.w.org\/{rel}","templated":true}]}}