{"id":588872,"date":"2025-12-09T16:15:14","date_gmt":"2025-12-09T16:15:14","guid":{"rendered":"https:\/\/www.europesays.com\/fr\/588872\/"},"modified":"2025-12-09T16:15:14","modified_gmt":"2025-12-09T16:15:14","slug":"un-bouchon-de-plusieurs-kilometres-ralentit-la-circulation","status":"publish","type":"post","link":"https:\/\/www.europesays.com\/fr\/588872\/","title":{"rendered":"un bouchon de plusieurs kilom\u00e8tres ralentit la circulation"},"content":{"rendered":"<p>                    Par<br \/>\n        <strong><br \/>\n            <a href=\"https:\/\/actu.fr\/auteur\/hervine-mahaud\" title=\"Consulter tous les articles de Hervine Mahaud\" target=\"_blank\" rel=\"noopener\">Hervine Mahaud<\/a><br \/>\n                    <\/strong><\/p>\n<p>        Publi\u00e9 le<\/p>\n<p>            9 d\u00e9c. 2025 \u00e0 16h59        <\/p>\n<p>Attention, \u00e7a bouchonne ! Un <b>accident<\/b> impliquant deux v\u00e9hicules perturbe fortement la <b>circulation<\/b> ce mardi 9 d\u00e9cembre 2025 sur l\u2019<b>autoroute A25<\/b>, dans le sens <b>Lille \u2013 Dunkerque<\/b>, \u00e0 hauteur d\u2019<b>Englos<\/b>. Un <b>bouchon de plusieurs kilom\u00e8tres<\/b> s\u2019est form\u00e9.<\/p>\n<p>Un bouchon de 6 km d\u2019Englos au port fluvial<\/p>\n<p class=\" wall-content\">Le choc s\u2019est produit vers 16h30 et a entra\u00een\u00e9 la neutralisation de la voie de droite et provoque d\u2019importants ralentissements.<\/p>\n<p class=\" wall-content\">Selon la cellule de vigilance routi\u00e8re de la pr\u00e9fecture du Nord, un <b>bouchon d\u2019environ 6 km<\/b> s\u2019est d\u00e9j\u00e0 form\u00e9, remontant jusqu\u2019\u00e0 la <b>courbe du port fluvial<\/b>. Les autorit\u00e9s appellent les automobilistes \u00e0 la plus grande prudence dans le secteur.<\/p>\n<p class=\" wall-content\">Plus d\u2019infos \u00e0 venir.<\/p>\n<p class=\" wall-content\">Personnalisez votre actualit\u00e9 en ajoutant vos villes et m\u00e9dias en favori avec <a href=\"https:\/\/moncompte.actu.fr\" title=\"D\u00e9couvez Mon Actu\" rel=\"nofollow noopener\" data-trk=\"{&quot;cta&quot;:{&quot;action&quot;:&quot;https:\\\/\\\/moncompte.actu.fr&quot;,&quot;category&quot;:&quot;mon compte&quot;,&quot;from&quot;:&quot;article footer&quot;,&quot;name&quot;:&quot;Mon actu&quot;,&quot;type&quot;:&quot;cta&quot;}}\" target=\"_blank\">Mon Actu<\/a>.<\/p>\n","protected":false},"excerpt":{"rendered":"Par Hervine Mahaud Publi\u00e9 le 9 d\u00e9c. 2025 \u00e0 16h59 Attention, \u00e7a bouchonne ! Un accident impliquant deux&hellip;\n","protected":false},"author":2,"featured_media":588873,"comment_status":"","ping_status":"","sticky":false,"template":"","format":"standard","meta":{"footnotes":""},"categories":[2815],"tags":[119,1111,11,1777,674,118,1011,27,811,803,1307,12,25],"class_list":{"0":"post-588872","1":"post","2":"type-post","3":"status-publish","4":"format-standard","5":"has-post-thumbnail","7":"category-lille","8":"tag-accident","9":"tag-actu","10":"tag-actualites","11":"tag-eu","12":"tag-europe","13":"tag-faits-divers","14":"tag-fr","15":"tag-france","16":"tag-hauts-de-france","17":"tag-info-trafic","18":"tag-lille","19":"tag-news","20":"tag-republique-francaise"},"share_on_mastodon":{"url":"https:\/\/pubeurope.com\/@fr\/115690505874977834","error":""},"_links":{"self":[{"href":"https:\/\/www.europesays.com\/fr\/wp-json\/wp\/v2\/posts\/588872","targetHints":{"allow":["GET"]}}],"collection":[{"href":"https:\/\/www.europesays.com\/fr\/wp-json\/wp\/v2\/posts"}],"about":[{"href":"https:\/\/www.europesays.com\/fr\/wp-json\/wp\/v2\/types\/post"}],"author":[{"embeddable":true,"href":"https:\/\/www.europesays.com\/fr\/wp-json\/wp\/v2\/users\/2"}],"replies":[{"embeddable":true,"href":"https:\/\/www.europesays.com\/fr\/wp-json\/wp\/v2\/comments?post=588872"}],"version-history":[{"count":0,"href":"https:\/\/www.europesays.com\/fr\/wp-json\/wp\/v2\/posts\/588872\/revisions"}],"wp:featuredmedia":[{"embeddable":true,"href":"https:\/\/www.europesays.com\/fr\/wp-json\/wp\/v2\/media\/588873"}],"wp:attachment":[{"href":"https:\/\/www.europesays.com\/fr\/wp-json\/wp\/v2\/media?parent=588872"}],"wp:term":[{"taxonomy":"category","embeddable":true,"href":"https:\/\/www.europesays.com\/fr\/wp-json\/wp\/v2\/categories?post=588872"},{"taxonomy":"post_tag","embeddable":true,"href":"https:\/\/www.europesays.com\/fr\/wp-json\/wp\/v2\/tags?post=588872"}],"curies":[{"name":"wp","href":"https:\/\/api.w.org\/{rel}","templated":true}]}}