{"id":588874,"date":"2025-12-09T16:16:16","date_gmt":"2025-12-09T16:16:16","guid":{"rendered":"https:\/\/www.europesays.com\/fr\/588874\/"},"modified":"2025-12-09T16:16:16","modified_gmt":"2025-12-09T16:16:16","slug":"un-suspect-mis-en-examen-et-ecroue-apres-le-viol-en-plein-jour-dune-jeune-femme-dans-un-parc","status":"publish","type":"post","link":"https:\/\/www.europesays.com\/fr\/588874\/","title":{"rendered":"un suspect mis en examen et \u00e9crou\u00e9 apr\u00e8s le viol, en plein jour, d\u2019une jeune femme dans un parc"},"content":{"rendered":"<p>Un suspect a \u00e9t\u00e9 interpell\u00e9 lundi 1er\u00a0d\u00e9cembre 2025 apr\u00e8s le viol, fin novembre, d\u2019une femme de 31\u00a0ans dans le Jardin des plantes de Lille (<a target=\"_self\" href=\"https:\/\/www.lanouvellerepublique.fr\/nord\" rel=\"noopener\">Nord<\/a>), un parc public, rapporte <a target=\"_blank\" href=\"https:\/\/www.lavoixdunord.fr\/1653464\/article\/2025-12-05\/lille-une-joggeuse-de-31-ans-violee-au-jardin-des-plantes-un-suspect-de-25-ans\" rel=\"noopener\">La Voix du Nord<\/a>. Une autre jeune femme venait en effet de signaler avoir \u00e9t\u00e9 agress\u00e9e \u00e0 la sortie du m\u00e9tro.<\/p>\n<p>Vers midi, le 23\u00a0novembre dernier, la premi\u00e8re victime effectuait un footing dans un parc quand elle a \u00e9t\u00e9 abord\u00e9e par un individu, mais elle avait continu\u00e9 son chemin. Quelques minutes plus tard, dans une zone isol\u00e9e, l\u2019homme l\u2019a plaqu\u00e9e au sol avant de la violer puis de quitter les lieux. L\u2019ADN de l\u2019agresseur a \u00e9t\u00e9 retrouv\u00e9 par les enqu\u00eateurs sur la victime.<\/p>\n<p>Interpell\u00e9 par une \u00e9quipe de la BAC<\/p>\n<p>Ce 1er\u00a0d\u00e9cembre, une autre jeune femme qui s\u2019est r\u00e9fugi\u00e9e chez une habitante du quartier Lille-Sud, a racont\u00e9 avoir \u00e9t\u00e9 approch\u00e9e par un jeune homme \u00e0 la sortie du m\u00e9tro. Il aurait tent\u00e9 de l\u2019agresser. Alert\u00e9s, des policiers de la brigade anticriminalit\u00e9 (BAC) ont rapidement interpell\u00e9 un individu qui correspondait \u00e0 la description faite par la victime.<\/p>\n<p>\u00ab\u00a0Les analyses ADN ont permis de faire un rapprochement\u00a0\u00bb entre l\u2019homme arr\u00eat\u00e9 et la personne qui a viol\u00e9 la premi\u00e8re victime, a indiqu\u00e9 le parquet cit\u00e9 par <a target=\"_blank\" href=\"https:\/\/actu.fr\/hauts-de-france\/lille_59350\/lille-quelques-jours-apres-le-viol-dune-coureuse-de-31-ans-dans-un-parc-public-un-homme-de-25-ans-ecroue_63541384.html\" rel=\"noopener\">Lille Actu<\/a>. \u00c0 l\u2019issue de sa garde \u00e0 vue, mercredi 3\u00a0d\u00e9cembre, le suspect a \u00e9t\u00e9 mis en examen et plac\u00e9 en d\u00e9tention provisoire.<\/p>\n","protected":false},"excerpt":{"rendered":"Un suspect a \u00e9t\u00e9 interpell\u00e9 lundi 1er\u00a0d\u00e9cembre 2025 apr\u00e8s le viol, fin novembre, d\u2019une femme de 31\u00a0ans dans&hellip;\n","protected":false},"author":2,"featured_media":588875,"comment_status":"","ping_status":"","sticky":false,"template":"","format":"standard","meta":{"footnotes":""},"categories":[2815],"tags":[328,1111,11,1674,1777,674,274,1011,27,811,1307,12,1308,25,797],"class_list":{"0":"post-588874","1":"post","2":"type-post","3":"status-publish","4":"format-standard","5":"has-post-thumbnail","7":"category-lille","8":"tag-a-la-une","9":"tag-actu","10":"tag-actualites","11":"tag-communes","12":"tag-eu","13":"tag-europe","14":"tag-faits-divers-justice","15":"tag-fr","16":"tag-france","17":"tag-hauts-de-france","18":"tag-lille","19":"tag-news","20":"tag-nord","21":"tag-republique-francaise","22":"tag-violences-faites-aux-femmes"},"share_on_mastodon":{"url":"https:\/\/pubeurope.com\/@fr\/115690509742335411","error":""},"_links":{"self":[{"href":"https:\/\/www.europesays.com\/fr\/wp-json\/wp\/v2\/posts\/588874","targetHints":{"allow":["GET"]}}],"collection":[{"href":"https:\/\/www.europesays.com\/fr\/wp-json\/wp\/v2\/posts"}],"about":[{"href":"https:\/\/www.europesays.com\/fr\/wp-json\/wp\/v2\/types\/post"}],"author":[{"embeddable":true,"href":"https:\/\/www.europesays.com\/fr\/wp-json\/wp\/v2\/users\/2"}],"replies":[{"embeddable":true,"href":"https:\/\/www.europesays.com\/fr\/wp-json\/wp\/v2\/comments?post=588874"}],"version-history":[{"count":0,"href":"https:\/\/www.europesays.com\/fr\/wp-json\/wp\/v2\/posts\/588874\/revisions"}],"wp:featuredmedia":[{"embeddable":true,"href":"https:\/\/www.europesays.com\/fr\/wp-json\/wp\/v2\/media\/588875"}],"wp:attachment":[{"href":"https:\/\/www.europesays.com\/fr\/wp-json\/wp\/v2\/media?parent=588874"}],"wp:term":[{"taxonomy":"category","embeddable":true,"href":"https:\/\/www.europesays.com\/fr\/wp-json\/wp\/v2\/categories?post=588874"},{"taxonomy":"post_tag","embeddable":true,"href":"https:\/\/www.europesays.com\/fr\/wp-json\/wp\/v2\/tags?post=588874"}],"curies":[{"name":"wp","href":"https:\/\/api.w.org\/{rel}","templated":true}]}}