{"id":588877,"date":"2025-12-09T16:18:17","date_gmt":"2025-12-09T16:18:17","guid":{"rendered":"https:\/\/www.europesays.com\/fr\/588877\/"},"modified":"2025-12-09T16:18:17","modified_gmt":"2025-12-09T16:18:17","slug":"15-points-de-deal-pilonnes-simultanement-pour-ne-pas-laisser-les-narcotrafiquants-tenir-le-terrain","status":"publish","type":"post","link":"https:\/\/www.europesays.com\/fr\/588877\/","title":{"rendered":"15 points de deal pilonn\u00e9s simultan\u00e9ment pour \u00abne pas laisser les narcotrafiquants tenir le terrain\u00bb"},"content":{"rendered":"<p>\n    Deux jours avant une r\u00e9union \u00e0 l\u2019\u00c9lys\u00e9e sur le narcotrafic et une semaine jour pour jour avant la visite annonc\u00e9e du pr\u00e9sident de la R\u00e9publique \u00e0 Marseille, 1500 gendarmes et policiers ont \u00e9t\u00e9 mobilis\u00e9s de mani\u00e8re simultan\u00e9e sur 15 points de deal de la cit\u00e9 phoc\u00e9enne.<\/p>\n<p class=\"fig-paragraph\">Pr\u00e8s d\u2019un mois apr\u00e8s le meurtre de\u00a0<a href=\"http:\/\/www.lefigaro.fr\/marseille\/meurtre-du-frere-d-amine-kessaci-les-ministres-defendent-leur-action-face-au-fleau-du-narcotrafic-a-marseille-20251120\" data-fig-type=\"NewsFlash\" data-gtm-custom-categorie=\"navigation\" data-gtm-custom-action=\"crossclick\" data-gtm-custom-label=\"Contextuel\" data-gtm-event=\"customEventSPE\" data-fig-domain=\"LEFIGARO\" target=\"_blank\" rel=\"noopener\">Mehdi Kessaci\u00a0<\/a>qui a plong\u00e9\u00a0<a href=\"http:\/\/www.lefigaro.fr\/marseille\/on-a-peur-pour-nos-proches-marseille-en-pleine-psychose-apres-l-assassinat-du-frere-d-amine-kessaci-20251118\" data-fig-type=\"NewsFlash\" data-gtm-custom-categorie=\"navigation\" data-gtm-custom-action=\"crossclick\" data-gtm-custom-label=\"Contextuel\" data-gtm-event=\"customEventSPE\" data-fig-domain=\"LEFIGARO\" target=\"_blank\" rel=\"noopener\">Marseille sous le choc<\/a>, et une semaine jour pour jour avant la visite d\u2019Emmanuel Macron dans la cit\u00e9 phoc\u00e9enne, l\u2019\u00c9tat a d\u00e9cid\u00e9 d\u2019employer les gros moyens contre le trafic de drogue qui gangr\u00e8ne la cit\u00e9 phoc\u00e9enne. Ce mardi, en fin de matin\u00e9e, sur ordre du ministre de l\u2019Int\u00e9rieur, le fra\u00eechement nomm\u00e9 pr\u00e9fet de Provence-Alpes-C\u00f4te d\u2019Azur,\u00a0<a href=\"http:\/\/www.lefigaro.fr\/marseille\/marseille-le-prefet-jacques-witkowski-nomme-mercredi-prefet-de-la-region-paca-20251118\" data-fig-type=\"NewsFlash\" data-gtm-custom-categorie=\"navigation\" data-gtm-custom-action=\"crossclick\" data-gtm-custom-label=\"Contextuel\" data-gtm-event=\"customEventSPE\" data-fig-domain=\"LEFIGARO\" target=\"_blank\" rel=\"noopener\">Jacques Witkowski,<\/a>\u00a0a organis\u00e9 une \u00abop\u00e9ration d\u2019ampleur\u00bb de lutte contre le narcotrafic dans quinze points de deal de Marseille, de mani\u00e8re simultan\u00e9e.<\/p>\n<p class=\"fig-paragraph\">Lors de cette op\u00e9ration, qui n\u2019est pas sans rappeler les autres op\u00e9rations d\u2019envergure dites \u00ab<a href=\"http:\/\/www.lefigaro.fr\/actualite-france\/comment-retailleau-veut-rendre-plus-efficaces-les-tres-mediatiques-operations-place-nette-20241030\" data-fig-type=\"Article\" data-gtm-custom-categorie=\"navigation\" data-gtm-custom-action=\"crossclick\" data-gtm-custom-label=\"Contextuel\" data-gtm-event=\"customEventSPE\" data-fig-domain=\"LEFIGARO\" target=\"_blank\" rel=\"noopener\">Place nette<\/a> \u00bb ou \u00ab<a href=\"http:\/\/www.lefigaro.fr\/marseille\/six-mois-apres-l-operation-place-nette-xxl-la-castellane-toujours-sous-cloche-a-marseille-20240918\" data-fig-type=\"NewsFlash\" data-gtm-custom-categorie=\"navigation\" data-gtm-custom-action=\"crossclick\" data-gtm-custom-label=\"Contextuel\" data-gtm-event=\"customEventSPE\" data-fig-domain=\"LEFIGARO\" target=\"_blank\" rel=\"noopener\">Place XXL<\/a> \u00bb d\u00e9j\u00e0 men\u00e9es \u00e0 Marseille ces derni\u00e8res ann\u00e9es, 1500 policiers et gendarmes, dont certains venus en renfort de toute la France, ont \u00e9t\u00e9 mobilis\u00e9s pour s\u2019attaquer \u00e0 \u00abla partie visible des trafics\u00bb, selon un communiqu\u00e9 de la pr\u00e9fecture.<\/p>\n<p>                                            <a class=\"fig-a11y-skip\" href=\"#fig-a11y-skip-main-inarticle\" data-module=\"a11y-skip\" data-context=\"was @visible\"><br \/>\n    Passer la publicit\u00e9<br \/>\n<\/a>            <\/p>\n<p class=\"fig-paragraph\">Les forces de l\u2019ordre se sont ainsi concentr\u00e9es sur les guetteurs, les vendeurs, les nourrices, mais aussi les consommateurs, \u00abet en compl\u00e9ment de la strat\u00e9gie judiciaire, moins visible sur le terrain mais offensive, visant \u00e0 d\u00e9manteler en profondeur les organisations criminelles\u00bb. \u00abD\u2019habitude, c\u2019est tous les jours, 250 \u00e0 350 fonctionnaires de la police nationale qui sont engag\u00e9s sur des op\u00e9rations de pilonnage\u00bb, a expliqu\u00e9 le pr\u00e9fet, qui faisait l\u00e0 par ailleurs sa premi\u00e8re sortie m\u00e9diatique depuis sa nomination le 19 novembre. Sept \u00e9quipes cynophiles ont \u00e9t\u00e9 \u00e9galement mobilis\u00e9es, ainsi que cinq unit\u00e9s de captation d\u2019images.<\/p>\n<p>                                            D\u00e9monstration de force de l\u2019\u00c9tat<\/p>\n<p class=\"fig-paragraph\">Ces op\u00e9rations se sont d\u00e9roul\u00e9es partout dans la ville, y compris dans les quartiers nord de la ville, comme aux Oliviers A o\u00f9 le pr\u00e9fet avait donn\u00e9 rendez-vous \u00e0 la presse devant un tr\u00e8s important dispositif de s\u00e9curit\u00e9. Dans cette cit\u00e9, plusieurs personnes ont \u00e9t\u00e9 interpell\u00e9es et des perquisitions ont eu lieu. \u00abCette op\u00e9ration permet, \u00e0 grande \u00e9chelle, de pilonner les points de deal, interpeller les trafiquants, les vendeurs et contr\u00f4ler les consommateurs, saisir stup\u00e9fiants, argent et armes, enlever les encombrants et stigmates du trafic, emp\u00eacher les consommateurs d\u2019acc\u00e9der aux lieux de la transaction et aux stup\u00e9fiants partout \u00e0 Marseille\u00bb, liste la pr\u00e9fecture. Une vingtaine de commerces a \u00e9galement cibl\u00e9 \u00abafin de s\u2019assurer que tout y est en r\u00e8gle et qu\u2019ils ne servent pas l\u2019\u00e9conomie du trafic\u00bb.<\/p>\n<p class=\"fig-paragraph\">Devant les journalistes, l\u2019air amus\u00e9, Jacques Witkowski a notamment partag\u00e9 \u00e0 la presse\u00a0<a href=\"http:\/\/www.lefigaro.fr\/marseille\/chips-bonbons-pochons-de-beuh-ou-shit-cadeau-a-marseille-l-etonnant-prospectus-de-noel-saisi-par-la-prefecture-20251209\" data-fig-type=\"NewsFlash\" data-gtm-custom-categorie=\"navigation\" data-gtm-custom-action=\"crossclick\" data-gtm-custom-label=\"Contextuel\" data-gtm-event=\"customEventSPE\" data-fig-domain=\"LEFIGARO\" target=\"_blank\" rel=\"noopener\">la r\u00e9cente d\u00e9couverte\u00a0<\/a>des forces de l\u2019ordre aux Oliviers A, dans le hall d\u2019un immeuble\u00a0: une pancarte install\u00e9e par le r\u00e9seau de trafic de stup\u00e9fiants indiquant que \u00abLes Oliviers A f\u00eatent No\u00ebl.\u00bb Sur cette pancarte, le r\u00e9seau promet \u00abdes pochons de shit cadeau\u00bb, ainsi que des \u00abchips, boissons, bonbons\u00bb \u00e0 ses clients. \u00abVenez comme vous \u00eates\u00bb, indique \u00e9galement l\u2019affiche.<\/p>\n<p class=\"fig-paragraph\">\u00abL\u2019\u00c9tat n\u2019abandonne pas ses concitoyens, a clam\u00e9 Jacques Witkowski. Le gouvernement, le pr\u00e9fet, les forces de police et de gendarmeries, les pompiers sont engag\u00e9s ici dans des conditions parfois difficiles. Mais c\u2019est une action de longue haleine, d\u00e9termin\u00e9e, que nous conduirons \u00e0 son terme. Nous ne souhaitons pas laisser les narcotrafiquants tenir le terrain\u00bb.<\/p>\n<p>                                            Nouvelle r\u00e9union \u00e0 l\u2019\u00c9lys\u00e9e<\/p>\n<p class=\"fig-paragraph\">L\u2019op\u00e9ration \u00e9tait pr\u00e9vue pour durer seulement la journ\u00e9e. Aux Oliviers A, les quelques badauds qui passaient entre les barres d\u2019immeubles ont observ\u00e9 la sc\u00e8ne avec amertume. \u00ab \u00c7a ne sert \u00e0 rien tout \u00e7a, a ainsi lanc\u00e9 Karim devant des forces de l\u2019ordre qui escortaient un homme tout juste interpell\u00e9. M\u00eame Emmanuel Macron est d\u00e9j\u00e0 venu ici. Et \u00e7a a chang\u00e9 quoi\u00a0? Rien.\u00bb En d\u00e9but d\u2019apr\u00e8s-midi, 20 personnes avaient \u00e9t\u00e9 interpell\u00e9es.<\/p>\n<p>                                            <a class=\"fig-a11y-skip\" href=\"#fig-a11y-skip-main-inarticle_mtf\" data-module=\"a11y-skip\" data-context=\"was @visible\"><br \/>\n    Passer la publicit\u00e9<br \/>\n<\/a>            <\/p>\n<p class=\"fig-paragraph\">Jeudi, Emmanuel Macron r\u00e9unira de nouveau \u00e0 l\u2019\u00c9lys\u00e9e les acteurs de la lutte contre les trafics de drogue, dans le m\u00eame format qu\u2019une premi\u00e8re r\u00e9union le 18 novembre. Lors de cette derni\u00e8re, convoqu\u00e9e en urgence apr\u00e8s la mort de Mehdi Kessaci, il leur avait demand\u00e9 \u00abd\u2019amplifier\u00bb leur action en adoptant la m\u00eame approche que pour \u00able terrorisme\u00bb. Le pr\u00e9fet des Bouches-du-Rh\u00f4ne fera partie des personnes pr\u00e9sentes \u00e0 cette r\u00e9union.<\/p>\n","protected":false},"excerpt":{"rendered":"Deux jours avant une r\u00e9union \u00e0 l\u2019\u00c9lys\u00e9e sur le narcotrafic et une semaine jour pour jour avant la&hellip;\n","protected":false},"author":2,"featured_media":588878,"comment_status":"","ping_status":"","sticky":false,"template":"","format":"standard","meta":{"footnotes":""},"categories":[2814],"tags":[1111,11,1777,674,1011,27,884,8721,12,6822,882,25,887],"class_list":{"0":"post-588877","1":"post","2":"type-post","3":"status-publish","4":"format-standard","5":"has-post-thumbnail","7":"category-marseille","8":"tag-actu","9":"tag-actualites","10":"tag-eu","11":"tag-europe","12":"tag-fr","13":"tag-france","14":"tag-marseille","15":"tag-narcotrafic","16":"tag-news","17":"tag-prefets","18":"tag-provence-alpes-cote-dazur","19":"tag-republique-francaise","20":"tag-trafic-de-drogue"},"share_on_mastodon":{"url":"https:\/\/pubeurope.com\/@fr\/115690518043380703","error":""},"_links":{"self":[{"href":"https:\/\/www.europesays.com\/fr\/wp-json\/wp\/v2\/posts\/588877","targetHints":{"allow":["GET"]}}],"collection":[{"href":"https:\/\/www.europesays.com\/fr\/wp-json\/wp\/v2\/posts"}],"about":[{"href":"https:\/\/www.europesays.com\/fr\/wp-json\/wp\/v2\/types\/post"}],"author":[{"embeddable":true,"href":"https:\/\/www.europesays.com\/fr\/wp-json\/wp\/v2\/users\/2"}],"replies":[{"embeddable":true,"href":"https:\/\/www.europesays.com\/fr\/wp-json\/wp\/v2\/comments?post=588877"}],"version-history":[{"count":0,"href":"https:\/\/www.europesays.com\/fr\/wp-json\/wp\/v2\/posts\/588877\/revisions"}],"wp:featuredmedia":[{"embeddable":true,"href":"https:\/\/www.europesays.com\/fr\/wp-json\/wp\/v2\/media\/588878"}],"wp:attachment":[{"href":"https:\/\/www.europesays.com\/fr\/wp-json\/wp\/v2\/media?parent=588877"}],"wp:term":[{"taxonomy":"category","embeddable":true,"href":"https:\/\/www.europesays.com\/fr\/wp-json\/wp\/v2\/categories?post=588877"},{"taxonomy":"post_tag","embeddable":true,"href":"https:\/\/www.europesays.com\/fr\/wp-json\/wp\/v2\/tags?post=588877"}],"curies":[{"name":"wp","href":"https:\/\/api.w.org\/{rel}","templated":true}]}}