{"id":588879,"date":"2025-12-09T16:19:41","date_gmt":"2025-12-09T16:19:41","guid":{"rendered":"https:\/\/www.europesays.com\/fr\/588879\/"},"modified":"2025-12-09T16:19:41","modified_gmt":"2025-12-09T16:19:41","slug":"les-lieux-feeriques-incontournables-a-visiter-en-famille-autour-de-lyon-pendant-les-fetes","status":"publish","type":"post","link":"https:\/\/www.europesays.com\/fr\/588879\/","title":{"rendered":"Les lieux f\u00e9\u00e9riques incontournables \u00e0 visiter en famille autour de Lyon pendant les F\u00eates"},"content":{"rendered":"<p>La p\u00e9riode est propice \u00e0 la f\u00e9\u00e9rie, et on a plusieurs lieux id\u00e9aux autour de Lyon pour mettre des \u00e9toiles dans les yeux de toute la famille! On vous propose donc une s\u00e9lection de 5 visites qui donnent envie de chansons de No\u00ebl avec des grelots \u00e0 l\u2019int\u00e9rieur -coucou Mariah!- pleines de magie, de lumi\u00e8res et de cr\u00e9atures attachantes. On va mettre des paillettes dans nos f\u00eates!<\/p>\n<p>Les Nuits du Parc \u00e0 Villars-les-Dombes<\/p>\n<p><img data-recalc-dims=\"1\" loading=\"lazy\" decoding=\"async\" class=\"alignnone size-large wp-image-23676\" src=\"https:\/\/www.europesays.com\/fr\/wp-content\/uploads\/2025\/12\/587720947_1260622409426687_4591892191847199403_n.jpg\" alt=\"\" width=\"1160\" height=\"625\"  \/><\/p>\n<p>Chez nos voisins de la Dombes, c\u2019est la 2\u00e8me \u00e9dition de cet<strong> \u00e9v\u00e8nement nocturne pendant lequel le fameux parc des oiseaux se m\u00e9tamorphose<\/strong>. Le vid\u00e9o mapping et les objets lumineux cr\u00e9ent, cette ann\u00e9e encore, une<strong> exp\u00e9rience immersive d\u00e8s la tomb\u00e9e de la nuit<\/strong>. Les retours ayant \u00e9t\u00e9 parfois mitig\u00e9s pour la premi\u00e8re \u00e9dition, on nous promet que la d\u00e9ambulation sera plus dense et plus spectaculaire. <a href=\"https:\/\/lyon.familycrunch.fr\/les-nuits-au-parc-des-oiseaux\/\" target=\"_blank\" rel=\"noopener\">On avait \u00e9t\u00e9 plut\u00f4t convaincus en 2024-2025<\/a> par les <strong>aventures amoureuses d\u2019un poisson et d\u2019un oiseau<\/strong> sur fond de mythe de Rom\u00e9o et Juliette, mais on comprend, vu le prix du billet d\u2019entr\u00e9e, qu\u2019il y ait une attente \u00e0 satisfaire, surtout pour une promenade d\u20191h15.<\/p>\n<p><img decoding=\"async\" class=\"emoji\" role=\"img\" src=\"https:\/\/s.w.org\/images\/core\/emoji\/14.0.0\/svg\/1f3e0.svg\" alt=\"?\"\/> D1083, 01330 Villars-les-Dombes<br \/>\ud83d\ude97 \u00e0 30 km de Lyon<br \/><img decoding=\"async\" class=\"emoji lazyloaded\" role=\"img\" src=\"https:\/\/s.w.org\/images\/core\/emoji\/14.0.0\/svg\/1f4b0.svg\" alt=\"?\" data-ll-status=\"loaded\"\/>19\u20ac pour les adultes, 14\u20ac pour les enfants (3-12 ans),\u00a060\u20ac pour le Forfait Famille (2 adultes + 2 enfants)<br \/><img decoding=\"async\" class=\"emoji\" role=\"img\" src=\"https:\/\/s.w.org\/images\/core\/emoji\/14.0.0\/svg\/23f0.svg\" alt=\"\u23f0\"\/> Jusqu\u2019au 28 f\u00e9vrier 2026. A partir de 17h30 ou 18h les vendredis, samedis et certains dimanches. Tous les jours pendant les vacances scolaires.<br \/>\ud83c\udf10 <a href=\"https:\/\/www.parcdesoiseaux.com\/evenements\/les-nuits-du-parc\/\" target=\"_blank\" rel=\"noopener\">R\u00e9servations et infos<\/a><\/p>\n<p>Le Hameau du P\u00e8re No\u00ebl au Grand Parc d\u2019Andilly<\/p>\n<p><img data-recalc-dims=\"1\" loading=\"lazy\" decoding=\"async\" class=\"size-full wp-image-23677 aligncenter\" src=\"https:\/\/www.europesays.com\/fr\/wp-content\/uploads\/2025\/12\/470945718_18370336420112141_518874934194447618_n.jpg\" alt=\"\" width=\"582\" height=\"369\"  \/><\/p>\n<p>Direction la Haute-Savoie pour d\u00e9couvrir<strong> l<\/strong><strong>e Grand Parc de No\u00ebl et le Hameau du P\u00e8re No\u00ebl<\/strong>. Disons-le tout de suite, c\u2019est le spot le plus lointain, il peut \u00eatre combin\u00e9 avec une petite vir\u00e9e \u00e0 Annecy par exemple. Si on visite le Parc et le Hameau, on peut sans probl\u00e8me passer 4 heures sur place, entre <strong>le carrousel, le petit train, les maisons d\u00e9cor\u00e9es, le labyrinthe suspendu et la patinoire<\/strong>\u2026 Et les plus petits seront \u00e9videmment ravis de <strong>rencontrer le P\u00e8re No\u00ebl<\/strong> (on peut m\u00eame lui laisser sa t\u00e9tine pour aider une association caritative et faire grandir notre enfant!), dans un <strong>d\u00e9cor incroyable<\/strong>. On a m\u00eame droit \u00e0 des<strong> contes de No\u00ebl<\/strong> sous le sapin g\u00e9ant. C\u2019est la Laponie au c\u0153ur du 74! Attention, beaucoup d\u2019affluence annonc\u00e9e sur les weekends avant le jour fatidique du 25 d\u00e9cembre\u2026<\/p>\n<p><img decoding=\"async\" class=\"emoji\" role=\"img\" src=\"https:\/\/s.w.org\/images\/core\/emoji\/14.0.0\/svg\/1f3e0.svg\" alt=\"?\"\/> 75, All\u00e9e des Alouettes, 74350 Saint-Blaise<br \/>\ud83d\ude97 \u00e0 150 km de Lyon<br \/><img decoding=\"async\" class=\"emoji lazyloaded\" role=\"img\" src=\"https:\/\/s.w.org\/images\/core\/emoji\/14.0.0\/svg\/1f4b0.svg\" alt=\"?\" data-ll-status=\"loaded\"\/>Billet combin\u00e9 \u00e0 34\u20ac pour les adultes, 24\u20ac pour les enfants de 3 \u00e0 12 ans<br \/><img decoding=\"async\" class=\"emoji\" role=\"img\" src=\"https:\/\/s.w.org\/images\/core\/emoji\/14.0.0\/svg\/23f0.svg\" alt=\"\u23f0\"\/> Tous les jours de 10h \u00e0 19h jusqu\u2019au 4 janvier<br \/>\ud83c\udf10 <a href=\"https:\/\/www.grandparc-andilly.com\/\" target=\"_blank\" rel=\"noopener\">R\u00e9servations et infos<\/a><\/p>\n<p><strong>Merry ChristWAAAs \u00e0 Walibi Rh\u00f4ne-Alpes<\/strong><\/p>\n<p><img data-recalc-dims=\"1\" loading=\"lazy\" decoding=\"async\" class=\"alignnone size-full wp-image-23678\" src=\"https:\/\/www.europesays.com\/fr\/wp-content\/uploads\/2025\/12\/Capture-decran-du-2025-11-25-23-43-11.png\" alt=\"\" width=\"983\" height=\"568\"  \/><\/p>\n<p>Notre parc chouchou a la bonne id\u00e9e de rouvrir ses portes aux visiteurs assoiff\u00e9es de<strong> magie, de rigolade et de sensations fortes<\/strong> pendant les f\u00eates: 2 semaines pas comme les autres o\u00f9 le parc rev\u00eat ses habits d\u2019hiver, s\u2019illumine et nous offre une exp\u00e9rience unique: <strong>pistes de luge, patinoire, spectacles sous chapiteau chauff\u00e9, animations de rue et activit\u00e9s pour les enfants<\/strong>. Et puis, rider le Mystic ou le Mahuka dans le froid hivernal, c\u2019est forc\u00e9ment m\u00e9morable! Comme d\u2019habitude, les \u00e9quipes du parc pr\u00e9f\u00e9r\u00e9 des Lyonnais mettent le paquet sur la d\u00e9co et l\u2019ambiance, et toute la famille en revient ravie, m\u00eame les moins casse-cous!<\/p>\n<p><img decoding=\"async\" class=\"emoji\" role=\"img\" src=\"https:\/\/s.w.org\/images\/core\/emoji\/14.0.0\/svg\/1f3e0.svg\" alt=\"?\"\/> 1380 Rte de la Corneille, 38630 Les Aveni\u00e8res Veyrins-Thuellin<br \/>\ud83d\ude97 \u00e0 70 km de Lyon<br \/><img decoding=\"async\" class=\"emoji lazyloaded\" role=\"img\" src=\"https:\/\/s.w.org\/images\/core\/emoji\/14.0.0\/svg\/1f4b0.svg\" alt=\"?\" data-ll-status=\"loaded\"\/> Entr\u00e9e \u00e0 29\u20ac, tarif unique d\u00e8s 1 m\u00e8tre<br \/><img decoding=\"async\" class=\"emoji\" role=\"img\" src=\"https:\/\/s.w.org\/images\/core\/emoji\/14.0.0\/svg\/23f0.svg\" alt=\"\u23f0\"\/> Du 20\/12 au 4\/01, sauf les 25\/12 et 1\/01, de 11h \u00e0 19h<br \/>\ud83c\udf10 <a href=\"https:\/\/www.walibi.fr\/fr\" target=\"_blank\" rel=\"noopener\">R\u00e9servations et infos<\/a><\/p>\n<p>Les Lumi\u00e8res Sauvages de Peaugres<\/p>\n<p><img data-recalc-dims=\"1\" loading=\"lazy\" decoding=\"async\" class=\"alignnone size-large wp-image-23680\" src=\"https:\/\/www.europesays.com\/fr\/wp-content\/uploads\/2025\/12\/festival-lumieres-sauvages-2025-20_33622121.jpg\" alt=\"\" width=\"1160\" height=\"653\"  \/><\/p>\n<p>Au Wow Safari de Peaugres, on peut rencontrer plein d\u2019animaux pendant la journ\u00e9e (\u00e0 pied ou en voiture), et en croiser d\u2019autres, moins mobiles mais plus scintillants, d\u00e8s la tomb\u00e9e de la nuit. Plus de<strong> 2000 sculptures lumineuses<\/strong> r\u00e9alis\u00e9es enti\u00e8rement \u00e0 la main selon une tradition ancestrale chinoise, illuminent les all\u00e9es du parc et colorent <strong>un parcours \u00e0 pied de 2,5 km, totalement envoutant.<\/strong> Des ambiances de fonds marins, des cr\u00e9atures exotiques ou sorties tout droit des l\u00e9gendes du D\u00eda de los Muertos peuplent ce monde magique pendant tout l\u2019hiver\u2026 Cette ann\u00e9e, pour la 5\u00e8me \u00e9dition, un <strong>spectacle sons et lumi\u00e8res sur l\u2019histoire du parc<\/strong> sera m\u00eame projet\u00e9 au ch\u00e2teau. <a href=\"https:\/\/lyon.familycrunch.fr\/on-a-teste-le-festival-des-lumieres-sauvages-a-peaugres\/\" target=\"_blank\" rel=\"noopener\">On avait test\u00e9 ce festival pour vous il y a deux ans<\/a>, et on peut le dire: une soir\u00e9e enchanteresse attend toute la famille \u00e0 Peaugres, n\u2019en doutez pas.<\/p>\n<p><img decoding=\"async\" class=\"emoji\" role=\"img\" src=\"https:\/\/s.w.org\/images\/core\/emoji\/14.0.0\/svg\/1f3e0.svg\" alt=\"?\"\/> D821, 07340 Peaugres<br \/>\ud83d\ude97 \u00e0 70 km de Lyon<br \/><img decoding=\"async\" class=\"emoji lazyloaded\" role=\"img\" src=\"https:\/\/s.w.org\/images\/core\/emoji\/14.0.0\/svg\/1f4b0.svg\" alt=\"?\" data-ll-status=\"loaded\"\/> Billet combin\u00e9 parcs animaliers+festival \u00e0 29,90\u20ac, et 24,50\u20ac pour les moins de 10 ans. Pack Tribu \u00e0 108,80\u20ac (2 adultes + 3 enfants)<br \/><img decoding=\"async\" class=\"emoji\" role=\"img\" src=\"https:\/\/s.w.org\/images\/core\/emoji\/14.0.0\/svg\/23f0.svg\" alt=\"\u23f0\"\/> Jusqu\u2019au 29\/03.\u00a0Ouvert les vendredis, samedis et dimanches, certains mercredis et tous les jours pendant les vacances scolaires. Ouverture du festival\u00a0Lumi\u00e8res Sauvages en fin de journ\u00e9e.<br \/>\ud83c\udf10 <a href=\"https:\/\/www.safari-peaugres.com\/\" target=\"_blank\" rel=\"noopener\">R\u00e9servations et infos<\/a><\/p>\n<p>Le Village des ours de Craponne<\/p>\n<p><img data-recalc-dims=\"1\" loading=\"lazy\" decoding=\"async\" class=\"alignnone size-large wp-image-23693\" src=\"https:\/\/www.europesays.com\/fr\/wp-content\/uploads\/2025\/12\/csm_IMG_2551_3c3bc9dbbc.jpg\" alt=\"\" width=\"1160\" height=\"773\"  \/><\/p>\n<p>Un petit village reconstitu\u00e9 accueille <strong>200 ours en peluche<\/strong> de toutes les tailles: trop mimi! Cet \u00e9v\u00e9nement associatif de l\u2019ouest lyonnais ravira forc\u00e9ment les plus petits, avec ses trains miniatures, son man\u00e8ge, ses petites cabanes en bois et automates. <strong>Cet adorable univers est \u00e0 voir gratuitement dans le Passage de la Mairie jusqu\u2019au 4 janvier!<\/strong><\/p>\n<p><img decoding=\"async\" class=\"emoji\" role=\"img\" src=\"https:\/\/s.w.org\/images\/core\/emoji\/14.0.0\/svg\/1f3e0.svg\" alt=\"?\"\/> Place Charles de Gaulle, 69290 Craponne<br \/>\ud83d\ude97 \u00e0 10 km de Lyon<br \/>\ud83d\ude8c Bus TCL C22 ou C24 (Craponne-Centre)<br \/><img decoding=\"async\" class=\"emoji\" role=\"img\" src=\"https:\/\/s.w.org\/images\/core\/emoji\/14.0.0\/svg\/23f0.svg\" alt=\"\u23f0\"\/> En semaine: de 18h \u00e0 20h, le week-end: de 10h \u00e0 21h<br \/>\ud83c\udf10 <a href=\"https:\/\/www.facebook.com\/levillagedesours\/\" target=\"_blank\" rel=\"noopener\">Page Facebook de l\u2019animation<\/a><\/p>\n<p>Les F\u00e9\u00e9ries Nocturnes du Bois des Lutins<\/p>\n<p><img data-recalc-dims=\"1\" loading=\"lazy\" decoding=\"async\" class=\"alignnone size-full wp-image-23679\" src=\"https:\/\/www.europesays.com\/fr\/wp-content\/uploads\/2025\/12\/33550662_apidae-main.jpg\" alt=\"\" width=\"1160\" height=\"550\"  \/><\/p>\n<p>On connait et on aime le Bois des Lutins \u00e0 la \u00ab\u00a0belle saison\u00a0\u00bb. Mais cet hiver, jusqu\u2019\u00e0 la fin des vacances de No\u00ebl, cette valeur sure du loisir enfant inaugure un parcours f\u00e9\u00e9rique et immersif qui m\u00eale <strong>th\u00e9\u00e2tre, musique, danse et feu<\/strong>, un ballet des f\u00e9es et une parade du peuple de la for\u00eat. Et pour que les petits visiteurs bougent et ne prennent pas froid, <strong>une patinoire en plein air<\/strong>, des toboggans et cabanes illumin\u00e9es leur tendent les bras. Pendant ce temps, les grands se r\u00e9chaufferont avec les bons plats hivernaux servis \u00e0 l\u2019espace de restauration! Bienvenue dans <strong>la for\u00eat la plus magique de la r\u00e9gion lyonnaise<\/strong>! <a href=\"https:\/\/lyon.familycrunch.fr\/les-feeries-nocturnes-du-bois-des-lutins-la-sortie-magique-a-ne-pas-rater-cet-hiver-pres-de-lyon\/\" target=\"_blank\" rel=\"noopener\">On vous parle plus en d\u00e9tails de ce must de l\u2019hiver ici<\/a>.<\/p>\n<p><img decoding=\"async\" class=\"emoji\" role=\"img\" src=\"https:\/\/s.w.org\/images\/core\/emoji\/14.0.0\/svg\/1f3e0.svg\" alt=\"?\"\/> La Combe du Loup, 38790 Diemoz<br \/>\ud83d\ude97 \u00e0 35 km de Lyon<br \/><img decoding=\"async\" class=\"emoji lazyloaded\" role=\"img\" src=\"https:\/\/s.w.org\/images\/core\/emoji\/14.0.0\/svg\/1f4b0.svg\" alt=\"?\" data-ll-status=\"loaded\"\/> \u00c0 partir de 19,90 \u20ac pour les enfants et 24 \u20ac pour les adultes en pr\u00e9vente<br \/><img decoding=\"async\" class=\"emoji\" role=\"img\" src=\"https:\/\/s.w.org\/images\/core\/emoji\/14.0.0\/svg\/23f0.svg\" alt=\"\u23f0\"\/> De 17h \u00e0 23h. Jusqu\u2019au 20 d\u00e9cembre: les vendredis et samedis. Puis du 21 d\u00e9cembre au 3 janvier: tous les jours, sauf le 24\/12.<br \/>\ud83c\udf10 <a href=\"https:\/\/lyon-est-diemoz.leboisdeslutins.com\/\" target=\"_blank\" rel=\"noopener\">R\u00e9servations et infos<\/a><\/p>\n<p>Mais aussi, \u00e0 Lyon!<\/p>\n<p>Vous allez vous dire qu\u2019\u00e0 Lyon, on est donc \u00e9trangers \u00e0 toute forme de magie de No\u00ebl et de f\u00e9\u00e9rie? Pas du tout, car nos <strong>deux grands march\u00e9s de No\u00ebl<\/strong>, \u00e0 <a href=\"https:\/\/marche-noel-lyon.com\/\" target=\"_blank\" rel=\"noopener\">Lyon (Place Carnot, Perrache)<\/a> et <a href=\"https:\/\/viva.villeurbanne.fr\/l-essentiel\/evenement\/noel-a-villeurbanne-marche-artisanal-et-animations-gratuites\" target=\"_blank\" rel=\"noopener\">Villeurbanne (Gratte-Ciel)<\/a> d\u00e9corent et illuminent les espaces qu\u2019ils investissent pour nous en mettre plein les mirettes. Et en plus, <strong>plein d\u2019animations pour les enfants<\/strong> sont propos\u00e9es gratuitement: fanfares, ateliers maquillage, rencontre avec le P\u00e8re No\u00ebl\u2026<\/p>\n<p>Enfin, pour reprendre une dose de F\u00eate des Lumi\u00e8res au c\u0153ur des vacances, direction <strong>la colline de Fourvi\u00e8re<\/strong> pour le <strong>spectacle gratuit <a href=\"https:\/\/www.fourviere.org\/fr\/evenement\/son-et-lumiere-fourviere-en-voix\/\" target=\"_blank\" rel=\"noopener\">La R\u00e9gion des Lumi\u00e8res<\/a> sur la fa\u00e7ade la Basilique<\/strong>. Du 26 au 31 d\u00e9cembre de 18h45 \u00e0 21h45, session de rattrapage avec un show de 17 minutes qui s\u2019annonce magnifique. Voila de quoi rajouter une petite dose d\u2019\u00e9blouissement aux f\u00eates de fin d\u2019ann\u00e9e!<\/p>\n<p><img data-recalc-dims=\"1\" loading=\"lazy\" decoding=\"async\" class=\"alignnone size-large wp-image-23683\" src=\"https:\/\/www.europesays.com\/fr\/wp-content\/uploads\/2025\/12\/Fourviere-illumination-2024-Basilique-Notre-Dame-pour-La-Region-des-Lumieres-Scenographe-Allumeurs-d.jpeg\" alt=\"\" width=\"1160\" height=\"1160\"  \/><\/p>\n","protected":false},"excerpt":{"rendered":"La p\u00e9riode est propice \u00e0 la f\u00e9\u00e9rie, et on a plusieurs lieux id\u00e9aux autour de Lyon pour mettre&hellip;\n","protected":false},"author":2,"featured_media":588880,"comment_status":"","ping_status":"","sticky":false,"template":"","format":"standard","meta":{"footnotes":""},"categories":[1889],"tags":[1111,11,2430,1777,674,1011,27,2428,12,25],"class_list":{"0":"post-588879","1":"post","2":"type-post","3":"status-publish","4":"format-standard","5":"has-post-thumbnail","7":"category-lyon","8":"tag-actu","9":"tag-actualites","10":"tag-auvergne-rhone-alpes","11":"tag-eu","12":"tag-europe","13":"tag-fr","14":"tag-france","15":"tag-lyon","16":"tag-news","17":"tag-republique-francaise"},"share_on_mastodon":{"url":"https:\/\/pubeurope.com\/@fr\/115690524788270869","error":""},"_links":{"self":[{"href":"https:\/\/www.europesays.com\/fr\/wp-json\/wp\/v2\/posts\/588879","targetHints":{"allow":["GET"]}}],"collection":[{"href":"https:\/\/www.europesays.com\/fr\/wp-json\/wp\/v2\/posts"}],"about":[{"href":"https:\/\/www.europesays.com\/fr\/wp-json\/wp\/v2\/types\/post"}],"author":[{"embeddable":true,"href":"https:\/\/www.europesays.com\/fr\/wp-json\/wp\/v2\/users\/2"}],"replies":[{"embeddable":true,"href":"https:\/\/www.europesays.com\/fr\/wp-json\/wp\/v2\/comments?post=588879"}],"version-history":[{"count":0,"href":"https:\/\/www.europesays.com\/fr\/wp-json\/wp\/v2\/posts\/588879\/revisions"}],"wp:featuredmedia":[{"embeddable":true,"href":"https:\/\/www.europesays.com\/fr\/wp-json\/wp\/v2\/media\/588880"}],"wp:attachment":[{"href":"https:\/\/www.europesays.com\/fr\/wp-json\/wp\/v2\/media?parent=588879"}],"wp:term":[{"taxonomy":"category","embeddable":true,"href":"https:\/\/www.europesays.com\/fr\/wp-json\/wp\/v2\/categories?post=588879"},{"taxonomy":"post_tag","embeddable":true,"href":"https:\/\/www.europesays.com\/fr\/wp-json\/wp\/v2\/tags?post=588879"}],"curies":[{"name":"wp","href":"https:\/\/api.w.org\/{rel}","templated":true}]}}