{"id":588881,"date":"2025-12-09T16:21:54","date_gmt":"2025-12-09T16:21:54","guid":{"rendered":"https:\/\/www.europesays.com\/fr\/588881\/"},"modified":"2025-12-09T16:21:54","modified_gmt":"2025-12-09T16:21:54","slug":"fete-des-lumieres-a-lyon-au-milieu-des-ruines-jean-michel-aulas-marche-sur-leau","status":"publish","type":"post","link":"https:\/\/www.europesays.com\/fr\/588881\/","title":{"rendered":"F\u00eate des Lumi\u00e8res \u00e0 Lyon. Au milieu des ruines, Jean-Michel Aulas marche sur l\u2019eau &#8211;"},"content":{"rendered":"<p>\t\t\t\t<img loading=\"lazy\" decoding=\"async\" width=\"900\" height=\"598\" src=\"data:image\/svg+xml,%3Csvg%20xmlns=\" http:=\"\" alt=\"\" title=\"01 aulaslyonpeople 014-1\" data-lazy- data-lazy- class=\"wp-image-167740\" data-lazy-src=\"https:\/\/www.europesays.com\/fr\/wp-content\/uploads\/2025\/12\/01-aulaslyonpeople-014-1.jpg\"\/><\/p>\n<p>Bain des foule non-stop pour JMA qui veut une F\u00eate des Lumi\u00e8res \u00ab plus artistique et avec plus d\u2019\u00e9motions \u00bb &#8211; Photos \u00a9 Lyon People<\/p>\n<p><strong>Texte\u00a0: Morgan Couturier \u2013<\/strong> Le pr\u00e9sident-candidat a choisi la symbolique du 8 d\u00e9cembre pour d\u00e9ambuler entre les installations de la F\u00eate des Lumi\u00e8res. D\u00e9\u00e7u comme beaucoup par le contenu de cette derni\u00e8re, Jean-Michel Aulas souhaiterait revenir \u00e0 des standards plus \u00e9lev\u00e9s.<\/p>\n<p>Les moins au fait de la politique locale se sont fait pi\u00e9ger. \u00ab\u00a0C\u2019est le maire de Lyon\u00a0?\u00a0\u00bb, questionn\u00e8rent alors certains, interloqu\u00e9s par l\u2019attroupement autour de <strong>Jean-Michel Aulas<\/strong>, alpagu\u00e9 de toutes parts. Pourtant, si sa victoire est attendue et grandement esp\u00e9r\u00e9e, l\u2019ancien pr\u00e9sident de l\u2019OL n\u2019est que \u00ab\u00a0candidat pour l\u2019instant\u00a0\u00bb, aima-t-il r\u00e9pondre.<\/p>\n<p><img loading=\"lazy\" decoding=\"async\" class=\"alignnone size-full wp-image-167744\" src=\"data:image\/svg+xml,%3Csvg%20xmlns=\" http:=\"\" alt=\"\" width=\"900\" height=\"675\" data-lazy- data-lazy- data-lazy-src=\"https:\/\/www.europesays.com\/fr\/wp-content\/uploads\/2025\/12\/Aulas-8-decembre-1.jpg\"\/><\/p>\n<p>En d\u00e9pit des sondages \u2013 dont celui de Lyon Mag \u2013 le donnant largement favori, l\u2019instigateur du mouvement \u00ab\u00a0C\u0153ur Lyonnais\u00a0\u00bb, le sait\u00a0: la partie est encore loin d\u2019\u00eatre gagn\u00e9e. Alors en ce 8 d\u00e9cembre, ce dernier opta pour un bain de foule aux c\u00f4t\u00e9s d\u2019une \u00ab\u00a0\u00e9quipe fantastique qui s\u2019agrandit de jour en jour\u00a0\u00bb.<\/p>\n<p><strong>Un lancement le 8 d\u00e9cembre\u00a0?<\/strong><\/p>\n<p>Accompagn\u00e9 de ses fid\u00e8les compagnons, <strong>Pierre Oliver<\/strong>, <strong>Florence Verney-Carron<\/strong>, <strong>Emmanuel Hamelin<\/strong>, <strong>\u00c9douard Hoffmann<\/strong>,\u00a0<strong>Samuel Soulier<\/strong> ou <strong>Pauline Grosjean<\/strong>, le candidat put prendre le pouls des Lyonnais, \u00e9couter \u00ab\u00a0un certain nombre d\u2019id\u00e9es\u00a0\u00bb, retenir les bonnes et \u00e9carter les mauvaises. Parmi elles\u00a0: une F\u00eate des Lumi\u00e8res exempte de pol\u00e9miques qui ternissent l\u2019image de Lyon.<\/p>\n<p><img loading=\"lazy\" decoding=\"async\" class=\"alignnone size-full wp-image-167746\" src=\"data:image\/svg+xml,%3Csvg%20xmlns=\" http:=\"\" alt=\"\" width=\"900\" height=\"599\" data-lazy- data-lazy- data-lazy-src=\"https:\/\/www.europesays.com\/fr\/wp-content\/uploads\/2025\/12\/05-Edouard-Hoffmann-Aulas.jpg\"\/><\/p>\n<p>\u00ab\u00a0L\u00e0, le 8 d\u00e9cembre arrive un peu en fin de course. \u00c7a peut \u00eatre le lancement d\u2019une f\u00eate plus symbolique\u00a0\u00bb, glissa-t-il, avouant toutefois qu\u2019une telle organisation m\u00e9riterait plus de r\u00e9flexion. \u00ab\u00a0Est-ce qu\u2019il faut \u00e9tirer un peu plus la f\u00eate\u00a0? \u00c0 voir, mais cela donnerait plus de valeur symbolique \u00e0 la f\u00eate du 8 d\u00e9cembre\u00a0\u00bb, pr\u00e9cisa l\u2019adversaire de <strong>Gr\u00e9gory Doucet<\/strong>.<\/p>\n<p><strong>\u00c9tendre la f\u00eate des Lumi\u00e8res \u00e0 tous les arrondissements\u00a0<\/strong><\/p>\n<p>Une chose est s\u00fbre, Jean-Michel Aulas se veut le garant du 8 d\u00e9cembre de notre enfance. \u00c0 l\u2019oppos\u00e9 du maire \u00e9cologiste et de ses \u0153uvres politiques tr\u00e8s pol\u00e9miques, le fondateur de Cegid a ainsi assur\u00e9 vouloir revenir \u00e0 quelque chose de plus artistique, \u00ab\u00a0avec plus d\u2019\u00e9motions et avec des gens plus sp\u00e9cialis\u00e9s\u00a0\u00bb.<\/p>\n<p><img loading=\"lazy\" decoding=\"async\" class=\"alignnone size-full wp-image-167742\" src=\"data:image\/svg+xml,%3Csvg%20xmlns=\" http:=\"\" alt=\"\" width=\"900\" height=\"604\" data-lazy- data-lazy- data-lazy-src=\"https:\/\/www.europesays.com\/fr\/wp-content\/uploads\/2025\/12\/07-Aaulas-lyon-people.jpg\"\/><\/p>\n<p>\u00ab\u00a0On a vraiment envie d\u2019un futur \u00e0 base de culture et l\u00e0, on se sent un peu frustr\u00e9. Il y a des choses moins artistiques que ce qu\u2019on aurait souhait\u00e9\u00a0\u00bb, a-t-il \u00e9voqu\u00e9 avec beaucoup de diplomatie, sugg\u00e9rant \u00e9galement d\u2019ouvrir l\u2019\u00e9v\u00e9nement \u00e0 tous les arrondissements. \u00ab\u00a0\u00c7a permettrait de mieux le r\u00e9partir\u00a0\u00bb, ajouta-t-il, avant de s\u2019adonner au jeu des selfies et des \u00e9changes avec les commer\u00e7ants.<\/p>\n<p><strong>En soutien \u00e0 la police municipale<\/strong><\/p>\n<p>Sur sa route, l\u2019ancien pr\u00e9sident de l\u2019OL en profita \u00e9galement pour glisser un mot aux policiers insult\u00e9s avec des messages haineux par le mouvement \u00e9cologiste \u00ab\u00a0les soul\u00e8vements de la terre\u00a0\u00bb. L\u2019occasion de placer une pique discr\u00e8te \u00e0 quelques \u00e9lus de verts, \u00e0 commencer par <strong>Samuel Mecklenburg<\/strong>, adjoint \u00e0 la\u2026 Culture \u00e0 la mairie du 4eme arrondissement.<\/p>\n<p><img loading=\"lazy\" decoding=\"async\" aria-describedby=\"caption-attachment-167743\" class=\"wp-image-167743 size-full\" src=\"data:image\/svg+xml,%3Csvg%20xmlns=\" http:=\"\" alt=\"\" width=\"900\" height=\"598\" data-lazy- data-lazy- data-lazy-src=\"https:\/\/www.europesays.com\/fr\/wp-content\/uploads\/2025\/12\/09-JM-Aulas-lyonpeople-police-municopale-1.jpg\"\/><\/p>\n<p id=\"caption-attachment-167743\" class=\"wp-caption-text\">\u00c9change informel avec les policiers municipaux sous les fen\u00eatres de Gr\u00e9gory Doucet<\/p>\n<p>Sur Instagram, ce dernier s\u2019est f\u00e9licit\u00e9 d\u2019une \u00ab\u00a0effraction lumineuse qui impose une v\u00e9rit\u00e9 crue\u00a0\u00bb. \u00ab\u00a0Ces messages interrogent sur le foss\u00e9 b\u00e9ant entre une police municipale garante du soin de proximit\u00e9 et une police nationale dont la doctrine l\u2019enferme dans une violence syst\u00e9mique scientifiquement av\u00e9r\u00e9e\u00a0\u00bb.<\/p>\n<p>Tout l\u2019inverse de Jean-Michel Aulas, qui a pr\u00e9f\u00e9r\u00e9 tendre la main aux hommes en bleu\u00a0: \u00ab\u00a0Heureusement que vous \u00eates l\u00e0. Avec moi, vous serez d\u00e9fendus\u00a0\u00bb\u00a0!<\/p>\n","protected":false},"excerpt":{"rendered":"Bain des foule non-stop pour JMA qui veut une F\u00eate des Lumi\u00e8res \u00ab plus artistique et avec plus&hellip;\n","protected":false},"author":2,"featured_media":588882,"comment_status":"","ping_status":"","sticky":false,"template":"","format":"standard","meta":{"footnotes":""},"categories":[1889],"tags":[4257,1111,11,2430,1777,674,70226,1011,27,2428,12,25],"class_list":{"0":"post-588881","1":"post","2":"type-post","3":"status-publish","4":"format-standard","5":"has-post-thumbnail","7":"category-lyon","8":"tag-0top","9":"tag-actu","10":"tag-actualites","11":"tag-auvergne-rhone-alpes","12":"tag-eu","13":"tag-europe","14":"tag-fete-des-lumieres-2025","15":"tag-fr","16":"tag-france","17":"tag-lyon","18":"tag-news","19":"tag-republique-francaise"},"share_on_mastodon":{"url":"https:\/\/pubeurope.com\/@fr\/115690533229291855","error":""},"_links":{"self":[{"href":"https:\/\/www.europesays.com\/fr\/wp-json\/wp\/v2\/posts\/588881","targetHints":{"allow":["GET"]}}],"collection":[{"href":"https:\/\/www.europesays.com\/fr\/wp-json\/wp\/v2\/posts"}],"about":[{"href":"https:\/\/www.europesays.com\/fr\/wp-json\/wp\/v2\/types\/post"}],"author":[{"embeddable":true,"href":"https:\/\/www.europesays.com\/fr\/wp-json\/wp\/v2\/users\/2"}],"replies":[{"embeddable":true,"href":"https:\/\/www.europesays.com\/fr\/wp-json\/wp\/v2\/comments?post=588881"}],"version-history":[{"count":0,"href":"https:\/\/www.europesays.com\/fr\/wp-json\/wp\/v2\/posts\/588881\/revisions"}],"wp:featuredmedia":[{"embeddable":true,"href":"https:\/\/www.europesays.com\/fr\/wp-json\/wp\/v2\/media\/588882"}],"wp:attachment":[{"href":"https:\/\/www.europesays.com\/fr\/wp-json\/wp\/v2\/media?parent=588881"}],"wp:term":[{"taxonomy":"category","embeddable":true,"href":"https:\/\/www.europesays.com\/fr\/wp-json\/wp\/v2\/categories?post=588881"},{"taxonomy":"post_tag","embeddable":true,"href":"https:\/\/www.europesays.com\/fr\/wp-json\/wp\/v2\/tags?post=588881"}],"curies":[{"name":"wp","href":"https:\/\/api.w.org\/{rel}","templated":true}]}}