{"id":588885,"date":"2025-12-09T16:25:21","date_gmt":"2025-12-09T16:25:21","guid":{"rendered":"https:\/\/www.europesays.com\/fr\/588885\/"},"modified":"2025-12-09T16:25:21","modified_gmt":"2025-12-09T16:25:21","slug":"des-faits-gravissimes-une-educatrice-filmee-en-train-de-tondre-un-enfant-de-8-ans-dans-un-foyer-a-paris","status":"publish","type":"post","link":"https:\/\/www.europesays.com\/fr\/588885\/","title":{"rendered":"\u00ab\u00a0Des faits gravissimes\u00a0\u00bb : une \u00e9ducatrice film\u00e9e en train de tondre un enfant de 8 ans dans un foyer \u00e0 Paris"},"content":{"rendered":"<ul class=\"jsx-862013697 ArticleChapo__List\">\n<li class=\"jsx-862013697 ArticleChapo__List_Item flex\">En f\u00e9vrier dernier, un gar\u00e7on de 8 ans plac\u00e9 dans un foyer associatif du 13e arrondissement a \u00e9t\u00e9 ras\u00e9 par une \u00e9ducatrice devant plusieurs personnes.<\/li>\n<li class=\"jsx-862013697 ArticleChapo__List_Item flex\">La sc\u00e8ne a \u00e9t\u00e9 film\u00e9e et diffus\u00e9e dans un groupe WhatsApp des \u00e9ducateurs,<\/li>\n<li class=\"jsx-862013697 ArticleChapo__List_Item flex\">La ville de Paris annonce saisir la justice.<\/li>\n<\/ul>\n<p data-module=\"article-paragraph\" class=\"jsx-3046738180 Paragraph\">Le clich\u00e9 montrant ce petit gar\u00e7on, torse nu, entrela\u00e7ant ses propres \u00e9paules comme pour se prot\u00e9ger, assis sur une chaise, les mains d&rsquo;un adulte tenant une tondeuse sur sa t\u00eate et le cr\u00e2ne \u00e0 moiti\u00e9 ras\u00e9, fait froid dans le dos quand on conna\u00eet le contexte dans lequel il a \u00e9t\u00e9 pris.\u00a0<\/p>\n<p data-module=\"article-paragraph\" class=\"jsx-3046738180 Paragraph Paragraph__End\">Cette image est extraite d&rsquo;une vid\u00e9o tourn\u00e9e en f\u00e9vrier 2025 dans le foyer associatif Jenner, situ\u00e9 rue Jenner, dans le 13e\u00a0arrondissement de Paris qui accueille des enfants plac\u00e9s par l&rsquo;Aide sociale \u00e0 l&rsquo;enfance. Le petit gar\u00e7on \u00e0 qui l&rsquo;on vient de tondre partiellement la t\u00eate a \u00e9t\u00e9 surnomm\u00e9 Elliott. Il a 8 ans. Sa \u00ab\u00a0coiffeuse d&rsquo;un jour\u00a0\u00bb, est l&rsquo;une de ses \u00e9ducatrices, qui n&rsquo;a pas voulu, semble-t-il, lui faire une nouvelle coupe mais plut\u00f4t l&rsquo;humilier devant public, a appris TF1info de la Ville de Paris, confirmant une information de <a href=\"https:\/\/www.franceinfo.fr\/societe\/enfance-et-adolescence\/info-franceinfo-c-est-une-sanction-des-educateurs-rasent-les-cheveux-d-un-enfant-place-dans-un-foyer-a-paris-et-le-filment_7666297.html\" target=\"_blank\" rel=\"nofollow noopener\">Franceinfo.\u00a0 (nouvelle fen\u00eatre)<\/a><\/p>\n<p>Une \u00ab\u00a0sanction\u00a0\u00bb \u00e0 l&rsquo;encontre de l&rsquo;enfant<\/p>\n<p data-module=\"article-paragraph\" class=\"jsx-3046738180 Paragraph\">Selon nos confr\u00e8res, les images sont tout aussi terribles que la bande-son qui les accompagne. Ainsi, l&rsquo;\u00e9ducateur qui filme la sc\u00e8ne l\u00e2che au petit gar\u00e7on cette remarque cinglante \u00ab\u00a0On va t\u2019appeler double-face\u00a0\u00bb tandis qu&rsquo;un enfant qui assiste \u00e0 la sc\u00e8ne estime qu'\u00a0\u00bbon dirait Aladin !\u00a0\u00bb. \u00ab\u00a0\u00c7a fait grave styl\u00e9\u00a0\u00bb, consid\u00e8re encore l&rsquo;\u00e9ducatrice qui tient la tondeuse. Dans une deuxi\u00e8me vid\u00e9o, Elliott, plac\u00e9 dans ce foyer, appara\u00eet cette fois enti\u00e8rement ras\u00e9.\u00a0<\/p>\n<p data-module=\"article-paragraph\" class=\"jsx-3046738180 Paragraph\">L&rsquo;humiliation ne s&rsquo;est pas arr\u00eat\u00e9e l\u00e0. Les images ont ensuite \u00e9t\u00e9 diffus\u00e9es dans un groupe WhatsApp des \u00e9ducateurs du foyer, suscitant des interrogations chez quelques-uns et des moqueries r\u00e9p\u00e9t\u00e9es d&rsquo;autres \u00e0 l&rsquo;\u00e9gard de l&rsquo;enfant.\u00a0<\/p>\n<p data-module=\"article-paragraph\" class=\"jsx-3046738180 Paragraph\">Selon Franceinfo, la lecture des messages permet en effet de comprendre \u00ab\u00a0que ce n\u2019est pas Elliott qui a demand\u00e9 \u00e0 avoir la t\u00eate ras\u00e9e, que personne \u2013 parents du gar\u00e7on ou responsables du foyer \u2013 n\u2019a donn\u00e9 son accord et que cette tonte est pr\u00e9sent\u00e9e comme une sanction \u00e0 l\u2019encontre de l\u2019enfant\u00a0\u00bb. Et selon des t\u00e9moignages recueillis par nos confr\u00e8res, Elliott\u00a0\u00bbpaye tout simplement le mal-\u00eatre de certains \u00e9ducateurs\u00a0\u00bb.\u00a0<\/p>\n<p data-module=\"article-paragraph\" class=\"jsx-3046738180 Paragraph Paragraph__End\">\u00ab\u00a0D\u2019autres \u00e9ducatrices demandent \u00e0 leurs coll\u00e8gues de pr\u00e9voir un bonnet pour Eliott pour le lendemain, quand il ira \u00e0 l\u2019\u00e9cole\u00a0\u00bb, assure aussi Franceinfo, pr\u00e9cisant que ce bonnet, le gar\u00e7onnet ne le quittera pas pendant plusieurs mois. Malgr\u00e9 l&rsquo;accessoire, le petit gar\u00e7on aurait \u00e9t\u00e9 ensuite moqu\u00e9 et frapp\u00e9 par des camarades, selon nos confr\u00e8res.\u00a0<\/p>\n<p>Des mensonges racont\u00e9s \u00e0 la m\u00e8re du gar\u00e7on<\/p>\n<p data-module=\"article-paragraph\" class=\"jsx-3046738180 Paragraph\">La m\u00e8re du petit Elliott a d\u00e9couvert la t\u00eate de son petit gar\u00e7on lorsqu&rsquo;elle est venue lui rendre visite. On lui aurait d&rsquo;abord dit que le coiffeur avait rat\u00e9 sa coupe et avait voulu rattraper le coup. D&rsquo;autres auraient affirm\u00e9 qu&rsquo;Elliott avait des poux, que les salons de coiffure avaient refus\u00e9 de lui couper les cheveux, et qu&rsquo;il avait donc fallu lui tondre les cheveux au foyer&#8230;<\/p>\n<p data-module=\"article-paragraph\" class=\"jsx-3046738180 Paragraph Paragraph__End\">La m\u00e8re de famille n&rsquo;a appris la r\u00e9alit\u00e9 des faits que bien plus tard, en d\u00e9couvrant les vid\u00e9os qui avaient circul\u00e9 sur WhatsApp. Son avocat, Me Axel Delaunay-Belleville, a contact\u00e9 la juge des enfants pour signaler des faits. Celle-ci n&rsquo;a pas donn\u00e9 suite.\u00a0<\/p>\n<p><a href=\"https:\/\/www.tf1info.fr\/justice-faits-divers\/un-enfant-de-6-ans-frappe-par-sa-mere-devant-temoins-dans-le-tgv-lille-nimes-pour-avoir-renverse-une-canette-2411477.html\" rel=\"noopener\" class=\"jsx-3308031228 Link flex\" target=\"_blank\"><img decoding=\"async\" src=\"https:\/\/www.europesays.com\/fr\/wp-content\/uploads\/2025\/08\/transports-tgv-sncf-2020-27aacd-0@1x.jpeg\" alt=\"AFP\" loading=\"lazy\" importance=\"low\" fetchpriority=\"low\" class=\"\" aria-hidden=\"true\"\/><\/p>\n<p class=\"jsx-3657663356 ReadMoreArticle__Title\">Lire aussi<\/p>\n<p class=\"jsx-3657663356\">Enfant frapp\u00e9 dans un TGV : la m\u00e8re devra effectuer \u00ab\u00a0un stage de responsabilit\u00e9 parentale\u00a0\u00bb<\/p>\n<p><\/a>\u00ab\u00a0Des fins \u00e9videntes d&rsquo;humiliation\u00a0\u00bb<\/p>\n<p data-module=\"article-paragraph\" class=\"jsx-3046738180 Paragraph\">Contact\u00e9e ce mardi par TF1info, la maire de Paris a d\u00e9nonc\u00e9 ces \u00ab\u00a0faits gravissimes qui se sont d\u00e9roul\u00e9s au foyer associatif Jenner, g\u00e9r\u00e9 par l&rsquo;association Jean-Coxtet\u00a0\u00bb.\u00a0<\/p>\n<p data-module=\"article-paragraph\" class=\"jsx-3046738180 Paragraph\">\u00ab\u00a0Il appara\u00eet que des salari\u00e9s ont d\u00e9cid\u00e9 de raser la t\u00eate d&rsquo;un enfant plac\u00e9 sous leur responsabilit\u00e9 et de filmer la sc\u00e8ne \u00e0 des fins \u00e9videntes d&rsquo;humiliations. Aucune des justifications avanc\u00e9es &#8211; qu&rsquo;il s&rsquo;agisse du pr\u00e9tendu accord de l&rsquo;enfant, de l&rsquo;\u00e9ventuelle autorisation de sa m\u00e8re, ou encore des tentatives, en tout \u00e9tat de cause non v\u00e9rifi\u00e9es, de se d\u00e9barrasser de poux &#8211; ne saurait l\u00e9gitimer la violence qui lui a \u00e9t\u00e9 inflig\u00e9e\u00a0\u00bb, s&rsquo;indigne Anne Hidalgo.\u00a0<\/p>\n<p data-module=\"article-paragraph\" class=\"jsx-3046738180 Paragraph\">\u00a0<\/p>\n<p data-module=\"article-paragraph\" class=\"jsx-3046738180 Paragraph\">La Ville de Paris a d\u00e9cid\u00e9 de saisir l&rsquo;autorit\u00e9 judiciaire afin que des suites soient donn\u00e9es. Elle annonce qu&rsquo;elle se constituera \u00e9galement partie civile le cas \u00e9ch\u00e9ant.\u00a0Elle a aussi diligent\u00e9 des investigations administratives.\u00a0\u00ab\u00a0Une attention particuli\u00e8re a \u00e9t\u00e9 port\u00e9e \u00e0 l&rsquo;enfant victime qui souhaite rester dans ce foyer et dit s&rsquo;y sentir bien malgr\u00e9 l&rsquo;\u00e9pisode violent de f\u00e9vrier\u00a0\u00bb, pr\u00e9cise la Ville.<\/p>\n<p data-module=\"article-paragraph\" class=\"jsx-3046738180 Paragraph Paragraph__End\">Joint par notre r\u00e9daction, le parquet de Paris n&rsquo;avait pas pour l&rsquo;heure pas donn\u00e9 d&rsquo;\u00e9l\u00e9ments sur cette affaire.\u00a0<\/p>\n<p>A.S<\/p>\n","protected":false},"excerpt":{"rendered":"En f\u00e9vrier dernier, un gar\u00e7on de 8 ans plac\u00e9 dans un foyer associatif du 13e arrondissement a \u00e9t\u00e9&hellip;\n","protected":false},"author":2,"featured_media":588886,"comment_status":"","ping_status":"","sticky":false,"template":"","format":"standard","meta":{"footnotes":""},"categories":[1888],"tags":[1111,1928,11,1927,1921,1777,674,6017,1011,27,1922,2954,12,1926,626,1925,25,133,2953],"class_list":{"0":"post-588885","1":"post","2":"type-post","3":"status-publish","4":"format-standard","5":"has-post-thumbnail","7":"category-paris","8":"tag-actu","9":"tag-actu-paris","10":"tag-actualites","11":"tag-actualites-paris","12":"tag-article-video","13":"tag-eu","14":"tag-europe","15":"tag-fait-divers","16":"tag-fr","17":"tag-france","18":"tag-info","19":"tag-justice-et-faits-divers","20":"tag-news","21":"tag-news-paris","22":"tag-paris","23":"tag-paris-news","24":"tag-republique-francaise","25":"tag-video","26":"tag-video-police"},"share_on_mastodon":{"url":"https:\/\/pubeurope.com\/@fr\/115690545742454382","error":""},"_links":{"self":[{"href":"https:\/\/www.europesays.com\/fr\/wp-json\/wp\/v2\/posts\/588885","targetHints":{"allow":["GET"]}}],"collection":[{"href":"https:\/\/www.europesays.com\/fr\/wp-json\/wp\/v2\/posts"}],"about":[{"href":"https:\/\/www.europesays.com\/fr\/wp-json\/wp\/v2\/types\/post"}],"author":[{"embeddable":true,"href":"https:\/\/www.europesays.com\/fr\/wp-json\/wp\/v2\/users\/2"}],"replies":[{"embeddable":true,"href":"https:\/\/www.europesays.com\/fr\/wp-json\/wp\/v2\/comments?post=588885"}],"version-history":[{"count":0,"href":"https:\/\/www.europesays.com\/fr\/wp-json\/wp\/v2\/posts\/588885\/revisions"}],"wp:featuredmedia":[{"embeddable":true,"href":"https:\/\/www.europesays.com\/fr\/wp-json\/wp\/v2\/media\/588886"}],"wp:attachment":[{"href":"https:\/\/www.europesays.com\/fr\/wp-json\/wp\/v2\/media?parent=588885"}],"wp:term":[{"taxonomy":"category","embeddable":true,"href":"https:\/\/www.europesays.com\/fr\/wp-json\/wp\/v2\/categories?post=588885"},{"taxonomy":"post_tag","embeddable":true,"href":"https:\/\/www.europesays.com\/fr\/wp-json\/wp\/v2\/tags?post=588885"}],"curies":[{"name":"wp","href":"https:\/\/api.w.org\/{rel}","templated":true}]}}