{"id":588891,"date":"2025-12-09T16:29:15","date_gmt":"2025-12-09T16:29:15","guid":{"rendered":"https:\/\/www.europesays.com\/fr\/588891\/"},"modified":"2025-12-09T16:29:15","modified_gmt":"2025-12-09T16:29:15","slug":"trenitalia-muscle-son-offre-de-trains-lyon-paris-et-casse-les-prix-des-billets-a-14-euros","status":"publish","type":"post","link":"https:\/\/www.europesays.com\/fr\/588891\/","title":{"rendered":"Trenitalia muscle son offre de trains Lyon-Paris et casse les prix, des billets \u00e0 14 euros"},"content":{"rendered":"<p>                    Par<br \/>\n        <strong><br \/>\n            <a href=\"https:\/\/actu.fr\/auteur\/nicolas-zaugra\" title=\"Consulter tous les articles de Nicolas Zaugra\" target=\"_blank\" rel=\"noopener\">Nicolas Zaugra<\/a><br \/>\n                    <\/strong><\/p>\n<p>        Publi\u00e9 le<\/p>\n<p>            9 d\u00e9c. 2025 \u00e0 16h47        <\/p>\n<p><strong>Trenitalia<\/strong> continue de s\u2019\u00e9tendre sur le march\u00e9 fran\u00e7ais et \u00e0 d\u00e9velopper son offre \u00e0 grande vitesse entre Lyon et Paris. La compagnie italienne qui continue d\u2019accuser de lourdes pertes financi\u00e8res depuis son lancement en France face \u00e0 la <a href=\"https:\/\/actu.fr\/auvergne-rhone-alpes\/lyon_69123\/lyon-pagaille-a-la-gare-sncf-part-dieu-de-tres-gros-retards-et-des-trains-supprimes_63547278.html\" target=\"_blank\" rel=\"noopener\">SNCF<\/a> a annonc\u00e9 mardi 9 d\u00e9cembre 2025 lors d\u2019une conf\u00e9rence de presse qu\u2019elle ajoute encore des trains entre les deux villes.<\/p>\n<p class=\" wall-content\">\u00c0 partir du 14 d\u00e9cembre 2025, la <strong>ligne Paris-Lyon<\/strong> comptera <strong>quatorze allers-retours quotidiens, soit 28 trains par jour<\/strong>. La liaison actuelle est assur\u00e9e par neuf trajets \u00ab\u00a0seulement\u00a0\u00bb. Cette nouvelle offre \u00ab\u00a0facilitera \u00e9galement les correspondances vers d\u2019autres destinations, notamment depuis Marseille, o\u00f9 un premier train permettra une liaison optimis\u00e9e vers Milan via Lyon Part-Dieu\u00a0\u00bb, annonce la compagnie.\u00a0<\/p>\n<p>Les billets \u00e0 prix cass\u00e9s pendant une journ\u00e9e<\/p>\n<p class=\" wall-content\">Pour l\u2019occasion, la compagnie italienne va lancer une offre commerciale exceptionnelle en commercialisant seulement le 14 d\u00e9cembre prochain des <strong>billets au tarif fixe de 14 euros (en classe standard, dans la limite des stocks)<\/strong>\u00a0qui seront valables pour des voyages sur les 6 prochains mois.<\/p>\n<p class=\" wall-content\">Trenitalia va donc lancer la guerre des prix avec la SNCF, l\u2019op\u00e9rateur historique. Un prix inf\u00e9rieur aux Ouigo, les trains low-cost de la compagnie fran\u00e7aise. \u00ab\u00a0Sur la ligne Paris-Lyon, notre arriv\u00e9e a entra\u00een\u00e9 une baisse des prix d\u2019environ 10 %\u00a0\u00bb, s\u2019est r\u00e9jouit Fabrice Toledano, le directeur commercial de Trenitalia lors de la conf\u00e9rence de presse.<\/p>\n<p>Bient\u00f4t une carte de fid\u00e9lit\u00e9<\/p>\n<p class=\" wall-content\">Une carte de fid\u00e9lit\u00e9, dont les modalit\u00e9s sont encore en cours de r\u00e9flexion, sera aussi lanc\u00e9e en 2027.<\/p>\n<p class=\" wall-content\">La compagnie veut encore se d\u00e9velopper en France et en Europe apr\u00e8s avoir lanc\u00e9 une <a href=\"https:\/\/actu.fr\/auvergne-rhone-alpes\/lyon_69123\/trenitalia-lance-sa-ligne-paris-lyon-marseille-pourquoi-la-gare-saint-exupery-est-choisie-pas-la-part-dieu_62838954.html\" target=\"_blank\" rel=\"noopener\">ligne Paris-Lyon Saint-Exup\u00e9ry-Marseille<\/a>. D\u2019ici 2030, une ligne Trenitalia doit \u00eatre lanc\u00e9e entre Paris et Londres pour concurrencer l\u2019historique Eurostar.\u00a0<\/p>\n<p class=\" wall-content\">Personnalisez votre actualit\u00e9 en ajoutant vos villes et m\u00e9dias en favori avec <a href=\"https:\/\/moncompte.actu.fr\" title=\"D\u00e9couvez Mon Actu\" rel=\"nofollow noopener\" data-trk=\"{&quot;cta&quot;:{&quot;action&quot;:&quot;https:\\\/\\\/moncompte.actu.fr&quot;,&quot;category&quot;:&quot;mon compte&quot;,&quot;from&quot;:&quot;article footer&quot;,&quot;name&quot;:&quot;Mon actu&quot;,&quot;type&quot;:&quot;cta&quot;}}\" target=\"_blank\">Mon Actu<\/a>.<\/p>\n","protected":false},"excerpt":{"rendered":"Par Nicolas Zaugra Publi\u00e9 le 9 d\u00e9c. 2025 \u00e0 16h47 Trenitalia continue de s\u2019\u00e9tendre sur le march\u00e9 fran\u00e7ais&hellip;\n","protected":false},"author":2,"featured_media":588892,"comment_status":"","ping_status":"","sticky":false,"template":"","format":"standard","meta":{"footnotes":""},"categories":[1888],"tags":[11,33,1777,674,1011,27,12,626,25,2215,2214,7582],"class_list":{"0":"post-588891","1":"post","2":"type-post","3":"status-publish","4":"format-standard","5":"has-post-thumbnail","7":"category-paris","8":"tag-actualites","9":"tag-economie","10":"tag-eu","11":"tag-europe","12":"tag-fr","13":"tag-france","14":"tag-news","15":"tag-paris","16":"tag-republique-francaise","17":"tag-sncf","18":"tag-tgv","19":"tag-trenitalia"},"share_on_mastodon":{"url":"https:\/\/pubeurope.com\/@fr\/115690561012428113","error":""},"_links":{"self":[{"href":"https:\/\/www.europesays.com\/fr\/wp-json\/wp\/v2\/posts\/588891","targetHints":{"allow":["GET"]}}],"collection":[{"href":"https:\/\/www.europesays.com\/fr\/wp-json\/wp\/v2\/posts"}],"about":[{"href":"https:\/\/www.europesays.com\/fr\/wp-json\/wp\/v2\/types\/post"}],"author":[{"embeddable":true,"href":"https:\/\/www.europesays.com\/fr\/wp-json\/wp\/v2\/users\/2"}],"replies":[{"embeddable":true,"href":"https:\/\/www.europesays.com\/fr\/wp-json\/wp\/v2\/comments?post=588891"}],"version-history":[{"count":0,"href":"https:\/\/www.europesays.com\/fr\/wp-json\/wp\/v2\/posts\/588891\/revisions"}],"wp:featuredmedia":[{"embeddable":true,"href":"https:\/\/www.europesays.com\/fr\/wp-json\/wp\/v2\/media\/588892"}],"wp:attachment":[{"href":"https:\/\/www.europesays.com\/fr\/wp-json\/wp\/v2\/media?parent=588891"}],"wp:term":[{"taxonomy":"category","embeddable":true,"href":"https:\/\/www.europesays.com\/fr\/wp-json\/wp\/v2\/categories?post=588891"},{"taxonomy":"post_tag","embeddable":true,"href":"https:\/\/www.europesays.com\/fr\/wp-json\/wp\/v2\/tags?post=588891"}],"curies":[{"name":"wp","href":"https:\/\/api.w.org\/{rel}","templated":true}]}}