{"id":588899,"date":"2025-12-09T16:33:15","date_gmt":"2025-12-09T16:33:15","guid":{"rendered":"https:\/\/www.europesays.com\/fr\/588899\/"},"modified":"2025-12-09T16:33:15","modified_gmt":"2025-12-09T16:33:15","slug":"le-prince-harry-pourrait-retrouver-sa-protection-policiere-financee-par-les-britanniques","status":"publish","type":"post","link":"https:\/\/www.europesays.com\/fr\/588899\/","title":{"rendered":"Le prince Harry pourrait retrouver sa protection polici\u00e8re financ\u00e9e par les Britanniques"},"content":{"rendered":"<p class=\"mb-4 text-lg md:leading-8 break-words\">Le minist\u00e8re de l&rsquo;Int\u00e9rieur britannique r\u00e9examine la situation de Harry. Le prince a <a href=\"https:\/\/fr.news.yahoo.com\/prince-harry-perd-recours-justice-145621438.html\" data-ylk=\"slk:perdu la protection syst\u00e9matique;elm:context_link;itc:0;sec:content-canvas;outcm:mb_qualified_link;_E:mb_qualified_link;ct:story;\" class=\"link  yahoo-link\" rel=\"nofollow noopener\" target=\"_blank\">perdu la protection syst\u00e9matique<\/a> de la police aux frais du contribuable britannique, le Home office, le minist\u00e8re de l&rsquo;Int\u00e9rieur, ayant opt\u00e9 pour une protection au cas par cas. Le fils du roi a perdu, en mai dernier son proc\u00e8s contre le gouvernement sur le sujet de sa s\u00e9curit\u00e9.<\/p>\n<p class=\"mb-4 text-lg md:leading-8 break-words\">A l&rsquo;issue de ce nouvel examen, le droit du duc \u00e0 une s\u00e9curit\u00e9 financ\u00e9e par les contribuables lorsqu&rsquo;il se trouve au Royaume-Uni pourrait \u00eatre restaur\u00e9, selon les m\u00e9dias britanniques. La d\u00e9cision de r\u00e9tablir ou non sa protection polici\u00e8re doit \u00eatre annonc\u00e9e en janvier. Harry est attendu au Royaume-Uni en f\u00e9vrier, dans le cadre de son <a href=\"https:\/\/fr.news.yahoo.com\/m%C3%A8re-serait-tr%C3%A8s-fi%C3%A8re-charles-075718192.html\" data-ylk=\"slk:proc\u00e8s contre Associated Newspapers;elm:context_link;itc:0;sec:content-canvas;outcm:mb_qualified_link;_E:mb_qualified_link;ct:story;\" class=\"link  yahoo-link\" rel=\"nofollow noopener\" target=\"_blank\">proc\u00e8s contre Associated Newspapers<\/a>, \u00e9diteur du Daily Mail et le Mail on Sunday.<\/p>\n<p>Sujet sensible<\/p>\n<p class=\"mb-4 text-lg md:leading-8 break-words\">Le prince doit \u00e0 l&rsquo;heure actuelle informer la police britannique 30 jours avant son arriv\u00e9e au Royaume-Uni pour demander un examen de s\u00e9curit\u00e9, qui est effectu\u00e9 au cas par cas. En quittant la famille royale, il a perdu le droit \u00e0 une protection automatique, 24 heures sur 24, a estim\u00e9 le juge qui s&rsquo;est cependant d\u00e9clar\u00e9 sensible aux \u00ab\u00a0arguments puissants et \u00e9mouvants\u00a0\u00bb du prince.<\/p>\n<p class=\"mb-4 text-lg md:leading-8 break-words\">Le sujet est sensible pour Harry, qui tient la presse et les paparazzis pour responsables de<a href=\"https:\/\/fr.news.yahoo.com\/course-poursuite-paparazzis-derni%C3%A8res-heures-112331682.html\" data-ylk=\"slk:l&#039;accident de voiture qui a tu\u00e9 sa m\u00e8re;elm:context_link;itc:0;sec:content-canvas;outcm:mb_qualified_link;_E:mb_qualified_link;ct:story;\" class=\"link  yahoo-link\" rel=\"nofollow noopener\" target=\"_blank\"> l&rsquo;accident de voiture qui a tu\u00e9 sa m\u00e8re<\/a>, la princesse Diana, \u00e0 Paris en 1997.<\/p>\n<p class=\"mb-4 text-lg md:leading-8 break-words\">Dans une autre proc\u00e9dure conclue en mai 2023, il s&rsquo;\u00e9tait vu refuser le droit de b\u00e9n\u00e9ficier d&rsquo;une protection polici\u00e8re en la payant avec ses fonds personnels.<\/p>\n<p class=\"mb-4 text-lg md:leading-8 break-words\">Le prince a fait de cette question de s\u00e9curit\u00e9 un des \u00e9l\u00e9ments cl\u00e9 de sa r\u00e9conciliation avec sa famille. Harry s&rsquo;estime en effet en danger et a fait de cette question la condition pour revenir avec son \u00e9pouse Meghan et leurs enfants Archie et Lilibeth. Retrouver sa protection polici\u00e8re pourrait donc lui permettre de rentrer au Royaume-Uni, afin que <a href=\"https:\/\/fr.news.yahoo.com\/retour-prince-harry-famille-royale-140324555.html\" data-ylk=\"slk:le roi Charles;elm:context_link;itc:0;sec:content-canvas;outcm:mb_qualified_link;_E:mb_qualified_link;ct:story;\" class=\"link  yahoo-link\" rel=\"nofollow noopener\" target=\"_blank\">le roi Charles<\/a> puisse voir ses petits-enfants.<\/p>\n<p class=\"mb-4 text-lg md:leading-8 break-words\"><a href=\"https:\/\/www.bfmtv.com\/people\/tetes-couronnees\/le-prince-harry-pourrait-retrouver-sa-protection-policiere-financee-par-les-britanniques_AN-202512090692.html#xtor=AL-68\" rel=\"nofollow noopener\" target=\"_blank\" data-ylk=\"slk:Article original publi\u00e9 sur BFMTV.com;elm:context_link;itc:0;sec:content-canvas\" class=\"link \">Article original publi\u00e9 sur BFMTV.com<\/a><\/p>\n","protected":false},"excerpt":{"rendered":"Le minist\u00e8re de l&rsquo;Int\u00e9rieur britannique r\u00e9examine la situation de Harry. Le prince a perdu la protection syst\u00e9matique de&hellip;\n","protected":false},"author":2,"featured_media":588900,"comment_status":"","ping_status":"","sticky":false,"template":"","format":"standard","meta":{"footnotes":""},"categories":[1588],"tags":[11,1777,674,4844,70227,12,3935,4845,473,1853,1851,1850,1852],"class_list":{"0":"post-588899","1":"post","2":"type-post","3":"status-publish","4":"format-standard","5":"has-post-thumbnail","7":"category-royaume-uni","8":"tag-actualites","9":"tag-eu","10":"tag-europe","11":"tag-harry","12":"tag-ministere-de-l39interieur","13":"tag-news","14":"tag-prince","15":"tag-protection-policiere","16":"tag-royaume-uni","17":"tag-royaume-uni-de-grande-bretagne-et-dirlande-du-nord","18":"tag-uk","19":"tag-united-kingdom","20":"tag-united-kingdom-of-great-britain-and-northern-ireland"},"share_on_mastodon":{"url":"https:\/\/pubeurope.com\/@fr\/115690576552925346","error":""},"_links":{"self":[{"href":"https:\/\/www.europesays.com\/fr\/wp-json\/wp\/v2\/posts\/588899","targetHints":{"allow":["GET"]}}],"collection":[{"href":"https:\/\/www.europesays.com\/fr\/wp-json\/wp\/v2\/posts"}],"about":[{"href":"https:\/\/www.europesays.com\/fr\/wp-json\/wp\/v2\/types\/post"}],"author":[{"embeddable":true,"href":"https:\/\/www.europesays.com\/fr\/wp-json\/wp\/v2\/users\/2"}],"replies":[{"embeddable":true,"href":"https:\/\/www.europesays.com\/fr\/wp-json\/wp\/v2\/comments?post=588899"}],"version-history":[{"count":0,"href":"https:\/\/www.europesays.com\/fr\/wp-json\/wp\/v2\/posts\/588899\/revisions"}],"wp:featuredmedia":[{"embeddable":true,"href":"https:\/\/www.europesays.com\/fr\/wp-json\/wp\/v2\/media\/588900"}],"wp:attachment":[{"href":"https:\/\/www.europesays.com\/fr\/wp-json\/wp\/v2\/media?parent=588899"}],"wp:term":[{"taxonomy":"category","embeddable":true,"href":"https:\/\/www.europesays.com\/fr\/wp-json\/wp\/v2\/categories?post=588899"},{"taxonomy":"post_tag","embeddable":true,"href":"https:\/\/www.europesays.com\/fr\/wp-json\/wp\/v2\/tags?post=588899"}],"curies":[{"name":"wp","href":"https:\/\/api.w.org\/{rel}","templated":true}]}}