{"id":588903,"date":"2025-12-09T16:35:14","date_gmt":"2025-12-09T16:35:14","guid":{"rendered":"https:\/\/www.europesays.com\/fr\/588903\/"},"modified":"2025-12-09T16:35:14","modified_gmt":"2025-12-09T16:35:14","slug":"de-gros-changements-a-prevoir-des-le-1er-janvier-2026","status":"publish","type":"post","link":"https:\/\/www.europesays.com\/fr\/588903\/","title":{"rendered":"de gros changements \u00e0 pr\u00e9voir d\u00e8s le 1er janvier 2026 !"},"content":{"rendered":"<p><strong class=\"post-excerpt\"\/><\/p>\n<p itemprop=\"description\"><strong class=\"post-excerpt\">De nombreux<br \/>\nchangements sont \u00e0 pr\u00e9voir du c\u00f4t\u00e9 de chez Toyota d\u00e8s le 1er<br \/>\njanvier 2026. Voici ce qu\u2019il faut pr\u00e9voir en Europe !<\/strong><\/p>\n<p>EN BREF<\/p>\n<ul class=\"bloc_resume_post_list\">\n<li>Toyota Motor Europe annonce des changements op\u00e9rationnels<br \/>\nd\u00e8s le 1er janvier 2026, avec quatre nominations cl\u00e9s en Espagne et<br \/>\nen Turquie.<\/li>\n<li>Francisco Berrocal devient PDG de Toyota Espagne, tandis<br \/>\nque Murat B\u00fclb\u00fcl prend la t\u00eate de Toyota Turquie, renfor\u00e7ant la<br \/>\nstrat\u00e9gie hydrog\u00e8ne.<\/li>\n<li>Toyota mise sur l&rsquo;hydrog\u00e8ne et la R&amp;D \u00e9lectronique<br \/>\npour son avenir en Europe, avec des postes strat\u00e9giques cr\u00e9\u00e9s pour<br \/>\nsoutenir cette vision.<\/li>\n<\/ul>\n<p>D\u00e8s <strong>le 1er janvier 2026<\/strong>, Toyota Motor Europe va<br \/>\neffectuer de <strong>nombreux changements op\u00e9rationnels<\/strong> en<br \/>\nEurope. <strong>4 nominations<\/strong> ont d\u00e9j\u00e0 \u00e9t\u00e9 act\u00e9es. Voici \u00e0<br \/>\nquoi s\u2019attendre pour le futur !<\/p>\n<p>D\u00e9velopper ses activit\u00e9s hydrog\u00e8ne<\/p>\n<p>Ces derniers mois, nous \u00e9tions plut\u00f4t habitu\u00e9s \u00e0 des mouvements<br \/>\ndu c\u00f4t\u00e9 de <a href=\"https:\/\/www.autojournal.fr\/actu\/stellantis-retrouve-des-couleurs-merci-antonio-filosa-394868.html\" target=\"_blank\" rel=\"noopener\">chez Stellantis.<\/a> Cette fois-ci,<br \/>\nles changements sont au sein du groupe Toyota Motor Europe. D\u00e8s le<br \/>\n1er janvier 2026, de nombreux mouvements sont \u00e0 pr\u00e9voir sur<br \/>\n<a href=\"https:\/\/www.autojournal.fr\/actu\/qui-sont-avatr-et-nevo-constructeurs-arrivent-europe-399269.html\" target=\"_blank\" rel=\"noopener\">le Vieux Continent.<\/a><br \/>A l\u2019heure o\u00f9 nous \u00e9crivons <strong>ces lignes<\/strong>, d\u00e9j\u00e0 4<br \/>\nnominations importantes ont \u00e9t\u00e9 valid\u00e9es par le constructeurs<br \/>\njaponais. Elles concernent principalement<br \/>\n<strong>l\u2019Espagne<\/strong> et la Turquie. Dans le d\u00e9tail, 4<br \/>\nnouveaux PDG prendront les r\u00eanes des filiales de <strong>ces deux<br \/>\npays.<\/strong><\/p>\n<p><strong>Des changements<\/strong> qui valident une strat\u00e9gie plus<br \/>\nglobale de Toyota pour <strong>le continent europ\u00e9en.<\/strong> La<br \/>\nfirme japonaise tente ainsi \u00e0 d\u00e9velopper ses activit\u00e9s hydrog\u00e8ne en<br \/>\nEurope, ainsi que <strong>sa R&amp;D \u00e9lectronique.<\/strong><br \/>Le 1er janvier 2026, Francisco Berrocal prendra le poste de PDG de<br \/>\nToyota Espagne. Ce dernier \u00e9tait jusqu\u2019ici le directeur commercial<br \/>\nde <strong>Toyota Espagne.<\/strong> Il remplacera Miguel Carsi, qui<br \/>\npartira vers un poste de direction \u00e0 The Hydrogen Factory.<br \/>\nIl s\u2019agit de la structure de Toyota Motor Europe d\u00e9di\u00e9e<br \/>\nexclusivement \u00e0 l\u2019hydrog\u00e8ne.<\/p>\n<p>Un poste cr\u00e9\u00e9 en 2024 !<\/p>\n<p>En plus de <strong>l\u2019Espagne<\/strong>, nous en connaissons<br \/>\ndavantage sur <strong>les mouvements<\/strong> qui vont arriver en<br \/>\nTurquie. En effet, il s\u2019agit de Murat B\u00fclb\u00fcl qui obtient donc le<br \/>\ntitre de PDG de Toyota Turquie. L\u00e0-encore cette nomination prendra<br \/>\neffet d\u00e8s <strong>le 1er janvier 2026.<\/strong><br \/>Ce dernier est chez Toyota <strong>depuis 30 ans.<\/strong> Depuis<br \/>\n2024, il occupait le poste de <strong>directeur administratif et<br \/>\nfinancier<\/strong> du constructeur. Deux autres mouvements vont<br \/>\navoir lieu <strong>en Europe<\/strong> pour Toyota. Leonardo<br \/>\nCaluccio a ainsi \u00e9t\u00e9 nomm\u00e9 vice-pr\u00e9sident de la strat\u00e9gie<br \/>\ncommerciale de la performance de <strong>Toyota Motor<br \/>\nEurope.<\/strong><\/p>\n<p>Ce dernier \u00e9tait dans le groupe <strong>depuis 14 ans.<\/strong><br \/>\nDepuis 2024, il est directeur des ventes.<br \/>Le vice-pr\u00e9sident de <strong>la R&amp;D<\/strong> a \u00e9galement chang\u00e9<br \/>\npuisqu\u2019il s\u2019agit d\u00e9sormais du belge <strong>Thierry<br \/>\nBoitel.<\/strong> Il \u00e9tait jusqu\u2019\u00e0 pr\u00e9sent le poste de chef de<br \/>\n<strong>l\u2019ing\u00e9nierie \u00e9lectronique.<\/strong> Le poste qu\u2019il va<br \/>\noccuper a \u00e9t\u00e9 cr\u00e9\u00e9 en 2024 dans un but pr\u00e9cis : d\u00e9velopper<br \/>\n<strong>les technologies connect\u00e9es<\/strong> et \u00e9lectronique.<br \/>\nEncore preuve de la volont\u00e9 de Toyota dans un futur proche<br \/>\n<strong>en Europe.<\/strong><\/p>\n<p><strong>L\u2019ann\u00e9e 2026<\/strong> est donc un passage important pour<br \/>\nToyota qui conforte sa strat\u00e9gie dans les ann\u00e9es \u00e0 venir, en misant<br \/>\nnotamment sur <a href=\"https:\/\/www.autojournal.fr\/environnement\/toyota-continue-dinvestir-massivement-dans-la-technologie-hydrogene-avec-la-mirai-399067.html\" target=\"_blank\" rel=\"noopener\">l\u2019hydrog\u00e8ne.<\/a><\/p>\n","protected":false},"excerpt":{"rendered":"De nombreux changements sont \u00e0 pr\u00e9voir du c\u00f4t\u00e9 de chez Toyota d\u00e8s le 1er janvier 2026. Voici ce&hellip;\n","protected":false},"author":2,"featured_media":588904,"comment_status":"","ping_status":"","sticky":false,"template":"","format":"standard","meta":{"footnotes":""},"categories":[1586],"tags":[11,1777,674,1011,27,1638,12,25],"class_list":{"0":"post-588903","1":"post","2":"type-post","3":"status-publish","4":"format-standard","5":"has-post-thumbnail","7":"category-europe","8":"tag-actualites","9":"tag-eu","10":"tag-europe","11":"tag-fr","12":"tag-france","13":"tag-has_diapo","14":"tag-news","15":"tag-republique-francaise"},"share_on_mastodon":{"url":"https:\/\/pubeurope.com\/@fr\/115690584518653191","error":""},"_links":{"self":[{"href":"https:\/\/www.europesays.com\/fr\/wp-json\/wp\/v2\/posts\/588903","targetHints":{"allow":["GET"]}}],"collection":[{"href":"https:\/\/www.europesays.com\/fr\/wp-json\/wp\/v2\/posts"}],"about":[{"href":"https:\/\/www.europesays.com\/fr\/wp-json\/wp\/v2\/types\/post"}],"author":[{"embeddable":true,"href":"https:\/\/www.europesays.com\/fr\/wp-json\/wp\/v2\/users\/2"}],"replies":[{"embeddable":true,"href":"https:\/\/www.europesays.com\/fr\/wp-json\/wp\/v2\/comments?post=588903"}],"version-history":[{"count":0,"href":"https:\/\/www.europesays.com\/fr\/wp-json\/wp\/v2\/posts\/588903\/revisions"}],"wp:featuredmedia":[{"embeddable":true,"href":"https:\/\/www.europesays.com\/fr\/wp-json\/wp\/v2\/media\/588904"}],"wp:attachment":[{"href":"https:\/\/www.europesays.com\/fr\/wp-json\/wp\/v2\/media?parent=588903"}],"wp:term":[{"taxonomy":"category","embeddable":true,"href":"https:\/\/www.europesays.com\/fr\/wp-json\/wp\/v2\/categories?post=588903"},{"taxonomy":"post_tag","embeddable":true,"href":"https:\/\/www.europesays.com\/fr\/wp-json\/wp\/v2\/tags?post=588903"}],"curies":[{"name":"wp","href":"https:\/\/api.w.org\/{rel}","templated":true}]}}