{"id":588905,"date":"2025-12-09T16:36:28","date_gmt":"2025-12-09T16:36:28","guid":{"rendered":"https:\/\/www.europesays.com\/fr\/588905\/"},"modified":"2025-12-09T16:36:28","modified_gmt":"2025-12-09T16:36:28","slug":"je-nai-jamais-eu-limpression-de-rentrer-chez-quelquun-le-depute-lfi-bastien-lachaud-juge-pour-une-intrusion-dans-un-elevage-des-cotes-d","status":"publish","type":"post","link":"https:\/\/www.europesays.com\/fr\/588905\/","title":{"rendered":"\u00ab\u00a0Je n\u2019ai jamais eu l\u2019impression de rentrer chez quelqu\u2019un\u00a0\u00bb\u00a0: le d\u00e9put\u00e9 LFI Bastien Lachaud jug\u00e9 pour une intrusion dans un \u00e9levage des C\u00f4tes-d\u2019Armor"},"content":{"rendered":"<p>Plus de six ans apr\u00e8s les faits, le d\u00e9put\u00e9 <a href=\"https:\/\/www.letelegramme.fr\/bretagne\/toutes-les-infos\/cotes-d-armor-la-video-polemique-d-un-depute-lfi-dans-un-elevage-porcin-intensif-110866.php\" target=\"_blank\" rel=\"noopener\">LFI Bastien Lachaud<\/a> a comparu, mardi 9 d\u00e9cembre 2025, devant le tribunal de Saint-Brieuc. Aux c\u00f4t\u00e9s de quatre militants li\u00e9s \u00e0 l\u2019association antisp\u00e9ciste DxE et d\u2019un photojournaliste, il \u00e9tait jug\u00e9 pour s\u2019\u00eatre introduit dans une exploitation porcine situ\u00e9e \u00e0 Allineuc (22), dans la nuit du 17 au 18 mai 2019. Tous \u00e9taient poursuivis pour violation de domicile. Les militants et les journalistes comparaissaient \u00e9galement pour divulgation d\u2019un enregistrement obtenu par une atteinte \u00e0 l\u2019intimit\u00e9 de la vie priv\u00e9e d\u2019autrui pour cinq d\u2019entre eux.<\/p>\n<p>\u00ab\u00a0Les cochons errants vivent mieux\u00a0\u00bb<\/p>\n<p>Seul pr\u00e9venu pr\u00e9sent, Bastien Lachaud a \u00e9t\u00e9 interrog\u00e9 par la pr\u00e9sidente sur son intention de p\u00e9n\u00e9trer dans une propri\u00e9t\u00e9 priv\u00e9e sans autorisation du propri\u00e9taire. \u00ab\u00a0Je n\u2019ai jamais eu l\u2019impression de rentrer chez quelqu\u2019un. Pour moi, c\u2019\u00e9tait un hangar au milieu des champs avec des cochons dedans. Personne peut vivre l\u00e0-dedans \u00e0 part des cochons\u00a0\u00bb, a-t-il r\u00e9pondu. \u00ab\u00a0C\u2019est une propri\u00e9t\u00e9 priv\u00e9e n\u00e9anmoins. Ce ne sont pas des cochons errants\u00a0\u00bb, a relanc\u00e9 la magistrate. R\u00e9ponse du d\u00e9put\u00e9\u00a0: \u00ab\u00a0Oui, les cochons errants vivent mieux\u00a0\u00bb.<\/p>\n<p>Droit \u00e0 l\u2019information ou droit de propri\u00e9t\u00e9<\/p>\n<p>Le d\u00e9bat a ensuite port\u00e9 sur la balance entre le droit \u00e0 l\u2019information et le droit de propri\u00e9t\u00e9. Pour le minist\u00e8re public, \u00ab\u00a0le recours \u00e0 un proc\u00e9d\u00e9 pour s\u2019introduire en pleine nuit\u00a0\u00bb caract\u00e9rise une violation de domicile. \u00ab\u00a0Informer est un droit fondamental, mais pas avec des moyens disproportionn\u00e9s comme en l\u2019esp\u00e8ce\u00a0\u00bb, a \u00e9galement soulign\u00e9 la procureure. Notamment \u00e0 cause de l\u2019absence de pr\u00e9cautions sanitaires des pr\u00e9venus alors que le secteur \u00e9tait en alerte \u00e0 cause de la peste porcine africaine. Elle a requis entre 1\u00a0500 et 2\u00a0000 euros, dont une partie avec sursis.<\/p>\n<p>L\u2019\u00e9levage n\u2019est pas un domicile pour la d\u00e9fense<\/p>\n<p>Pour Anne-Sophie Laguens, avocate de Bastien Lachaud, \u00ab\u00a0il aurait \u00e9t\u00e9 plus sage \u00e0 la suite de cette enqu\u00eate d\u2019abandonner les poursuites\u00a0\u00bb, notamment au motif que l\u2019\u00e9levage porcin ne pourrait pas \u00eatre qualifi\u00e9 de \u00ab\u00a0domicile\u00a0\u00bb. \u00ab\u00a0C\u2019est peut-\u00eatre ill\u00e9gal mais ce n\u2019est pas d\u00e9lictuel\u00a0\u00bb, a-t-elle r\u00e9sum\u00e9.<\/p>\n<p>Marie Leclerc, avocate du photojournaliste Anthony Cortes, a soutenu qu\u2019il \u00ab\u00a0\u00e9tait l\u00e0 pour faire un reportage sur un \u00e9levage parce qu\u2019on ne sait pas ce qu\u2019il s\u2019y passe\u00a0\u00bb. L\u2019avocate d\u2019un autre militant a d\u00e9nonc\u00e9 \u00ab\u00a0les efforts du parquet pour poursuivre co\u00fbte que co\u00fbte alors que l\u2019agriculteur aurait pu \u00eatre poursuivi aussi\u00a0\u00bb, faisant r\u00e9f\u00e9rence \u00e0 la vid\u00e9o tourn\u00e9e par l\u2019association lors de l\u2019intrusion et dans laquelle le d\u00e9put\u00e9 de Seine-Saint-Denis d\u00e9non\u00e7ait les conditions d\u2019\u00e9levage. On y voyait des porcelets gisant au sol, dont un les entrailles \u00e0 l\u2019air.<\/p>\n<p>Le jugement a \u00e9t\u00e9 mis en d\u00e9lib\u00e9r\u00e9 au 3 f\u00e9vrier 2026.<\/p>\n","protected":false},"excerpt":{"rendered":"Plus de six ans apr\u00e8s les faits, le d\u00e9put\u00e9 LFI Bastien Lachaud a comparu, mardi 9 d\u00e9cembre 2025,&hellip;\n","protected":false},"author":2,"featured_media":588906,"comment_status":"","ping_status":"","sticky":false,"template":"","format":"standard","meta":{"footnotes":""},"categories":[1586],"tags":[11,44583,1777,674,1779,1011,27,4555,12,25,4937,1778,364],"class_list":{"0":"post-588905","1":"post","2":"type-post","3":"status-publish","4":"format-standard","5":"has-post-thumbnail","7":"category-europe","8":"tag-actualites","9":"tag-cotes-d-armor","10":"tag-eu","11":"tag-europe","12":"tag-european-union","13":"tag-fr","14":"tag-france","15":"tag-local","16":"tag-news","17":"tag-republique-francaise","18":"tag-saint-brieuc","19":"tag-ue","20":"tag-union-europeenne"},"share_on_mastodon":{"url":"https:\/\/pubeurope.com\/@fr\/115690588572317075","error":""},"_links":{"self":[{"href":"https:\/\/www.europesays.com\/fr\/wp-json\/wp\/v2\/posts\/588905","targetHints":{"allow":["GET"]}}],"collection":[{"href":"https:\/\/www.europesays.com\/fr\/wp-json\/wp\/v2\/posts"}],"about":[{"href":"https:\/\/www.europesays.com\/fr\/wp-json\/wp\/v2\/types\/post"}],"author":[{"embeddable":true,"href":"https:\/\/www.europesays.com\/fr\/wp-json\/wp\/v2\/users\/2"}],"replies":[{"embeddable":true,"href":"https:\/\/www.europesays.com\/fr\/wp-json\/wp\/v2\/comments?post=588905"}],"version-history":[{"count":0,"href":"https:\/\/www.europesays.com\/fr\/wp-json\/wp\/v2\/posts\/588905\/revisions"}],"wp:featuredmedia":[{"embeddable":true,"href":"https:\/\/www.europesays.com\/fr\/wp-json\/wp\/v2\/media\/588906"}],"wp:attachment":[{"href":"https:\/\/www.europesays.com\/fr\/wp-json\/wp\/v2\/media?parent=588905"}],"wp:term":[{"taxonomy":"category","embeddable":true,"href":"https:\/\/www.europesays.com\/fr\/wp-json\/wp\/v2\/categories?post=588905"},{"taxonomy":"post_tag","embeddable":true,"href":"https:\/\/www.europesays.com\/fr\/wp-json\/wp\/v2\/tags?post=588905"}],"curies":[{"name":"wp","href":"https:\/\/api.w.org\/{rel}","templated":true}]}}