{"id":588913,"date":"2025-12-09T16:42:26","date_gmt":"2025-12-09T16:42:26","guid":{"rendered":"https:\/\/www.europesays.com\/fr\/588913\/"},"modified":"2025-12-09T16:42:26","modified_gmt":"2025-12-09T16:42:26","slug":"mola-explique-comment-marchand-est-revenu-au-top-mais-le-met-en-garde","status":"publish","type":"post","link":"https:\/\/www.europesays.com\/fr\/588913\/","title":{"rendered":"Mola explique comment Marchand est revenu au top mais le met en garde"},"content":{"rendered":"<p>Il est l\u2019un de ses postes o\u00f9 le <a href=\"https:\/\/www.quinzemondial.com\/top-14\/affaire-jaminet-on-assumera-assure-mola-avant-le-passage-du-stade-toulousain-devant-la-commission-821078\" target=\"_blank\" rel=\"noopener\">Stade Toulousain<\/a> peut se targuer d\u2019avoir certains des meilleurs sp\u00e9cialistes du monde. Depuis plusieurs ann\u00e9es, le club rouge et noir peut compter sur une doublette exceptionnelle au poste de talonneur. Julien Marchand et Peato Mauvaka se partagent les minutes, \u00e0 Ernest-Wallon comme avec le XV de France.<\/p>\n<p>\u00ab\u00a0Devant, les places sont ch\u00e8res\u00a0\u00bb.<\/p>\n<p>Derri\u00e8re eux, de jeunes talents \u00e9mergent, \u00e0 l\u2019image de Guillaume Cramont, cap\u00e9 pour la premi\u00e8re fois en novembre dernier face \u00e0 l\u2019Afrique du Sud, ou \u00e0 Thomas Lacombre. Depuis le d\u00e9but de la saison, Julien Marchand impressionne et semble de retour \u00e0 son meilleur niveau. Encore auteur d\u2019un doubl\u00e9 face aux Sharks, il a pu compter sur les \u00e9loges <a href=\"https:\/\/www.quinzemondial.com\/champions-cup\/stade-toulousain-mola-na-pas-aime-les-prestations-de-certains-joueurs-et-a-lexplication-821084\" target=\"_blank\" rel=\"noopener\">d\u2019Ugo Mola.<\/a> Le manager haut-garonnais a soulign\u00e9 le travail effectu\u00e9 par son joueur durant l\u2019intersaison. Pour autant, ce dernier ne peut pas se reposer \u00e0 la vue de la concurrence.<\/p>\n<blockquote>\n<p>\u00ab\u00a0Depuis que son genou le laisse un peu tranquille, Julien a remis le rugby et sa pr\u00e9paration au centre de ses pr\u00e9occupations. Or, quand un grand joueur se pr\u00e9occupe de son rugby, il devient plut\u00f4t efficace. Ici, on a la chance d&rsquo;avoir quatre super talonneurs qui n&rsquo;ont pas trop le temps de s&rsquo;endormir et de se dire que c&rsquo;est acquis. Cette \u00e9mulation, c&rsquo;est le luxe et la force du club. Devant, les places sont ch\u00e8res. Les mecs n&rsquo;ont pas trop le droit le droit \u00e0 la contre-perf.\u00a0\u00bb<\/p>\n<\/blockquote>\n<p>Une maxime d\u2019autant plus vraie que le Stade Toulousain s\u2019appr\u00eate \u00e0 compter sur le grand retour de Peato Mauvaka fin d\u00e9cembre d\u00e9but janvier, apr\u00e8s sa rupture des ligaments crois\u00e9s du genou en fin de saison derni\u00e8re.<\/p>\n<p>Partagez cette info avec vos amis et vos proches en cliquant ici<br \/>Pour r\u00e9sumer<\/p>\n<p>Ugo Mola a soulign\u00e9 en conf\u00e9rence de presse l\u2019excellent d\u00e9but de saison de Julien Marchand tout en rappelant l\u2019\u00e9norme concurrence r\u00e9gnant au poste de talonneur au sein de l\u2019effectif du Stade Toulousain avec Mauvaka, Cramont et Lacombre.<\/p>\n<p> <img decoding=\"async\" width=\"76\" height=\"76\" loading=\"lazy\" src=\"https:\/\/www.europesays.com\/fr\/wp-content\/uploads\/2025\/04\/avatar-quinze.png\" alt=\"Arnaud D\u00e9chelotte\"\/><\/p>\n","protected":false},"excerpt":{"rendered":"Il est l\u2019un de ses postes o\u00f9 le Stade Toulousain peut se targuer d\u2019avoir certains des meilleurs sp\u00e9cialistes&hellip;\n","protected":false},"author":2,"featured_media":588914,"comment_status":"","ping_status":"","sticky":false,"template":"","format":"standard","meta":{"footnotes":""},"categories":[1416],"tags":[3460,1011,27,479,1468,60,476],"class_list":{"0":"post-588913","1":"post","2":"type-post","3":"status-publish","4":"format-standard","5":"has-post-thumbnail","7":"category-rugby","8":"tag-champions-cup","9":"tag-fr","10":"tag-france","11":"tag-rugby","12":"tag-rugby-football","13":"tag-sports","14":"tag-stade-toulousain"},"share_on_mastodon":{"url":"https:\/\/pubeurope.com\/@fr\/115690613501667542","error":""},"_links":{"self":[{"href":"https:\/\/www.europesays.com\/fr\/wp-json\/wp\/v2\/posts\/588913","targetHints":{"allow":["GET"]}}],"collection":[{"href":"https:\/\/www.europesays.com\/fr\/wp-json\/wp\/v2\/posts"}],"about":[{"href":"https:\/\/www.europesays.com\/fr\/wp-json\/wp\/v2\/types\/post"}],"author":[{"embeddable":true,"href":"https:\/\/www.europesays.com\/fr\/wp-json\/wp\/v2\/users\/2"}],"replies":[{"embeddable":true,"href":"https:\/\/www.europesays.com\/fr\/wp-json\/wp\/v2\/comments?post=588913"}],"version-history":[{"count":0,"href":"https:\/\/www.europesays.com\/fr\/wp-json\/wp\/v2\/posts\/588913\/revisions"}],"wp:featuredmedia":[{"embeddable":true,"href":"https:\/\/www.europesays.com\/fr\/wp-json\/wp\/v2\/media\/588914"}],"wp:attachment":[{"href":"https:\/\/www.europesays.com\/fr\/wp-json\/wp\/v2\/media?parent=588913"}],"wp:term":[{"taxonomy":"category","embeddable":true,"href":"https:\/\/www.europesays.com\/fr\/wp-json\/wp\/v2\/categories?post=588913"},{"taxonomy":"post_tag","embeddable":true,"href":"https:\/\/www.europesays.com\/fr\/wp-json\/wp\/v2\/tags?post=588913"}],"curies":[{"name":"wp","href":"https:\/\/api.w.org\/{rel}","templated":true}]}}