{"id":588915,"date":"2025-12-09T16:43:13","date_gmt":"2025-12-09T16:43:13","guid":{"rendered":"https:\/\/www.europesays.com\/fr\/588915\/"},"modified":"2025-12-09T16:43:13","modified_gmt":"2025-12-09T16:43:13","slug":"wta-mouratoglou-sceptique-sur-le-retour-de-serena-williams-sports","status":"publish","type":"post","link":"https:\/\/www.europesays.com\/fr\/588915\/","title":{"rendered":"WTA : Mouratoglou sceptique sur le retour de Serena Williams : Sports"},"content":{"rendered":"<p class=\"date\">\n                                                            Fabien Le Floc&rsquo;h, Media365 : publi\u00e9 le mardi 09 d\u00e9cembre 2025 \u00e0 14h40\n                                                    <\/p>\n<p>Patrick Mouratoglou ne sait pas encore si son ancienne joueuse Serena Williams serait capable de revenir au plus haut niveau en 2026.<\/p>\n<p>Il n&rsquo;est pas encore certain que Serena Williams ne fasse son grand retour sur le circuit WTA en 2026, puisque l&rsquo;Am\u00e9ricaine a elle-m\u00eame d\u00e9menti <a href=\"https:\/\/sports.orange.fr\/tennis\/wta\/article\/wta-serena-williams-de-retour-elle-dement-CNT000002lZCU3.html\" target=\"_blank\" rel=\"noopener\">les informations du journaliste am\u00e9ricain Ben Rothenberg<\/a>. Mais ce dernier a maintenu sa version des faits, arguant qu&rsquo;il n&rsquo;y \u00ab aucune raison pour qu&rsquo;une personne accepte de se soumettre \u00e0 des contr\u00f4les antidopage sans avoir l&rsquo;intention de reprendre la comp\u00e9tition. \u00bb<\/p>\n<p>\u00ab Un long chemin \u00e0 parcourir \u00bb<\/p>\n<p>En attendant de savoir si Serena Williams reprendra bien la comp\u00e9tition en 2026 \u00e0 l&rsquo;\u00e2ge de 44 ans, le monde du tennis oscille entre stup\u00e9faction et scepticisme depuis cette annonce, sans oublier les sp\u00e9culations concernant sa <a href=\"https:\/\/sports.orange.fr\/tennis\/article\/focus-quand-le-tennis-devient-une-histoire-de-famille-exclu-CNT000002lbyN5.html\" target=\"_blank\" rel=\"noopener\">participation avec sa s\u0153ur Venus<\/a> au nouveau tournoi de doubles de l&rsquo;US Open tant d\u00e9cri\u00e9. Son ancien entra\u00eeneur Patrick Mouratoglou estime en tout cas dans un entretien \u00e0 The Express qu&rsquo;elle ne reviendra que si elle estime \u00ab pouvoir rivaliser avec les meilleures \u00bb. Sinon, \u00ab elle ne le fera pas \u00bb.<\/p>\n<p>\u00ab\u202fC&rsquo;est peut\u2010\u00eatre quelque chose qui lui a travers\u00e9 l&rsquo;esprit parce qu&rsquo;elle est en super forme, comme tout le monde a pu le constater, a affirm\u00e9 l&rsquo;entra\u00eeneur de tennis fran\u00e7ais. Elle semble \u00eatre redevenue une athl\u00e8te de haut niveau apr\u00e8s avoir \u00e9t\u00e9 m\u00e8re. Alors peut\u2010\u00eatre que cela lui a travers\u00e9 l&rsquo;esprit, et peut\u2010\u00eatre qu&rsquo;elle s&rsquo;est ouvert cette opportunit\u00e9. Mais entre s&rsquo;ouvrir une opportunit\u00e9 et la concr\u00e9tiser, il y a, je pense, un long chemin \u00e0 parcourir, donc je suppose que nous saurons dans quelques mois si cela se produira. \u00bb<\/p>\n<p>\u00ab Pas grand\u2010chose qui lui soit impossible \u00bb<\/p>\n<p>Patrick Mouratoglou juge \u00ab difficile \u00bb pour lui de savoir si son ancienne prot\u00e9g\u00e9e pourra revenir au plus haut niveau. \u00ab Je pense que lorsque Serena veut quelque chose et qu&rsquo;elle s&rsquo;y consacre corps et \u00e2me, il n&rsquo;y a pas grand\u2010chose qui lui soit impossible, a-t-il affirm\u00e9. Je pense donc que si elle envisage un retour, elle ne le fera que si elle estime pouvoir rivaliser avec les meilleures, sinon elle ne le fera pas. Ce n&rsquo;est pas son \u00e9tat d&rsquo;esprit. Cela n&rsquo;a jamais \u00e9t\u00e9 son \u00e9tat d&rsquo;esprit.\u202f\u00bb<\/p>\n","protected":false},"excerpt":{"rendered":"Fabien Le Floc&rsquo;h, Media365 : publi\u00e9 le mardi 09 d\u00e9cembre 2025 \u00e0 14h40 Patrick Mouratoglou ne sait pas&hellip;\n","protected":false},"author":2,"featured_media":588916,"comment_status":"","ping_status":"","sticky":false,"template":"","format":"standard","meta":{"footnotes":""},"categories":[1415],"tags":[1011,27,60,1467],"class_list":{"0":"post-588915","1":"post","2":"type-post","3":"status-publish","4":"format-standard","5":"has-post-thumbnail","7":"category-tennis","8":"tag-fr","9":"tag-france","10":"tag-sports","11":"tag-tennis"},"share_on_mastodon":{"url":"https:\/\/pubeurope.com\/@fr\/115690615818161580","error":""},"_links":{"self":[{"href":"https:\/\/www.europesays.com\/fr\/wp-json\/wp\/v2\/posts\/588915","targetHints":{"allow":["GET"]}}],"collection":[{"href":"https:\/\/www.europesays.com\/fr\/wp-json\/wp\/v2\/posts"}],"about":[{"href":"https:\/\/www.europesays.com\/fr\/wp-json\/wp\/v2\/types\/post"}],"author":[{"embeddable":true,"href":"https:\/\/www.europesays.com\/fr\/wp-json\/wp\/v2\/users\/2"}],"replies":[{"embeddable":true,"href":"https:\/\/www.europesays.com\/fr\/wp-json\/wp\/v2\/comments?post=588915"}],"version-history":[{"count":0,"href":"https:\/\/www.europesays.com\/fr\/wp-json\/wp\/v2\/posts\/588915\/revisions"}],"wp:featuredmedia":[{"embeddable":true,"href":"https:\/\/www.europesays.com\/fr\/wp-json\/wp\/v2\/media\/588916"}],"wp:attachment":[{"href":"https:\/\/www.europesays.com\/fr\/wp-json\/wp\/v2\/media?parent=588915"}],"wp:term":[{"taxonomy":"category","embeddable":true,"href":"https:\/\/www.europesays.com\/fr\/wp-json\/wp\/v2\/categories?post=588915"},{"taxonomy":"post_tag","embeddable":true,"href":"https:\/\/www.europesays.com\/fr\/wp-json\/wp\/v2\/tags?post=588915"}],"curies":[{"name":"wp","href":"https:\/\/api.w.org\/{rel}","templated":true}]}}